{"id":10051,"date":"2022-05-24T12:20:06","date_gmt":"2022-05-24T15:20:06","guid":{"rendered":"https:\/\/www.fie.undef.edu.ar\/ceptm\/?p=10051"},"modified":"2022-05-24T12:20:06","modified_gmt":"2022-05-24T15:20:06","slug":"motos-electricas-ucranianas-en-el-combate-contra-las-fuerzas-de-invasion-de-rusia","status":"publish","type":"post","link":"https:\/\/www.fie.undef.edu.ar\/ceptm\/?p=10051","title":{"rendered":"Motos el\u00e9ctricas ucranianas en el combate contra las fuerzas de invasi\u00f3n de Rusia"},"content":{"rendered":"<p>Adem\u00e1s del empleo para el transporte o el trabajo, en Ucrania est\u00e1n usando las motos el\u00e9ctricas\u00a0 de producci\u00f3n de empresas de ese pa\u00eds, como medio para incrementar la movilidad y el efecto sorpresa de las peque\u00f1as fracciones. Su \u00faltimo empleo y quiz\u00e1s el m\u00e1s importante, es c\u00f3mo medio para movilizar de manera r\u00e1pida los equipos de armas antitanques port\u00e1tiles y de francotiradores, que montan emboscadas a las columnas de veh\u00edculos rusos en el combate contra las fuerzas de invasi\u00f3n.<\/p>\n<hr \/>\n<p id=\"paragraph_1\" data-mrf-recirculation=\"links-parrafos\">Las estrategias y recursos del ej\u00e9rcito ucraniano para hacer frente a la invasi\u00f3n rusa, pese a su evidente desventaja num\u00e9rica y de poder\u00edo militar, siguen sorprendiendo a propios y extra\u00f1os. Cuando se cumplen cerca de tres meses desde\u00a0<a href=\"https:\/\/www.elespanol.com\/mundo\/20220224\/vladimir-putin-ucrania-rusia-invasion-bombardeos-kiev\/652684735_0.html\" target=\"_blank\" rel=\"noopener\">el inicio de las hostilidades<\/a>, adem\u00e1s de solicitar ayuda a pa\u00edses como Espa\u00f1a,\u00a0el ej\u00e9rcito de Ucrania no ha dudado en\u00a0<a href=\"https:\/\/www.elespanol.com\/omicrono\/tecnologia\/20220510\/ingenio-ucrania-derribar-helicopteros-camionetas-fiat-lanzamisiles\/670433285_0.html\" target=\"_blank\" rel=\"noopener\">convertir camionetas en plataformas lanzamisiles<\/a>\u00a0o en aprovechar los\u00a0<a href=\"https:\/\/www.elespanol.com\/omicrono\/tecnologia\/20220504\/catastrofico-fallo-diseno-tanques-permite-decapitarlos-facilidad\/668683369_0.html\" target=\"_blank\" rel=\"noopener\">fallos de dise\u00f1o en tanques<\/a>\u00a0o\u00a0<a href=\"https:\/\/www.elespanol.com\/omicrono\/tecnologia\/20220517\/inexplicable-diseno-helicoptero-caiman-propio-estructura-fuselaje\/672183114_0.html\" target=\"_blank\" rel=\"noopener\">helic\u00f3pteros rusos<\/a>.\u00a0Ahora se ha desvelado otra de sus t\u00e1cticas:\u00a0<strong>utilizar motos el\u00e9ctricas para sus equipos de francotiradores<\/strong>.<\/p>\n<p id=\"paragraph_2\" data-mrf-recirculation=\"links-parrafos\">En los \u00faltimos a\u00f1os los veh\u00edculos el\u00e9ctricos, especialmente las motos, hab\u00edan despertado gran inter\u00e9s por parte de ej\u00e9rcitos de todo el mundo, incluidas las fuerzas especiales de EEUU, por sus\u00a0<strong>m\u00faltiples ventajas sobre el terreno frente a veh\u00edculos de combustibles f\u00f3siles<\/strong>, pero hasta ahora no se hab\u00edan empleado en un conflicto armado a esta escala.<\/p>\n<div class=\"article-media \">\n<div id=\"standard_1\" class=\"st-placement standard_1 inImage\">\n<div class=\"st-adunit st-reset st-show\">\n<div class=\"st-adunit-ad st-reset\">\n<div class=\"st-display-render st-reset\">\n<div class=\"st-reset\">\n<div class=\"important-styled st-canvas-container open BottomRightQuarter contextual-native fssquz2\">\n<div class=\"important-styled st-canvas-el fhxwyqa\">\n<div class=\"important-styled st-canvas-container undefined fssquz2\">\n<div class=\"important-styled st-canvas-el fjc0pjk\">\n<div class=\"important-styled st-canvas-container undefined fssquz2\">\n<div class=\"important-styled st-canvas-el fhxwyqa\">\n<div class=\"important-styled f1yaffzb\">\n<div class=\"important-styled display-render-wrapper f1yaffzb\"><iframe class=\"important-styled f1yaffzb\" title=\"seedtag_creative_32639336426\" name=\"seedtag_creative\" frameborder=\"0\" scrolling=\"no\" sandbox=\"allow-scripts allow-same-origin allow-popups allow-forms allow-top-navigation allow-top-navigation-by-user-activation allow-popups-to-escape-sandbox\" data-mce-fragment=\"1\"><\/iframe><\/div>\n<\/div>\n<\/div>\n<\/div>\n<\/div>\n<\/div>\n<\/div>\n<\/div>\n<\/div>\n<\/div>\n<\/div>\n<\/div>\n<\/div>\n<p><img loading=\"lazy\" src=\"https:\/\/s1.eestatic.com\/2022\/05\/13\/omicrono\/tecnologia\/672193604_224302076_1024x576.jpg\" sizes=\"100vw\" srcset=\"https:\/\/s1.eestatic.com\/2022\/05\/13\/omicrono\/tecnologia\/672193604_224302079_320x180.jpg 320w, https:\/\/s1.eestatic.com\/2022\/05\/13\/omicrono\/tecnologia\/672193604_224302078_640x360.jpg 640w, https:\/\/s1.eestatic.com\/2022\/05\/13\/omicrono\/tecnologia\/672193604_224302077_864x486.jpg 864w, https:\/\/s1.eestatic.com\/2022\/05\/13\/omicrono\/tecnologia\/672193604_224302076_1024x576.jpg 1024w, https:\/\/s1.eestatic.com\/2022\/05\/13\/omicrono\/tecnologia\/672193604_224302075_1706x960.jpg 1706w\" alt=\"Moto Eleek Atom Military\" width=\"320\" height=\"180\" data-imgm=\"true\" \/><\/p>\n<div class=\"article-media__caption\">\n<p><span class=\"article-media__caption-description\">Moto Eleek Atom Military<\/span>\u00a0<span class=\"article-media__caption-author\">Eleek<\/span>\u00a0<span class=\"article-media__caption-provider\">Omicrono<\/span><\/p>\n<\/div>\n<\/div>\n<header class=\"article-header\">\n<h3 class=\"article-header__kicker\"><a class=\"kicker--section\" href=\"https:\/\/www.elespanol.com\/omicrono\/tecnologia\/\">TECNOLOG\u00cdA<\/a><\/h3>\n<h1 class=\"article-header__heading article-header__heading--s3\">Atom Military, la \u00e1gil y silenciosa moto el\u00e9ctrica que los francotiradores de Ucrania usan contra Rusia<\/h1>\n<h2 class=\"article-header__subheading\">La empresa ucraniana Eleek est\u00e1 suministrando al ej\u00e9rcito varias unidades de Atom Military, una versi\u00f3n de su moto el\u00e9ctrica m\u00e1s r\u00e1pida y silenciosa.<\/h2>\n<p><span class=\"article-header__time article-header__time--zonan\"><span class=\"article-header__time-date article-header__time--zonan-date\">19 mayo, 2022<\/span>\u00a0<span class=\"article-header__time-hour\">03:18<\/span><button class=\"save-btn\" value=\"false\" data-status=\"off\">GUARDAR<\/button><\/span><\/header>\n<nav id=\"article-body__tags_672182974_0\" class=\"article-body__tags\" data-status=\"off\" data-action=\"toggle\" data-mrf-recirculation=\"tags-noticias\">\n<ol class=\"tags__list\">\n<li class=\"tags__list-item\">\u00a0<a href=\"https:\/\/www.elespanol.com\/temas\/armamento\/\">ARMAMENTO<\/a><\/li>\n<li class=\"tags__list-item\"><a href=\"https:\/\/www.elespanol.com\/espana\/\">ESPA\u00d1A<\/a><\/li>\n<li class=\"tags__list-item\"><a href=\"https:\/\/www.elespanol.com\/temas\/guerra_rusia_ucrania\/\">GUERRA RUSIA-UCRANIA<\/a><\/li>\n<li class=\"tags__list-item\"><a href=\"https:\/\/www.elespanol.com\/motor\/motos\/\">MOTOS<\/a><\/li>\n<li class=\"tags__list-item\"><a href=\"https:\/\/www.elespanol.com\/temas\/vehiculo_electrico\/\">VEH\u00cdCULO EL\u00c9CTRICO<\/a><\/li>\n<\/ol>\n<div id=\"tags_show\" class=\"tags__show\" data-target=\"article-body__tags_672182974_0\" data-type=\"toggler\" data-action=\"toggle\" data-status=\"on\"><\/div>\n<\/nav>\n<address class=\"article-body__address\"><span class=\"address__author\"><a href=\"https:\/\/www.elespanol.com\/autor\/ismael-marinero\/\">Ismael Marinero\u00a0<\/a><\/span><span class=\"address__twitter\">\u00a0<a href=\"https:\/\/twitter.com\/ismarmed\">@ismarmed<\/a><\/span><\/address>\n<div id=\"article-inline_top\" class=\"article-inline_top ESPNWS20220513_0199\"><\/div>\n<div id=\"article-body-content\" class=\"article-body__content\" data-action=\"toggle\" data-status=\"on\">\n<section class=\"rel-news\" data-mrf-recirculation=\"noticias-relacionadas-noticia\">\n<h4>Noticias relacionadas<\/h4>\n<ul class=\"rel-news__list\">\n<li class=\"list__item\">\u00a0<a class=\"item__link\" href=\"https:\/\/www.elespanol.com\/omicrono\/tecnologia\/20220416\/neptune-misil-ucraniano-escudos-rusia-lleva-guerra\/665433465_0.html\">As\u00ed es Neptune, el misil ucraniano que ha roto los escudos de Rusia y lleva la guerra a un nuevo nivel<\/a><\/li>\n<li class=\"list__item\">\u00a0<a class=\"item__link\" href=\"https:\/\/www.elespanol.com\/omicrono\/tecnologia\/20220513\/impactante-video-muestra-ucraniano-lanzando-granada-soldado\/671933145_0.html\">El impactante v\u00eddeo de un dron ucraniano lanzando una granada sobre un soldado ruso<\/a><\/li>\n<li class=\"list__item\">\u00a0<a class=\"item__link\" href=\"https:\/\/www.elespanol.com\/omicrono\/tecnologia\/20220511\/bohdana-joya-artilleria-ucrania-devastador-machaca-logistica\/670433386_0.html\">As\u00ed es Bohdana, la joya de la artiller\u00eda ucrania: un devastador ob\u00fas que machaca la log\u00edstica rusa<\/a><\/li>\n<\/ul>\n<\/section>\n<p id=\"paragraph_1\" data-mrf-recirculation=\"links-parrafos\">Las estrategias y recursos del ej\u00e9rcito ucraniano para hacer frente a la invasi\u00f3n rusa, pese a su evidente desventaja num\u00e9rica y de poder\u00edo militar, siguen sorprendiendo a propios y extra\u00f1os. Cuando se cumplen cerca de tres meses desde\u00a0<a href=\"https:\/\/www.elespanol.com\/mundo\/20220224\/vladimir-putin-ucrania-rusia-invasion-bombardeos-kiev\/652684735_0.html\">el inicio de las hostilidades<\/a>, adem\u00e1s de solicitar ayuda a pa\u00edses como Espa\u00f1a,\u00a0el ej\u00e9rcito de Ucrania no ha dudado en\u00a0<a href=\"https:\/\/www.elespanol.com\/omicrono\/tecnologia\/20220510\/ingenio-ucrania-derribar-helicopteros-camionetas-fiat-lanzamisiles\/670433285_0.html\">convertir camionetas en plataformas lanzamisiles<\/a>\u00a0o en aprovechar los\u00a0<a href=\"https:\/\/www.elespanol.com\/omicrono\/tecnologia\/20220504\/catastrofico-fallo-diseno-tanques-permite-decapitarlos-facilidad\/668683369_0.html\">fallos de dise\u00f1o en tanques<\/a>\u00a0o\u00a0<a href=\"https:\/\/www.elespanol.com\/omicrono\/tecnologia\/20220517\/inexplicable-diseno-helicoptero-caiman-propio-estructura-fuselaje\/672183114_0.html\">helic\u00f3pteros rusos<\/a>.\u00a0Ahora se ha desvelado otra de sus t\u00e1cticas:\u00a0<strong>utilizar motos el\u00e9ctricas para sus equipos de francotiradores<\/strong>.<\/p>\n<p id=\"paragraph_2\" data-mrf-recirculation=\"links-parrafos\">En los \u00faltimos a\u00f1os los veh\u00edculos el\u00e9ctricos, especialmente las motos, hab\u00edan despertado gran inter\u00e9s por parte de ej\u00e9rcitos de todo el mundo, incluidas las fuerzas especiales de EEUU, por sus\u00a0<strong>m\u00faltiples ventajas sobre el terreno frente a veh\u00edculos de combustibles f\u00f3siles<\/strong>, pero hasta ahora no se hab\u00edan empleado en un conflicto armado a esta escala.<\/p>\n<p id=\"paragraph_3\" data-mrf-recirculation=\"links-parrafos\">En este contexto resulta especialmente relevante la historia de los veh\u00edculos de la empresa ucraniana Eleek, que ha adaptado para uso militar su modelo Atom,\u00a0<strong>un h\u00edbrido entre bicicleta el\u00e9ctrica y moto de cross<\/strong>\u00a0que ahora est\u00e1 siendo utilizada por varios escuadrones de francotiradores ucranianos.<\/p>\n<p data-mrf-recirculation=\"links-parrafos\">Tras el inicio de la guerra, el propietario de la empresa entreg\u00f3 todos los veh\u00edculos que ten\u00eda a los militares para intentar contribuir en la medida de lo posible a la resistencia frente a la invasi\u00f3n rusa. Ahora, por encargo del ej\u00e9rcito, su f\u00e1brica ha empezado a producir\u00a0<strong>Atom Military, un modelo adaptado a las operaciones de combate del ej\u00e9rcito<\/strong>.<\/p>\n<figure id=\"attachment_10053\" aria-describedby=\"caption-attachment-10053\" style=\"width: 864px\" class=\"wp-caption aligncenter\"><a href=\"https:\/\/www.fie.undef.edu.ar\/ceptm\/wp-content\/uploads\/2022\/05\/672193603_224302048_864x486.webp\"><img loading=\"lazy\" class=\"size-full wp-image-10053\" src=\"https:\/\/www.fie.undef.edu.ar\/ceptm\/wp-content\/uploads\/2022\/05\/672193603_224302048_864x486.webp\" alt=\"\" width=\"864\" height=\"486\" srcset=\"https:\/\/www.fie.undef.edu.ar\/ceptm\/wp-content\/uploads\/2022\/05\/672193603_224302048_864x486.webp 864w, https:\/\/www.fie.undef.edu.ar\/ceptm\/wp-content\/uploads\/2022\/05\/672193603_224302048_864x486-300x169.webp 300w, https:\/\/www.fie.undef.edu.ar\/ceptm\/wp-content\/uploads\/2022\/05\/672193603_224302048_864x486-768x432.webp 768w\" sizes=\"(max-width: 864px) 100vw, 864px\" \/><\/a><figcaption id=\"caption-attachment-10053\" class=\"wp-caption-text\">Motos Eleek Atom Military Eleek Omicrono.<\/figcaption><\/figure>\n<p id=\"paragraph_5\" data-mrf-recirculation=\"links-parrafos\">Atom Military es ligera, ya que apenas llega a los 60 kg,\u00a0<strong>puede recorrer hasta 150 km con una carga de 5 horas<\/strong>\u00a0y es capaz de transportar hasta 150 kg Gracias al motor\u00a0el\u00e9ctrico chino QuanShun V3 205 3000 W 4T, Atom permite viajar sin generar apenas ruido a velocidades de hasta unos 90 kil\u00f3metros por hora. Tambi\u00e9n puede ser utilizada en &#8220;<a href=\"https:\/\/www.elespanol.com\/omicrono\/hardware\/20220212\/bicicleta-electrica-futurista-spain-diseno-sin-bloqueada\/648935346_0.html\" target=\"_blank\" rel=\"noopener\">modo de bicicleta<\/a>&#8221; si es necesario, para ahorrar bater\u00eda en caso de que est\u00e9 a punto de agotarse o para no quedarse en mitad del fuego cruzado si ya est\u00e1 agotada.<\/p>\n<p id=\"paragraph_6\" data-mrf-recirculation=\"links-parrafos\">Las motos incluyen un USB opcional para cargar todo tipo de dispositivos y una toma de corriente de 220 V, de modo que\u00a0<strong>no necesitan pesadas y voluminosas bater\u00edas adicionales<\/strong>\u00a0o enchufes especiales. &#8220;Ya han conseguido visitar algunos puntos calientes, ayudando a sus conductores a realizar con \u00e9xito sus tareas&#8221;, dice la empresa en su p\u00e1gina de Facebook sin aportar m\u00e1s detalles.<\/p>\n<p class=\"content__summary-title\"><strong>Francotiradores motorizados<\/strong><\/p>\n<p id=\"paragraph_7\" data-mrf-recirculation=\"links-parrafos\" data-gtm-vis-recent-on-screen-1664348_109=\"190689\" data-gtm-vis-first-on-screen-1664348_109=\"190689\" data-gtm-vis-total-visible-time-1664348_109=\"100\" data-gtm-vis-has-fired-1664348_109=\"1\">&#8220;Tenemos que llegar y marcharnos r\u00e1pido, as\u00ed que necesitamos motocicletas el\u00e9ctricas&#8221;, declar\u00f3\u00a0Mamuka Mamulashvili, veterano de las guerras de Abjasia, Chechenia y Tsjinvali que ejerce como comandante de la Legi\u00f3n Georgiana integrada en el ej\u00e9rcito ucraniano a\u00a0<a href=\"https:\/\/www.thedrive.com\/the-war-zone\/commander-in-ukraine-wants-quiet-electric-bikes-for-his-sniper-teams\" target=\"_blank\" rel=\"nofollow noopener\"><em>The War Zone.<\/em><\/a>\u00a0<strong>No hay ning\u00fan otro veh\u00edculo tan r\u00e1pido y silencioso<\/strong>\u00a0en el arsenal de Ucrania, as\u00ed que se ha convertido en un recurso vital, sobre todo para los francotiradores.<\/p>\n<p id=\"paragraph_8\" data-mrf-recirculation=\"links-parrafos\">Motos el\u00e9ctricas como Atom Military, a unos 4.200 euros la unidad, se han convertido en un complemento fundamental para el \u00e9xito de estos especialistas en acertar a sus objetivos desde largas distancias. Gracias a ellas pueden apostarse en un lugar para\u00a0<strong>disparar durante cinco o diez minutos y luego salir r\u00e1pidamente de ah\u00ed<\/strong>, antes de que los rusos dirijan los obuses de su artiller\u00eda sobre dicha posici\u00f3n.<\/p>\n<p id=\"paragraph_9\" data-mrf-recirculation=\"links-parrafos\">As\u00ed, los soldados equipados con estas ligeras motos todoterreno, con\u00a0<strong>suspensi\u00f3n, frenos y ruedas de cross<\/strong>, pueden llegar imperceptiblemente a zonas favorables para el ataque, incluso si est\u00e1n situadas cerca de las posiciones enemigas, y marcharse sin ser detectados.<\/p>\n<p class=\"content__summary-title\"><strong>Mensajer\u00eda<\/strong><\/p>\n<p id=\"paragraph_10\" data-mrf-recirculation=\"links-parrafos\">Los mandos ucranianos tambi\u00e9n utilizan este tipo de veh\u00edculos como\u00a0<strong>medio de comunicaci\u00f3n alternativo<\/strong>. Si los rusos consiguen cortar las rutas tradicionales de comunicaci\u00f3n en alg\u00fan lugar o utilizan\u00a0<a href=\"https:\/\/www.elespanol.com\/omicrono\/tecnologia\/20220324\/krasukha-sistema-aviones-satelites-ucrania-quitado-rusia\/659434092_0.html\" target=\"_blank\" rel=\"noopener\">sistemas de guerra electr\u00f3nica<\/a>\u00a0capaces de interceptar mensajes, los soldados pueden utilizar estas motos para mantener el contacto entre distintos batallones en el frente, una versi\u00f3n moderna de la haza\u00f1a que dio origen al marat\u00f3n.<\/p>\n<figure id=\"attachment_10054\" aria-describedby=\"caption-attachment-10054\" style=\"width: 864px\" class=\"wp-caption aligncenter\"><a href=\"https:\/\/www.fie.undef.edu.ar\/ceptm\/wp-content\/uploads\/2022\/05\/672193605_224302143_864x486.webp\"><img loading=\"lazy\" class=\"size-full wp-image-10054\" src=\"https:\/\/www.fie.undef.edu.ar\/ceptm\/wp-content\/uploads\/2022\/05\/672193605_224302143_864x486.webp\" alt=\"\" width=\"864\" height=\"486\" srcset=\"https:\/\/www.fie.undef.edu.ar\/ceptm\/wp-content\/uploads\/2022\/05\/672193605_224302143_864x486.webp 864w, https:\/\/www.fie.undef.edu.ar\/ceptm\/wp-content\/uploads\/2022\/05\/672193605_224302143_864x486-300x169.webp 300w, https:\/\/www.fie.undef.edu.ar\/ceptm\/wp-content\/uploads\/2022\/05\/672193605_224302143_864x486-768x432.webp 768w\" sizes=\"(max-width: 864px) 100vw, 864px\" \/><\/a><figcaption id=\"caption-attachment-10054\" class=\"wp-caption-text\">Moto Eleek Atom Military Eleek Omicrono.<\/figcaption><\/figure>\n<p id=\"paragraph_11\" data-mrf-recirculation=\"links-parrafos\">Adem\u00e1s, gracias al reducido tama\u00f1o del motor y el escaso calor que genera, los mensajeros pueden\u00a0<strong>pasar desapercibidos frente a la detecci\u00f3n por imagen t\u00e9rmica<\/strong>.\u00a0Es una ayuda inestimable para que los soldados motorizados puedan eludir la vigilancia de los drones rusos.<\/p>\n<p id=\"paragraph_12\" data-mrf-recirculation=\"links-parrafos\">Sus especificaciones t\u00e9cnicas tambi\u00e9n hacen de estas motos h\u00edbridas una buena alternativa para transportar peque\u00f1os cargamentos de material sin ser descubiertos por el enemigo, o\u00a0<strong>proporcionar un r\u00e1pido auxilio a los militares heridos<\/strong>\u00a0si son conducidas por m\u00e9dicos o enfermeros.<\/p>\n<p class=\"content__summary-title\"><strong>Tendencia mundial<\/strong><\/p>\n<p id=\"paragraph_13\" data-mrf-recirculation=\"links-parrafos\">El uso de motocicletas el\u00e9ctricas y e-bikes para uso militar es algo cada vez m\u00e1s habitual. Por ejemplo, las fuerzas armadas de Noruega empezaron a probar bicicletas el\u00e9ctricas con neum\u00e1ticos gruesos en\u00a0<strong>aplicaciones de vigilancia de fronteras<\/strong>\u00a0en 2018.<\/p>\n<p id=\"paragraph_14\" data-mrf-recirculation=\"links-parrafos\">Por su parte, las Fuerzas de Defensa de Nueva Zelanda empezaron a probar las bicicletas el\u00e9ctricas UBCO en 2020 para\u00a0<strong>patrullar zonas estrat\u00e9gicas<\/strong>, mientras los soldados australianos llevan un a\u00f1o probando las capacidades de las bicicletas el\u00e9ctricas Stealth.<\/p>\n<p id=\"paragraph_15\" data-mrf-recirculation=\"links-parrafos\">Adem\u00e1s de los equipos de operaciones especiales de EEUU, m\u00faltiples unidades de las fuerzas especiales de distintos pa\u00edses de Europa y Oriente Medio tambi\u00e9n est\u00e1n probando bicicletas el\u00e9ctricas de monta\u00f1a de alta potencia para comprobar su eficacia en distintos tipos de terreno.<\/p>\n<\/div>\n<p><strong>Fuente:<\/strong> <a href=\"https:\/\/www.elespanol.com\/omicrono\/tecnologia\/20220519\/atom-military-silenciosa-electrica-francotiradores-ucrania-rusia\/672182974_0.html\" target=\"_blank\" rel=\"noopener\"><em>https:\/\/www.elespanol.com<\/em><\/a><\/p>\n","protected":false},"excerpt":{"rendered":"<p>Adem\u00e1s del empleo para el transporte o el trabajo, en Ucrania est\u00e1n usando las motos el\u00e9ctricas\u00a0 de producci\u00f3n de empresas de ese pa\u00eds, como medio&hellip; <\/p>\n","protected":false},"author":1,"featured_media":10052,"comment_status":"closed","ping_status":"closed","sticky":false,"template":"","format":"standard","meta":[],"categories":[37],"tags":[],"_links":{"self":[{"href":"https:\/\/www.fie.undef.edu.ar\/ceptm\/index.php?rest_route=\/wp\/v2\/posts\/10051"}],"collection":[{"href":"https:\/\/www.fie.undef.edu.ar\/ceptm\/index.php?rest_route=\/wp\/v2\/posts"}],"about":[{"href":"https:\/\/www.fie.undef.edu.ar\/ceptm\/index.php?rest_route=\/wp\/v2\/types\/post"}],"author":[{"embeddable":true,"href":"https:\/\/www.fie.undef.edu.ar\/ceptm\/index.php?rest_route=\/wp\/v2\/users\/1"}],"replies":[{"embeddable":true,"href":"https:\/\/www.fie.undef.edu.ar\/ceptm\/index.php?rest_route=%2Fwp%2Fv2%2Fcomments&post=10051"}],"version-history":[{"count":1,"href":"https:\/\/www.fie.undef.edu.ar\/ceptm\/index.php?rest_route=\/wp\/v2\/posts\/10051\/revisions"}],"predecessor-version":[{"id":10055,"href":"https:\/\/www.fie.undef.edu.ar\/ceptm\/index.php?rest_route=\/wp\/v2\/posts\/10051\/revisions\/10055"}],"wp:featuredmedia":[{"embeddable":true,"href":"https:\/\/www.fie.undef.edu.ar\/ceptm\/index.php?rest_route=\/wp\/v2\/media\/10052"}],"wp:attachment":[{"href":"https:\/\/www.fie.undef.edu.ar\/ceptm\/index.php?rest_route=%2Fwp%2Fv2%2Fmedia&parent=10051"}],"wp:term":[{"taxonomy":"category","embeddable":true,"href":"https:\/\/www.fie.undef.edu.ar\/ceptm\/index.php?rest_route=%2Fwp%2Fv2%2Fcategories&post=10051"},{"taxonomy":"post_tag","embeddable":true,"href":"https:\/\/www.fie.undef.edu.ar\/ceptm\/index.php?rest_route=%2Fwp%2Fv2%2Ftags&post=10051"}],"curies":[{"name":"wp","href":"https:\/\/api.w.org\/{rel}","templated":true}]}}