{"id":11897,"date":"2023-02-28T10:56:07","date_gmt":"2023-02-28T13:56:07","guid":{"rendered":"https:\/\/www.fie.undef.edu.ar\/ceptm\/?p=11897"},"modified":"2023-02-28T10:56:07","modified_gmt":"2023-02-28T13:56:07","slug":"la-charla-de-un-veterano-argentino-y-un-soldado-ingles-que-emociono-a-estudiantes-britanicos","status":"publish","type":"post","link":"https:\/\/www.fie.undef.edu.ar\/ceptm\/?p=11897","title":{"rendered":"La charla de un veterano argentino y un soldado ingl\u00e9s que emocion\u00f3 a estudiantes brit\u00e1nicos"},"content":{"rendered":"<p>Julio Aro\u00a0combati\u00f3 a sus 19 a\u00f1os en Malvinas como soldado.\u00a0Geoffrey Cardozo\u00a0lleg\u00f3 a las islas el d\u00eda que la guerra hab\u00eda concluido: el Reino Unido enviaba al joven capit\u00e1n para que contuviera a los soldados ingleses despu\u00e9s de la batalla. El destino los cruz\u00f3 muchos a\u00f1os despu\u00e9s, en 2008, cuando una asociaci\u00f3n de veteranos ingleses invit\u00f3 al argentino, que buscaba ayudar a sus compa\u00f1eros con Stress Post Traum\u00e1tico, para compartir las secuelas que deja la guerra.<\/p>\n<hr \/>\n<p class=\"paragraph\"><b>Julio Aro <\/b>combati\u00f3 a sus 19 a\u00f1os en Malvinas como soldado. <b>Geoffrey Cardozo<\/b> lleg\u00f3 a la islas el d\u00eda que la guerra hab\u00eda concluido: el Reino Unido enviaba al joven capit\u00e1n para que contuviera a los soldados ingleses despu\u00e9s de la batalla. El destino los cruz\u00f3 muchos a\u00f1os despu\u00e9s, en 2008, cuando una asociaci\u00f3n de veteranos ingleses invit\u00f3 al argentino, que buscaba ayudar a sus compa\u00f1eros con Stress Post Traum\u00e1tico, para compartir las secuelas que deja la guerra. Cardozo hab\u00eda llegado a coronel y su buen espa\u00f1ol lo llev\u00f3 a ser traductor durante esas jornadas. All\u00ed supo la angustia que Aro llevaba sobre sus espaldas: cuando hab\u00eda regresado a las islas, muchos a\u00f1os despu\u00e9s del conflicto armado, hab\u00eda encontrado que en el cementerio de Darwin muchos de sus compa\u00f1eros no estaban identificados: 122 tumbas ten\u00edan una leyenda que dec\u00eda Soldado argentino solo conocido por Dios.<\/p>\n<p class=\"paragraph\">\u201cEnterr\u00e9 a mis amigos y no los encontr\u00e9\u201d, resumi\u00f3 el argentino. Cardozo no le dijo nunca hasta el d\u00eda de la despedida que \u00e9l hab\u00eda sido quien en 1982 fue encomendado por el gobierno ingl\u00e9s para recoger los cuerpos de los campos de batallas y darles digna y honorable sepultura. \u00c9l hab\u00eda creado el cementerio de Darwin, \u00e9l hab\u00eda colocado esas placas. Y antes del adi\u00f3s le entreg\u00f3 el documento que conten\u00eda todas las coordenadas de aquel minucioso trabajo.<\/p>\n<p class=\"paragraph\">Desde ese momento Aro comenz\u00f3 a trabajar por la identificaci\u00f3n de los ca\u00eddos, con el apoyo de Cardozo. As\u00ed lleg\u00f3 el Plan Proyecto Humanitario y la identificaci\u00f3n de 127 soldados argentinos.<\/p>\n<p class=\"paragraph\">A 40 a\u00f1os de la guerra, en Londres, se sentaron frente a un auditorio colmado de estudiantes del King\u00b4s College, organizado por la casa de altos estudios brit\u00e1nica, para contar el camino que recorrieron juntos.<\/p>\n<p class=\"paragraph\">\u201cHab\u00eda muchos j\u00f3venes que escucharon con los ojos llenos de l\u00e1grimas. Fue una experiencia maravillosa junto a ellos\u201d, le confi\u00f3 Aro a <b>Infobae<\/b>. \u201cHab\u00edan tenido tiempo de estudiar el conflicto, ten\u00edan un contexto contra el cual poner lo que Julio y yo les dijimos\u201d, ampli\u00f3 Cardozo.<\/p>\n<figure id=\"attachment_11899\" aria-describedby=\"caption-attachment-11899\" style=\"width: 758px\" class=\"wp-caption aligncenter\"><img loading=\"lazy\" class=\"size-full wp-image-11899\" src=\"https:\/\/www.fie.undef.edu.ar\/ceptm\/wp-content\/uploads\/2023\/02\/charlaMalvinas02.jpg\" alt=\"\" width=\"758\" height=\"422\" srcset=\"https:\/\/www.fie.undef.edu.ar\/ceptm\/wp-content\/uploads\/2023\/02\/charlaMalvinas02.jpg 758w, https:\/\/www.fie.undef.edu.ar\/ceptm\/wp-content\/uploads\/2023\/02\/charlaMalvinas02-300x167.jpg 300w\" sizes=\"(max-width: 758px) 100vw, 758px\" \/><figcaption id=\"caption-attachment-11899\" class=\"wp-caption-text\">En las placas de los soldados no identificados se coloc\u00f3 la frase &#8220;Soldado argentino solo conocido por Dios&#8221;, en referencia a una frase de Rudyard Kipling (Archivo DEF)<\/figcaption><\/figure>\n<p class=\"paragraph\"><b>La exposici\u00f3n<\/b><\/p>\n<p class=\"paragraph\">El encuentro se realiz\u00f3 en una universidad p\u00fablica de investigaci\u00f3n de Londre, que cuenta con un Departamento de Estudios de Guerra y que es una de las instituciones m\u00e1s antiguas de Inglaterra, por cuyas aulas pasaron estudiantes que m\u00e1s tarde se convirtieron en personalidades destacadas de la cultura, el arte, la pol\u00edtica y el deporte a nivel mundial.<\/p>\n<p class=\"paragraph\">All\u00ed se cont\u00f3 c\u00f3mo el oficial ingl\u00e9s <b>se encarg\u00f3 del armado del Cementerio de Darwin<\/b> y explicaron <b>la compleja operaci\u00f3n de buscar, recolectar e identificar <\/b>los cuerpos de los solados argentinos que hab\u00edan quedado en tumbas comunes o desparramados en los campos de batalla, \u201cantes de brindarles el mismo funeral digno con todos los honores militares dado a los soldados brit\u00e1nicos unos pocos meses antes\u201d, cont\u00f3 Cardozo.<\/p>\n<p class=\"paragraph\">\u201cLa historia es aleccionadora y ha hecho mucho para mantener los est\u00e1ndares \u00e9ticos que uno desear\u00eda pensar que son el sello distintivo de cualquier soldado; esencialmente su deber hacia sus antiguos colegas, su compasi\u00f3n hacia sus afligidas familias y la caballerosidad que muestra hacia su antiguo enemigo\u201d, dijeron en la Universidad.<\/p>\n<figure id=\"attachment_11900\" aria-describedby=\"caption-attachment-11900\" style=\"width: 766px\" class=\"wp-caption aligncenter\"><img loading=\"lazy\" class=\"size-full wp-image-11900\" src=\"https:\/\/www.fie.undef.edu.ar\/ceptm\/wp-content\/uploads\/2023\/02\/charlaMalvinas03.jpg\" alt=\"\" width=\"766\" height=\"422\" srcset=\"https:\/\/www.fie.undef.edu.ar\/ceptm\/wp-content\/uploads\/2023\/02\/charlaMalvinas03.jpg 766w, https:\/\/www.fie.undef.edu.ar\/ceptm\/wp-content\/uploads\/2023\/02\/charlaMalvinas03-300x165.jpg 300w\" sizes=\"(max-width: 766px) 100vw, 766px\" \/><figcaption id=\"caption-attachment-11900\" class=\"wp-caption-text\">Julio Aro y Geoffrey Cardozo conmovieron a todo el auditorio (School of Security Studies de King\u00b4s College London)<\/figcaption><\/figure>\n<p class=\"paragraph\">Luego explicaron c\u00f3mo fueron las negociaciones realizadas entre los gobiernos de Argentina y Gran Breta\u00f1a, los habitantes de las Islas Malvinas y el Comit\u00e9 Internacional de la Cruz Roja. \u201cCada una de las partes tuvo presente que se trataba de un acontecimiento humanitario y que era necesario concretarlo\u201d, definieron. Y <b>subrayaron la colaboraci\u00f3n de los isle\u00f1os <\/b>en todos los niveles y la importancia de la diplomacia y las declaraciones de derechos internacionales para que esta tarea fuera exitosa.<\/p>\n<p class=\"paragraph\">Adem\u00e1s, durante la conversaci\u00f3n con <b>Eleonora Natale<\/b>, profesora de Historia Internacional y promotora de esta disertaci\u00f3n, los soldados repasaron los acontecimientos que desde 1982 hasta hoy permitieron devolver la identidad de 127 ca\u00eddos argentinos y destacaron como \u201cfigura central\u201d de ese trabajo a las <b>Madres de Malvinas<\/b>.<\/p>\n<p class=\"paragraph\">Durante la charla, <b>Morris Tidball-Binz<\/b>, ex jefe de medicina forense del Comit\u00e9 Internacional de la Cruz Roja, explic\u00f3 c\u00f3mo esta iniciativa conjunta entre el Reino Unido y Argentina implic\u00f3 la<b> planificaci\u00f3n del dise\u00f1o y la implementaci\u00f3n de una operaci\u00f3n forense <\/b>utilizando los Convenios de Ginebra y el Protocolo de Minnesota, dos instrumentos clave en las normas de mejores pr\u00e1cticas forenses. Para Tidball-Binz, el proyecto exig\u00eda #requisitos excepcionales de garant\u00eda de calidad y control, por el trabajo a realizar\u201d.<\/p>\n<figure id=\"attachment_11901\" aria-describedby=\"caption-attachment-11901\" style=\"width: 748px\" class=\"wp-caption aligncenter\"><img loading=\"lazy\" class=\"size-full wp-image-11901\" src=\"https:\/\/www.fie.undef.edu.ar\/ceptm\/wp-content\/uploads\/2023\/02\/charlaMalvinas04.jpg\" alt=\"\" width=\"748\" height=\"562\" srcset=\"https:\/\/www.fie.undef.edu.ar\/ceptm\/wp-content\/uploads\/2023\/02\/charlaMalvinas04.jpg 748w, https:\/\/www.fie.undef.edu.ar\/ceptm\/wp-content\/uploads\/2023\/02\/charlaMalvinas04-300x225.jpg 300w\" sizes=\"(max-width: 748px) 100vw, 748px\" \/><figcaption id=\"caption-attachment-11901\" class=\"wp-caption-text\">Julio Aro junto a su familia.<\/figcaption><\/figure>\n<p class=\"paragraph\"><b>Los estudiantes y la emoci\u00f3n del hijo de un ca\u00eddo brit\u00e1nico<\/b><\/p>\n<p class=\"paragraph\">\u201cFue una experiencia \u00fanica, maravillosa. Era muy importante que la traductora sintiera lo que yo quer\u00eda decir, que lo viviera y se tom\u00f3 el trabajo previo de mirar algunas entrevistas que di, de hablarnos una hora antes para sentir mis emociones y sensaciones para poderlas expresar\u201d, le cont\u00f3 Aro a <b>Infobae <\/b>sobre sus vivencias durante \u201cSoldado conocido\u201d, la conferencia en la que junto a Cardozo intercambi\u00f3 preguntas y respuestas con los alumnos de todas las nacionalidades que estudian en King\u00b4s y otras universidades del Reino Unido. Fue tal el impacto para ellos que calificaron el evento como el \u201cm\u00e1s importante al que hab\u00edan asistido en a\u00f1os\u201d.<\/p>\n<p class=\"paragraph\">\u201cHubo un p\u00fablico muy joven y hubo muchos diplom\u00e1ticos. Hablamos solamente del amor al pr\u00f3jimo, de la empat\u00eda, del trabajo realizado para poder identificar a nuestros compa\u00f1eros, y hablamos del amor por esta causa. Repito: la int\u00e9rprete hizo muy bien su trabajo, m\u00e1s que bien, porque <b>al terminar todos estaban con los ojos llenos de l\u00e1grimas<\/b>\u201d, explic\u00f3 el veterano.<\/p>\n<p class=\"paragraph\">Geoffrey Cardozo destac\u00f3: \u201cLa KCL prepar\u00f3 a sus estudiantes con un curso en las semanas previas a la presentaci\u00f3n para que estuvieran informados sobre la historia del conflicto y pudieran asimilar mejor la presentaci\u00f3n y aprovecharla al m\u00e1ximo. Hubo algunas preguntas, pero la mayor\u00eda de ellas, las m\u00e1s \u00edntimas y escrutadoras, se hicieron durante la recepci\u00f3n informal que sigui\u00f3 a la presentaci\u00f3n\u201d.<\/p>\n<figure id=\"attachment_11902\" aria-describedby=\"caption-attachment-11902\" style=\"width: 756px\" class=\"wp-caption aligncenter\"><img loading=\"lazy\" class=\"size-full wp-image-11902\" src=\"https:\/\/www.fie.undef.edu.ar\/ceptm\/wp-content\/uploads\/2023\/02\/charlaMalvinas05.jpg\" alt=\"\" width=\"756\" height=\"418\" srcset=\"https:\/\/www.fie.undef.edu.ar\/ceptm\/wp-content\/uploads\/2023\/02\/charlaMalvinas05.jpg 756w, https:\/\/www.fie.undef.edu.ar\/ceptm\/wp-content\/uploads\/2023\/02\/charlaMalvinas05-300x166.jpg 300w\" sizes=\"(max-width: 756px) 100vw, 756px\" \/><figcaption id=\"caption-attachment-11902\" class=\"wp-caption-text\">La presentaci\u00f3n \u201cSoldado Conocido\u201d\/\u201cKnown Soldier\u201d estuvo a cargo de un argentino veterano del conflicto de 1982 y de un militar brit\u00e1nico (School of Security Studies de King\u00b4s College London)<\/figcaption><\/figure>\n<p class=\"paragraph\">\u201cHubo chicos que pidieron disculpas por ser argentinos y no saber de este trabajo, de este proceso. Todos estaban muy emocionados. Hubo uno que particularmente nos quebr\u00f3: hab\u00edan organizado una especie de brindis en una mesa lateral, y no pod\u00edamos llegar porque los chicos nos paraban para poder seguir hablando\u201d, agreg\u00f3 Aro.<\/p>\n<p class=\"paragraph\">Entre ellos, lleg\u00f3 un hombre joven que los conmovi\u00f3. \u201cEstaba con los ojos llenos de l\u00e1grimas y me dijo que \u00e9l <b>ten\u00eda 3 a\u00f1os cuando, en 1982, su padre muri\u00f3 en Malvinas<\/b>, que no quer\u00eda ser militar sino m\u00e9dico, pero fue y cay\u00f3 all\u00ed. Conoc\u00eda todo nuestro trabajo, nos ha seguido por a\u00f1os y solamente quer\u00eda felicitarnos&#8230; \u00a1Hablaba y no paraba de llorar! Lo \u00fanico que me sali\u00f3 fue abrazarlo\u201d.<\/p>\n<p class=\"paragraph\">Ese joven que lloraba era el maestro <b>Ben Lovett<\/b>, cuyo padre fue soldado en el Tercer Regimiento de Paracaidistas. Entre 2009 y 2013, junto a su familia vivi\u00f3 en las Islas, donde ense\u00f1\u00f3 historia en la escuela. \u201cEs importante reconstruir el pasado fragmentado y darle alg\u00fan sentido. El dolor y el sufrimiento de las familias de ambos lados es evidente incluso hoy en d\u00eda, y se ve cuando todos ellos visitan las islas y recuerdan a sus seres queridos\u201d, dijo Lovett.<\/p>\n<p class=\"paragraph\">Durante la exposici\u00f3n estuvieron presentes diplom\u00e1ticos de la canciller\u00eda brit\u00e1nica, funcionarios de varios ministerios, miembros del CICR del Reino Unido, el representante de las Islas Malvinas en el Reino Unido y organizaciones y profesionales argentinos con sede en Londres. Tambi\u00e9n estuvo el embajador argentino ante el Reino Unido e Irlanda,<b> Javier Figueroa<\/b>, y varias personas que hab\u00edan vivido y trabajado en las Islas Malvinas.<\/p>\n<p><strong>Fuente:<\/strong> <a href=\"https:\/\/www.infobae.com\/sociedad\/2023\/02\/25\/caidos-en-malvinas-la-charla-de-un-veterano-argentino-y-un-soldado-ingles-que-emociono-a-estudiantes-britanicos\/\" target=\"_blank\" rel=\"noopener\"><em>https:\/\/www.infobae.com<\/em><\/a><\/p>\n","protected":false},"excerpt":{"rendered":"<p>Julio Aro\u00a0combati\u00f3 a sus 19 a\u00f1os en Malvinas como soldado.\u00a0Geoffrey Cardozo\u00a0lleg\u00f3 a las islas el d\u00eda que la guerra hab\u00eda concluido: el Reino Unido enviaba&hellip; <\/p>\n","protected":false},"author":1,"featured_media":11898,"comment_status":"closed","ping_status":"closed","sticky":false,"template":"","format":"standard","meta":[],"categories":[36],"tags":[],"_links":{"self":[{"href":"https:\/\/www.fie.undef.edu.ar\/ceptm\/index.php?rest_route=\/wp\/v2\/posts\/11897"}],"collection":[{"href":"https:\/\/www.fie.undef.edu.ar\/ceptm\/index.php?rest_route=\/wp\/v2\/posts"}],"about":[{"href":"https:\/\/www.fie.undef.edu.ar\/ceptm\/index.php?rest_route=\/wp\/v2\/types\/post"}],"author":[{"embeddable":true,"href":"https:\/\/www.fie.undef.edu.ar\/ceptm\/index.php?rest_route=\/wp\/v2\/users\/1"}],"replies":[{"embeddable":true,"href":"https:\/\/www.fie.undef.edu.ar\/ceptm\/index.php?rest_route=%2Fwp%2Fv2%2Fcomments&post=11897"}],"version-history":[{"count":1,"href":"https:\/\/www.fie.undef.edu.ar\/ceptm\/index.php?rest_route=\/wp\/v2\/posts\/11897\/revisions"}],"predecessor-version":[{"id":11903,"href":"https:\/\/www.fie.undef.edu.ar\/ceptm\/index.php?rest_route=\/wp\/v2\/posts\/11897\/revisions\/11903"}],"wp:featuredmedia":[{"embeddable":true,"href":"https:\/\/www.fie.undef.edu.ar\/ceptm\/index.php?rest_route=\/wp\/v2\/media\/11898"}],"wp:attachment":[{"href":"https:\/\/www.fie.undef.edu.ar\/ceptm\/index.php?rest_route=%2Fwp%2Fv2%2Fmedia&parent=11897"}],"wp:term":[{"taxonomy":"category","embeddable":true,"href":"https:\/\/www.fie.undef.edu.ar\/ceptm\/index.php?rest_route=%2Fwp%2Fv2%2Fcategories&post=11897"},{"taxonomy":"post_tag","embeddable":true,"href":"https:\/\/www.fie.undef.edu.ar\/ceptm\/index.php?rest_route=%2Fwp%2Fv2%2Ftags&post=11897"}],"curies":[{"name":"wp","href":"https:\/\/api.w.org\/{rel}","templated":true}]}}