{"id":12735,"date":"2023-07-18T08:38:51","date_gmt":"2023-07-18T11:38:51","guid":{"rendered":"https:\/\/www.fie.undef.edu.ar\/ceptm\/?p=12735"},"modified":"2023-07-18T08:38:51","modified_gmt":"2023-07-18T11:38:51","slug":"europa-china-y-estados-unidos-se-sofocan-en-olas-de-calor-record","status":"publish","type":"post","link":"https:\/\/www.fie.undef.edu.ar\/ceptm\/?p=12735","title":{"rendered":"Europa, China y Estados Unidos se sofocan en olas de calor r\u00e9cord"},"content":{"rendered":"<p>El verano acaba de comenzar en el hemisferio norte, pero una ola de calor brutal ya se est\u00e1 apoderando de partes de Europa, China y Estados Unidos, donde se esperan temperaturas r\u00e9cord para este fin de semana, lo que ilustra claramente los peligros del calentamiento global. Europa, el continente que se calienta m\u00e1s r\u00e1pido del mundo, puede registrar r\u00e9cords de temperatura en las islas italianas de Sicilia y Cerde\u00f1a, donde la agencia espacial europea pronostica hasta 48 \u00baC.<\/p>\n<hr \/>\n<p data-t=\"{&quot;n&quot;:&quot;blueLinks&quot;}\">El verano acaba de comenzar en el hemisferio norte, pero una ola de calor brutal ya se est\u00e1 apoderando de partes de Europa, China y Estados Unidos, donde se esperan temperaturas r\u00e9cord para este fin de semana, lo que ilustra claramente los peligros del calentamiento global.<\/p>\n<p data-t=\"{&quot;n&quot;:&quot;blueLinks&quot;}\">Se han emitido avisos de calor extremo para m\u00e1s de 100 millones de estadounidenses, con el Servicio Meteorol\u00f3gico Nacional pronosticando condiciones particularmente peligrosas en Arizona, California, Nevada y Texas.<\/p>\n<p data-t=\"{&quot;n&quot;:&quot;blueLinks&quot;}\">Varios pa\u00edses europeos, incluidos Francia, Alemania, Italia, Espa\u00f1a y Polonia, tambi\u00e9n se est\u00e1n horneando en temperaturas abrasadoras.<\/p>\n<p data-t=\"{&quot;n&quot;:&quot;blueLinks&quot;}\">Grecia anunci\u00f3 el cierre de su principal atracci\u00f3n tur\u00edstica, la Acr\u00f3polis, durante las horas m\u00e1s calurosas del viernes, debido a que las temperaturas alcanzaron los 40 grados cent\u00edgrados en Atenas.<\/p>\n<p data-t=\"{&quot;n&quot;:&quot;blueLinks&quot;}\">El mercurio puede llegar a los 48 \u00b0C en las islas italianas de Sicilia y Cerde\u00f1a, a\u00f1adi\u00f3 la Agencia Espacial Europea, &#8220;potencialmente las temperaturas m\u00e1s altas jam\u00e1s registradas en Europa&#8221;.<\/p>\n<p data-t=\"{&quot;n&quot;:&quot;blueLinks&quot;}\">El tiempo en el norte de \u00c1frica tambi\u00e9n est\u00e1 siendo sofocante y el servicio meteorol\u00f3gico de Marruecos emiti\u00f3 una alerta roja de calor extremo para las partes del sur del pa\u00eds.<\/p>\n<p class=\"continue-read-break\" data-t=\"{&quot;n&quot;:&quot;blueLinks&quot;}\">Algunas regiones de China, incluida la capital, Beijing, est\u00e1n experimentando temperaturas elevadas y una importante compa\u00f1\u00eda el\u00e9ctrica china asegur\u00f3 que su generaci\u00f3n de energ\u00eda en un solo d\u00eda alcanz\u00f3 un r\u00e9cord el lunes.<\/p>\n<p class=\"\" tabindex=\"-1\" data-t=\"{&quot;n&quot;:&quot;blueLinks&quot;}\" aria-expanded=\"true\">Tambi\u00e9n se espera que partes del este de Jap\u00f3n registren cifras de 38 a 39 \u00b0C el domingo y el lunes, y la agencia meteorol\u00f3gica de ese pa\u00eds advierte que las temperaturas podr\u00edan superar r\u00e9cords anteriores.<\/p>\n<p class=\"\" tabindex=\"-1\" data-t=\"{&quot;n&quot;:&quot;blueLinks&quot;}\" aria-expanded=\"true\">El mes pasado ya fue el junio m\u00e1s caluroso registrado, seg\u00fan la agencia espacial estadounidense NASA y el Servicio de Cambio Clim\u00e1tico Cop\u00e9rnico de la Uni\u00f3n Europea.<\/p>\n<p class=\"\" tabindex=\"-1\" data-t=\"{&quot;n&quot;:&quot;blueLinks&quot;}\" aria-expanded=\"true\">El extremo resultante de un clima m\u00e1s c\u00e1lido &#8220;desafortunadamente se est\u00e1 convirtiendo en la nueva normalidad&#8221;, advirti\u00f3 el secretario general Petteri Taalas de la Organizaci\u00f3n Meteorol\u00f3gica Mundial (OMM).<\/p>\n<p class=\"\" tabindex=\"-1\" data-t=\"{&quot;n&quot;:&quot;blueLinks&quot;}\" aria-expanded=\"true\">El calor excesivo es uno de los eventos meteorol\u00f3gicos m\u00e1s mort\u00edferos, seg\u00fan la OMM. Un estudio reciente estima que m\u00e1s de 61.000 personas murieron a causa del calor durante el verano r\u00e9cord en Europa el a\u00f1o pasado.<\/p>\n<p class=\"article-sub-heading\" tabindex=\"-1\" data-reset-char-count=\"true\" aria-expanded=\"true\"><strong>El fen\u00f3meno de El Ni\u00f1o contribuye a la ola de calor extremo<\/strong><\/p>\n<p class=\"article-sub-heading\" tabindex=\"-1\" data-reset-char-count=\"true\" aria-expanded=\"true\">Un factor que contribuye a las temperaturas m\u00e1s altas este a\u00f1o puede ser el patr\u00f3n clim\u00e1tico conocido como El Ni\u00f1o.<\/p>\n<p class=\"\" tabindex=\"-1\" data-t=\"{&quot;n&quot;:&quot;blueLinks&quot;}\" aria-expanded=\"true\">Los eventos de El Ni\u00f1o, que ocurren cada dos a siete a\u00f1os, est\u00e1n marcados por temperaturas de la superficie del mar m\u00e1s c\u00e1lidas que el promedio en el Pac\u00edfico central y oriental cerca del ecuador, y duran entre nueve y doce meses.<\/p>\n<p class=\"\" tabindex=\"-1\" data-t=\"{&quot;n&quot;:&quot;blueLinks&quot;}\" aria-expanded=\"true\">Am\u00e9rica del Norte ya ha visto una serie de eventos meteorol\u00f3gicos extremos este verano, con el humo de los incendios forestales que contin\u00faan ardiendo fuera de control en Canad\u00e1 causando una contaminaci\u00f3n del aire extraordinaria en gran parte de Estados Unidos.<\/p>\n<p class=\"\" tabindex=\"-1\" data-t=\"{&quot;n&quot;:&quot;blueLinks&quot;}\" aria-expanded=\"true\">El noreste de EE. UU., particularmente Vermont, tambi\u00e9n ha sido azotado recientemente por lluvias torrenciales que han causado inundaciones devastadoras.<\/p>\n<p class=\"\" tabindex=\"-1\" data-t=\"{&quot;n&quot;:&quot;blueLinks&quot;}\" aria-expanded=\"true\">Seg\u00fan los cient\u00edficos del clima, el calentamiento global puede causar lluvias m\u00e1s intensas y frecuentes.<\/p>\n<p class=\"\" tabindex=\"-1\" data-t=\"{&quot;n&quot;:&quot;blueLinks&quot;}\" aria-expanded=\"true\">Mientras tanto, los residentes de gran parte del sur de los Estados Unidos han estado experimentando altas temperaturas implacables durante semanas.<\/p>\n<p class=\"\" tabindex=\"-1\" data-t=\"{&quot;n&quot;:&quot;blueLinks&quot;}\" aria-expanded=\"true\">Daniel Swain, cient\u00edfico clim\u00e1tico de la Universidad de Los \u00c1ngeles (California), sostuvo que la temperatura en el Valle de la Muerte podr\u00eda igualar o superar el r\u00e9cord de la temperatura del aire m\u00e1s caliente jam\u00e1s medida de manera confiable en la Tierra.<\/p>\n<p class=\"\" tabindex=\"-1\" data-t=\"{&quot;n&quot;:&quot;blueLinks&quot;}\" aria-expanded=\"true\">El registro oficial de la OMM es de 56,7 \u00b0C, detectado en el Valle de la Muerte, en el desierto del sur de California. Pero eso se midi\u00f3 en 1913 y Swain mantiene la cifra de 54,4 \u00b0C entre 2020 y 2021.<\/p>\n<p class=\"article-sub-heading\" tabindex=\"-1\" data-reset-char-count=\"true\" aria-expanded=\"true\"><strong>&#8216;Excepcionalmente alto&#8217;<\/strong><\/p>\n<p class=\"\" tabindex=\"-1\" data-t=\"{&quot;n&quot;:&quot;blueLinks&quot;}\" aria-expanded=\"true\">Los oc\u00e9anos tampoco se han librado del c\u00e1lido comienzo del verano. Las temperaturas del agua frente a la costa sur de Florida han superado los 32 \u00b0 C, seg\u00fan la Administraci\u00f3n Nacional Oce\u00e1nica y Atmosf\u00e9rica.<\/p>\n<p class=\"\" tabindex=\"-1\" data-t=\"{&quot;n&quot;:&quot;blueLinks&quot;}\" aria-expanded=\"true\">En cuanto al Mediterr\u00e1neo, las temperaturas superficiales ser\u00e1n &#8220;excepcionalmente altas&#8221; en los pr\u00f3ximos d\u00edas y semanas, advirti\u00f3 la OMM, superando los 30 \u00b0C en algunas partes, varios grados por encima del promedio.<\/p>\n<p class=\"\" tabindex=\"-1\" data-t=\"{&quot;n&quot;:&quot;blueLinks&quot;}\" aria-expanded=\"true\">El aumento de la temperatura del oc\u00e9ano puede tener consecuencias devastadoras para la vida acu\u00e1tica tanto en t\u00e9rminos de supervivencia como de migraci\u00f3n y tambi\u00e9n puede afectar negativamente a la industria pesquera.<\/p>\n<p class=\"\" tabindex=\"-1\" data-t=\"{&quot;n&quot;:&quot;blueLinks&quot;}\" aria-expanded=\"true\">En el otro extremo del planeta, el hielo marino ant\u00e1rtico alcanz\u00f3 su nivel m\u00e1s bajo registrado en el mes de junio.<\/p>\n<p class=\"\" tabindex=\"-1\" data-t=\"{&quot;n&quot;:&quot;blueLinks&quot;}\" aria-expanded=\"true\">El mundo se ha calentado un promedio de casi 1,2 \u00b0C desde mediados del siglo XIX, desencadenando olas de calor m\u00e1s intensas, sequ\u00edas m\u00e1s severas en algunas \u00e1reas y tormentas m\u00e1s feroces por el aumento del nivel del mar.<\/p>\n<p class=\"\" tabindex=\"-1\" data-t=\"{&quot;n&quot;:&quot;blueLinks&quot;}\" aria-expanded=\"true\">Taalas, de la OMM, explic\u00f3 que la ola de calor actual &#8220;subraya la creciente urgencia de reducir las emisiones de gases de efecto invernadero de la manera m\u00e1s r\u00e1pida y profunda posible&#8221;.<\/p>\n<p><strong>Fuente:<\/strong> <a href=\"https:\/\/www.msn.com\/es-xl\/noticias\/other\/europa-china-y-estados-unidos-se-sofocan-en-olas-de-calor-r%C3%A9cord\/ar-AA1dS3ks\" target=\"_blank\" rel=\"noopener\"><em>https:\/\/www.msn.com<\/em><\/a><\/p>\n","protected":false},"excerpt":{"rendered":"<p>El verano acaba de comenzar en el hemisferio norte, pero una ola de calor brutal ya se est\u00e1 apoderando de partes de Europa, China y&hellip; <\/p>\n","protected":false},"author":1,"featured_media":12736,"comment_status":"closed","ping_status":"closed","sticky":false,"template":"","format":"standard","meta":[],"categories":[36],"tags":[],"_links":{"self":[{"href":"https:\/\/www.fie.undef.edu.ar\/ceptm\/index.php?rest_route=\/wp\/v2\/posts\/12735"}],"collection":[{"href":"https:\/\/www.fie.undef.edu.ar\/ceptm\/index.php?rest_route=\/wp\/v2\/posts"}],"about":[{"href":"https:\/\/www.fie.undef.edu.ar\/ceptm\/index.php?rest_route=\/wp\/v2\/types\/post"}],"author":[{"embeddable":true,"href":"https:\/\/www.fie.undef.edu.ar\/ceptm\/index.php?rest_route=\/wp\/v2\/users\/1"}],"replies":[{"embeddable":true,"href":"https:\/\/www.fie.undef.edu.ar\/ceptm\/index.php?rest_route=%2Fwp%2Fv2%2Fcomments&post=12735"}],"version-history":[{"count":1,"href":"https:\/\/www.fie.undef.edu.ar\/ceptm\/index.php?rest_route=\/wp\/v2\/posts\/12735\/revisions"}],"predecessor-version":[{"id":12737,"href":"https:\/\/www.fie.undef.edu.ar\/ceptm\/index.php?rest_route=\/wp\/v2\/posts\/12735\/revisions\/12737"}],"wp:featuredmedia":[{"embeddable":true,"href":"https:\/\/www.fie.undef.edu.ar\/ceptm\/index.php?rest_route=\/wp\/v2\/media\/12736"}],"wp:attachment":[{"href":"https:\/\/www.fie.undef.edu.ar\/ceptm\/index.php?rest_route=%2Fwp%2Fv2%2Fmedia&parent=12735"}],"wp:term":[{"taxonomy":"category","embeddable":true,"href":"https:\/\/www.fie.undef.edu.ar\/ceptm\/index.php?rest_route=%2Fwp%2Fv2%2Fcategories&post=12735"},{"taxonomy":"post_tag","embeddable":true,"href":"https:\/\/www.fie.undef.edu.ar\/ceptm\/index.php?rest_route=%2Fwp%2Fv2%2Ftags&post=12735"}],"curies":[{"name":"wp","href":"https:\/\/api.w.org\/{rel}","templated":true}]}}