{"id":13090,"date":"2023-09-07T09:10:59","date_gmt":"2023-09-07T12:10:59","guid":{"rendered":"https:\/\/www.fie.undef.edu.ar\/ceptm\/?p=13090"},"modified":"2023-09-07T09:10:59","modified_gmt":"2023-09-07T12:10:59","slug":"el-secretario-general-de-onu-llama-a-hacer-de-africa-una-superpotencia-de-las-energias-renovables","status":"publish","type":"post","link":"https:\/\/www.fie.undef.edu.ar\/ceptm\/?p=13090","title":{"rendered":"El Secretario General de ONU llama a hacer de \u00c1frica una superpotencia de las energ\u00edas renovables"},"content":{"rendered":"<p>\u201cEn medio del &#8220;caos clim\u00e1tico&#8221;, el Sec Grl de ONU Antonio Guterres, dijo que todav\u00eda era posible evitar lo peor, &#8220;pero s\u00f3lo con un salto cu\u00e1ntico en la acci\u00f3n clim\u00e1tica&#8221;. Afirm\u00f3 que es necesaria una ambici\u00f3n clim\u00e1tica mucho mayor por parte de todos los pa\u00edses, encabezados por los mayores emisores, en l\u00ednea con su Pacto de Solidaridad Clim\u00e1tica y su Agenda de Aceleraci\u00f3n. Hizo un llamamiento a las econom\u00edas avanzadas del G20, reunidas esta semana en Delhi, para que asuman su responsabilidad y se comprometan a alcanzar las cero emisiones netas lo m\u00e1s cerca posible de 2040. En segundo lugar, pidi\u00f3 &#8220;justicia clim\u00e1tica&#8221; para alcanzar los objetivos con respecto a energ\u00edas renovables y asequibles, particularmente en \u00c1frica. Esto significa hacer operativo el fondo acordado para p\u00e9rdidas y da\u00f1os, sistemas universales de alerta temprana y una &#8220;correcci\u00f3n del rumbo del sistema financiero mundial&#8221;.<\/p>\n<hr \/>\n<p>El\u00a0<a href=\"https:\/\/www.un.org\/sg\/es\" target=\"_blank\" rel=\"noopener\">Secretario General<\/a>, Ant\u00f3nio Guterres, se dirigi\u00f3 este martes a\u00a0<a href=\"https:\/\/africaclimatesummit.org\/\" target=\"_blank\" rel=\"noopener noreferrer\">la Cumbre Africana sobre el Clima<\/a>, que se celebra en Nairobi (Kenia), y se\u00f1al\u00f3 que, a pesar del &#8220;calor extremo, las feroces inundaciones y las decenas de miles de muertos por sequ\u00edas devastadoras&#8221;, el continente era responsable de menos del 4% de las emisiones.<\/p>\n<p>&#8220;El golpe infligido al desarrollo se evidencia en todas partes con hambre y desplazamientos crecientes&#8221;, afirm\u00f3.<\/p>\n<p><strong>Salto cu\u00e1ntico<\/strong><\/p>\n<p>Sin embargo, en medio del &#8220;caos clim\u00e1tico&#8221;, dijo que todav\u00eda era posible evitar lo peor, &#8220;pero s\u00f3lo con\u00a0<strong>un salto cu\u00e1ntico en la acci\u00f3n clim\u00e1tica<\/strong>&#8220;.<\/p>\n<p>Afirm\u00f3 que es necesaria una ambici\u00f3n clim\u00e1tica mucho mayor por parte de todos los pa\u00edses, encabezados por los mayores emisores, en l\u00ednea con su Pacto de Solidaridad Clim\u00e1tica y su Agenda de Aceleraci\u00f3n.<\/p>\n<p>Hizo un llamamiento a las econom\u00edas avanzadas del G20, reunidas esta semana en Delhi, para que asuman su responsabilidad y se comprometan a alcanzar\u00a0<a href=\"https:\/\/www.un.org\/es\/climatechange\/net-zero-coalition#:~:text=Dicho%20de%20forma%20sencilla%2C%20el,el%20oc%C3%A9ano%20y%20los%20bosques.\" target=\"_blank\" rel=\"noopener\">las cero emisiones netas<\/a>* lo m\u00e1s cerca posible de 2040.<\/p>\n<p>En segundo lugar, pidi\u00f3 &#8220;justicia clim\u00e1tica&#8221; para alcanzar los objetivos con respecto a energ\u00edas renovables y asequibles, particularmente en \u00c1frica. Esto significa hacer operativo el fondo acordado para p\u00e9rdidas y da\u00f1os, sistemas universales de alerta temprana y una &#8220;<strong>correcci\u00f3n del rumbo del sistema financiero mundial<\/strong>&#8220;.<\/p>\n<figure id=\"attachment_13092\" aria-describedby=\"caption-attachment-13092\" style=\"width: 1170px\" class=\"wp-caption aligncenter\"><img loading=\"lazy\" class=\"size-full wp-image-13092\" src=\"https:\/\/www.fie.undef.edu.ar\/ceptm\/wp-content\/uploads\/2023\/09\/image1170x530cropped-1.jpg\" alt=\"\" width=\"1170\" height=\"530\" srcset=\"https:\/\/www.fie.undef.edu.ar\/ceptm\/wp-content\/uploads\/2023\/09\/image1170x530cropped-1.jpg 1170w, https:\/\/www.fie.undef.edu.ar\/ceptm\/wp-content\/uploads\/2023\/09\/image1170x530cropped-1-300x136.jpg 300w, https:\/\/www.fie.undef.edu.ar\/ceptm\/wp-content\/uploads\/2023\/09\/image1170x530cropped-1-1024x464.jpg 1024w, https:\/\/www.fie.undef.edu.ar\/ceptm\/wp-content\/uploads\/2023\/09\/image1170x530cropped-1-768x348.jpg 768w\" sizes=\"(max-width: 1170px) 100vw, 1170px\" \/><figcaption id=\"caption-attachment-13092\" class=\"wp-caption-text\">\u00a9 UNDP\/Freya Morales La aldea de Chami, en Mauritania, cuenta con una central solar para iluminar la calle principal y un parque e\u00f3lico para suministrar electricidad a los residentes y a las crecientes empresas de ecoturismo.<\/figcaption><\/figure>\n<p><strong>L\u00edder mundial en energ\u00edas renovables<\/strong><\/p>\n<p>En tercer lugar, \u00c1frica es rica en energ\u00edas renovables sin explotar, con el potencial para convertirse en el l\u00edder mundial en recursos renovables y &#8220;crecimiento verde&#8221;.<\/p>\n<p><strong>Tiene casi un tercio de las reservas minerales del mundo para energ\u00eda solar, veh\u00edculos el\u00e9ctricos y almacenamiento de bater\u00edas<\/strong>.<\/p>\n<p>&#8220;Para beneficiar realmente a todos los africanos, la producci\u00f3n y el comercio de estos minerales cr\u00edticos deben ser sostenibles, transparentes y justos en todos los eslabones de la cadena de suministro&#8221;, afirm\u00f3.<\/p>\n<p>El m\u00e1ximo responsable de la ONU se refiri\u00f3 a\u00a0<strong>la regi\u00f3n del Cuerno de \u00c1frica, donde m\u00e1s del 85% de la electricidad procede de fuentes renovables<\/strong>. Mozambique obtiene casi toda su energ\u00eda de recursos verdes y sostenibles.<\/p>\n<p>Y los proyectos e\u00f3licos y solares ya est\u00e1n ayudando a abastecer de energ\u00eda a Egipto, Argelia, T\u00fanez, Marruecos y Sud\u00e1n del Sur.<\/p>\n<p>Pidi\u00f3 un esfuerzo colectivo para crear &#8220;una verdadera&#8221; Alianza Africana de Energ\u00edas Renovables.<\/p>\n<p><strong>Milagro africano<\/strong><\/p>\n<p>&#8220;La energ\u00eda renovable podr\u00eda ser el milagro africano, pero debemos hacerlo realidad. Debemos trabajar todos juntos para que \u00c1frica se convierta en una superpotencia de las energ\u00edas renovables&#8221;.<\/p>\n<p>En esta conferencia de l\u00edderes africanos y partes interesadas organizada por Kenia y la Comisi\u00f3n de la Uni\u00f3n Africana, Guterres dijo que estaba convencido de que el continente &#8220;puede estar en el coraz\u00f3n de un futuro renovable&#8221;.<\/p>\n<p>Dijo que ha llegado el momento de que todas las naciones &#8220;se unan en defensa de nuestro \u00fanico hogar.\u00a0<strong>Hagamos realidad la justicia clim\u00e1tica que los africanos, el mundo y el planeta<\/strong>\u00a0que compartimos exigen y merecen&#8221;.<\/p>\n<p>En una rueda de prensa celebrada en Nairobi tras su discurso, el Secretario General afirm\u00f3 que era tiempo de poner fin a las injusticias que frenan al continente. Se comprometi\u00f3 a colaborar estrechamente con los l\u00edderes africanos y organizaciones como la Uni\u00f3n Africana, para acelerar el progreso.<\/p>\n<p>*E<em>l &#8220;cero neto&#8221; indica recortar las emisiones de gases de efecto invernadero hasta dejarlas lo m\u00e1s cerca posible de emisiones nulas.<\/em><\/p>\n<p><strong>Fuente:<\/strong> <a href=\"https:\/\/news.un.org\/es\/story\/2023\/09\/1523812?utm_source=Noticias+ONU+-+Bolet%C3%ADn&amp;utm_campaign=1b8ec5c1c7-EMAIL_CAMPAIGN_2023_09_06_12_05&amp;utm_medium=email&amp;utm_term=0_e7f6cb3d3c-1b8ec5c1c7-%5BLIST_EMAIL_ID%5D\" target=\"_blank\" rel=\"noopener\"><em>https:\/\/news.un.org<\/em><\/a><\/p>\n","protected":false},"excerpt":{"rendered":"<p>\u201cEn medio del &#8220;caos clim\u00e1tico&#8221;, el Sec Grl de ONU Antonio Guterres, dijo que todav\u00eda era posible evitar lo peor, &#8220;pero s\u00f3lo con un salto&hellip; <\/p>\n","protected":false},"author":1,"featured_media":13091,"comment_status":"closed","ping_status":"closed","sticky":false,"template":"","format":"standard","meta":[],"categories":[35],"tags":[],"_links":{"self":[{"href":"https:\/\/www.fie.undef.edu.ar\/ceptm\/index.php?rest_route=\/wp\/v2\/posts\/13090"}],"collection":[{"href":"https:\/\/www.fie.undef.edu.ar\/ceptm\/index.php?rest_route=\/wp\/v2\/posts"}],"about":[{"href":"https:\/\/www.fie.undef.edu.ar\/ceptm\/index.php?rest_route=\/wp\/v2\/types\/post"}],"author":[{"embeddable":true,"href":"https:\/\/www.fie.undef.edu.ar\/ceptm\/index.php?rest_route=\/wp\/v2\/users\/1"}],"replies":[{"embeddable":true,"href":"https:\/\/www.fie.undef.edu.ar\/ceptm\/index.php?rest_route=%2Fwp%2Fv2%2Fcomments&post=13090"}],"version-history":[{"count":1,"href":"https:\/\/www.fie.undef.edu.ar\/ceptm\/index.php?rest_route=\/wp\/v2\/posts\/13090\/revisions"}],"predecessor-version":[{"id":13093,"href":"https:\/\/www.fie.undef.edu.ar\/ceptm\/index.php?rest_route=\/wp\/v2\/posts\/13090\/revisions\/13093"}],"wp:featuredmedia":[{"embeddable":true,"href":"https:\/\/www.fie.undef.edu.ar\/ceptm\/index.php?rest_route=\/wp\/v2\/media\/13091"}],"wp:attachment":[{"href":"https:\/\/www.fie.undef.edu.ar\/ceptm\/index.php?rest_route=%2Fwp%2Fv2%2Fmedia&parent=13090"}],"wp:term":[{"taxonomy":"category","embeddable":true,"href":"https:\/\/www.fie.undef.edu.ar\/ceptm\/index.php?rest_route=%2Fwp%2Fv2%2Fcategories&post=13090"},{"taxonomy":"post_tag","embeddable":true,"href":"https:\/\/www.fie.undef.edu.ar\/ceptm\/index.php?rest_route=%2Fwp%2Fv2%2Ftags&post=13090"}],"curies":[{"name":"wp","href":"https:\/\/api.w.org\/{rel}","templated":true}]}}