{"id":13249,"date":"2023-10-09T10:42:11","date_gmt":"2023-10-09T13:42:11","guid":{"rendered":"https:\/\/www.fie.undef.edu.ar\/ceptm\/?p=13249"},"modified":"2023-10-09T10:42:11","modified_gmt":"2023-10-09T13:42:11","slug":"un-clima-inclemente-desplazara-a-casi-100-millones-de-ninos-de-sus-hogares","status":"publish","type":"post","link":"https:\/\/www.fie.undef.edu.ar\/ceptm\/?p=13249","title":{"rendered":"Un clima inclemente desplazar\u00e1 a casi 100 millones de ni\u00f1os de sus hogares"},"content":{"rendered":"<p>El Fondo de las Naciones Unidas para la Infancia (UNICEF) inform\u00f3 este viernes que los desastres relacionados con el clima han arrancado de sus casas a 43,1 millones de ni\u00f1os en 44 pa\u00edses durante un periodo de seis a\u00f1os. La agencia se\u00f1al\u00f3 que Ni\u00f1os desplazados en un clima cambiante es el primer an\u00e1lisis mundial del n\u00famero de menores expulsados de sus hogares entre 2016 y 2021 debido a inundaciones, tormentas, sequ\u00edas e incendios forestales. Adem\u00e1s, el documento examina las proyecciones para los pr\u00f3ximos 30 a\u00f1os.<\/p>\n<hr \/>\n<p>El Fondo de las Naciones Unidas para la Infancia (<a href=\"https:\/\/www.unicef.org\/es\" target=\"_blank\" rel=\"noopener noreferrer\">UNICEF<\/a>) inform\u00f3 este viernes que\u00a0<strong>los desastres relacionados con el clima han arrancado de sus casas a 43,1 millones de ni\u00f1os<\/strong>\u00a0en 44 pa\u00edses durante un periodo de seis a\u00f1os.<\/p>\n<p>La agencia se\u00f1al\u00f3 que\u00a0<a href=\"https:\/\/eur02.safelinks.protection.outlook.com\/?url=https%3A%2F%2Fwww.unicef.org%2Freports%2Fchildren-displaced-changing-climate&amp;data=05%7C01%7Cmvictoria.fernandez%40un.org%7C5012a023f95642914aea08dbc4fc813d%7C0f9e35db544f4f60bdcc5ea416e6dc70%7C0%7C0%7C638320361014588393%7CUnknown%7CTWFpbGZsb3d8eyJWIjoiMC4wLjAwMDAiLCJQIjoiV2luMzIiLCJBTiI6Ik1haWwiLCJXVCI6Mn0%3D%7C3000%7C%7C%7C&amp;sdata=Smd6%2Bi2iZCWWIU9WymVnihf2oyRF5JPpcDcJR0Vi9oM%3D&amp;reserved=0\" target=\"_blank\" rel=\"noopener noreferrer\"><em>Ni\u00f1os desplazados en un clima cambiante<\/em><\/a>\u00a0es el primer an\u00e1lisis mundial del n\u00famero de menores expulsados de sus hogares entre 2016 y 2021 debido a inundaciones, tormentas, sequ\u00edas e incendios forestales. Adem\u00e1s, el documento examina las\u00a0<strong>proyecciones para los pr\u00f3ximos 30 a\u00f1os<\/strong>.<\/p>\n<p>\u201cCuando hablamos del impacto del cambio clim\u00e1tico, nunca pensamos en que las personas m\u00e1s vulnerables y afectadas por las inundaciones, por los incendios, por los desbordamientos de los r\u00edos, son los ni\u00f1os\u201d, se\u00f1al\u00f3 la asesora especial para la Defensa del Clima de la agencia, Paloma Escudero, en una conversaci\u00f3n con Noticias ONU.<\/p>\n<p>\u201cTenemos que darnos cuenta de que en\u00a0<strong>la crisis del clima es una crisis de los derechos de infancia<\/strong>, porque estos ni\u00f1os quedan sin su derecho a vivir en un entorno saludable, a poder crecer sanos, educados y sobre todo, seguros\u201d, a\u00f1adi\u00f3.<\/p>\n<p><strong>Perturbaci\u00f3n y miedo<\/strong><\/p>\n<p>UNICEF advirti\u00f3 que las decisiones de desplazarse, ya sean forzadas y abruptas ante una cat\u00e1strofe o el resultado de una evacuaci\u00f3n preventiva, pueden salvar vidas. Sin embargo, muchos ni\u00f1os siguen enfrent\u00e1ndose a los\u00a0<strong>peligros y desaf\u00edos que conlleva el desarraigo de sus hogares<\/strong>, a menudo durante largos periodos.<\/p>\n<p>Los peque\u00f1os est\u00e1n especialmente expuestos al riesgo de desplazamiento en pa\u00edses que ya est\u00e1n lidiando con crisis superpuestas, como conflictos y pobreza, donde las capacidades locales para hacer frente a cualquier desplazamiento adicional est\u00e1n sobrecargadas.<\/p>\n<blockquote><p>Mudarse puede haber salvado sus vidas, pero es muy traum\u00e1tico.<\/p><\/blockquote>\n<p>En este sentido, la directora ejecutiva de la agencia, Catherine Russell, asegur\u00f3 que, para los que se ven obligados a huir, el miedo y el impacto pueden ser especialmente devastadores, \u201ccon la preocupaci\u00f3n de si volver\u00e1n a casa, retomar\u00e1n la escuela o se ver\u00e1n obligados a mudarse de nuevo\u201d.<\/p>\n<p>\u201cMudarse puede haber salvado sus vidas, pero es muy traum\u00e1tico\u201d, a\u00f1adi\u00f3.}<\/p>\n<figure id=\"attachment_13251\" aria-describedby=\"caption-attachment-13251\" style=\"width: 1024px\" class=\"wp-caption aligncenter\"><img loading=\"lazy\" class=\"size-full wp-image-13251\" src=\"https:\/\/www.fie.undef.edu.ar\/ceptm\/wp-content\/uploads\/2023\/10\/image1024x768.jpg\" alt=\"\" width=\"1024\" height=\"682\" srcset=\"https:\/\/www.fie.undef.edu.ar\/ceptm\/wp-content\/uploads\/2023\/10\/image1024x768.jpg 1024w, https:\/\/www.fie.undef.edu.ar\/ceptm\/wp-content\/uploads\/2023\/10\/image1024x768-300x200.jpg 300w, https:\/\/www.fie.undef.edu.ar\/ceptm\/wp-content\/uploads\/2023\/10\/image1024x768-768x512.jpg 768w\" sizes=\"(max-width: 1024px) 100vw, 1024px\" \/><figcaption id=\"caption-attachment-13251\" class=\"wp-caption-text\">UNICEF\/UN0742088\/Condren Una ni\u00f1a sentada frente a la tienda de campa\u00f1a en la que vive su familia en un campo de desplazados internos en Mogadiscio, Somalia, en octubre de 2022.<\/figcaption><\/figure>\n<p><strong>A m\u00e1s cambio clim\u00e1tico, m\u00e1s desplazamientos<\/strong><\/p>\n<p>Russell explic\u00f3 que\u00a0<strong>a medida que aumenten los efectos del cambio clim\u00e1tico, tambi\u00e9n lo har\u00e1n los desplazamientos<\/strong>.<\/p>\n<p>\u201cDisponemos de las herramientas y los conocimientos necesarios para responder a este reto creciente para los ni\u00f1os, pero estamos actuando con demasiada lentitud.\u00a0<strong>Tenemos que redoblar los esfuerzos para preparar a las comunidades<\/strong>, proteger a los ni\u00f1os en riesgo de desplazamiento y apoyar a los que ya est\u00e1n desarraigados&#8221;, advirti\u00f3.<\/p>\n<p>Por su parte, Paloma Escudero recalc\u00f3 que los desplazamientos se pueden evitar si hay una inversi\u00f3n por parte de los gobiernos y la comunidad internacional en Sistemas de Alerta Temprana:<\/p>\n<p>\u201cNo hay que simplemente reaccionar cuando llegan las inundaciones, sino que hay formas de evitar estos desplazamientos y el sufrimiento. Es importante que no asumamos que los ni\u00f1os van a ser protegidos por sus familias, por sus comunidades.\u00a0<strong>Es obligaci\u00f3n de todos nosotros el garantizar que los ni\u00f1os no van a sufrir<\/strong>\u00a0un impacto en su salud y a poner en riesgo su propia vida por estos fen\u00f3menos\u201d.<\/p>\n<p>En este sentido, la experta ha notado una\u00a0<strong>mejora en la preparaci\u00f3n de los m\u00e1s j\u00f3venes\u00a0<\/strong>en los \u00faltimos a\u00f1os en pa\u00edses donde las inundaciones son cada vez m\u00e1s frecuentes, como Pakist\u00e1n.<\/p>\n<p>\u201cLa principal diferencia es que ahora los ni\u00f1os est\u00e1n m\u00e1s preparados. Los ni\u00f1os en los colegios estudian, saben qu\u00e9 hacer; con lo cual no solo hay menos muertes, sino que tambi\u00e9n saben identificar cuando lleva lloviendo demasiado tiempo, cuando ha hecho demasiado calor por demasiadas semanas y se sienten m\u00e1s seguros de c\u00f3mo poder afrontar lo que saben que es inevitable, ya que no van a poder luchar contra la naturaleza\u201d, destac\u00f3 Escudero.<\/p>\n<figure id=\"attachment_13252\" aria-describedby=\"caption-attachment-13252\" style=\"width: 1024px\" class=\"wp-caption aligncenter\"><img loading=\"lazy\" class=\"size-full wp-image-13252\" src=\"https:\/\/www.fie.undef.edu.ar\/ceptm\/wp-content\/uploads\/2023\/10\/image1024x768-1.jpg\" alt=\"\" width=\"1024\" height=\"768\" srcset=\"https:\/\/www.fie.undef.edu.ar\/ceptm\/wp-content\/uploads\/2023\/10\/image1024x768-1.jpg 1024w, https:\/\/www.fie.undef.edu.ar\/ceptm\/wp-content\/uploads\/2023\/10\/image1024x768-1-300x225.jpg 300w, https:\/\/www.fie.undef.edu.ar\/ceptm\/wp-content\/uploads\/2023\/10\/image1024x768-1-768x576.jpg 768w\" sizes=\"(max-width: 1024px) 100vw, 1024px\" \/><figcaption id=\"caption-attachment-13252\" class=\"wp-caption-text\">OIM\/Amanda Nero Un ni\u00f1o observa la orilla desde un barco cerca de Sirajganj, una comunidad afectada por la grave sequ\u00eda que ha dejado a muchos desplazados. Sirajganj, Bangladesh.<\/figcaption><\/figure>\n<p><strong>Inundaciones y tormentas, motores de la migraci\u00f3n<\/strong><\/p>\n<p><strong>Las inundaciones y las tormentas representaron 40,9 millones, o el 95%, de los desplazamientos<\/strong>\u00a0infantiles registrados entre 2016 y 2021, debido en parte a una mejor notificaci\u00f3n y a evacuaciones m\u00e1s preventivas.<\/p>\n<p>Mientras tanto, las sequ\u00edas provocaron m\u00e1s de 1,3 millones de movimientos de ni\u00f1os, con Somalia de nuevo entre los m\u00e1s afectados, mientras que los incendios forestales provocaron 810.000, con m\u00e1s de un tercio ocurriendo solo en 2020. Canad\u00e1, Israel y Estados Unidos registraron el mayor n\u00famero.<\/p>\n<p>Hait\u00ed, por ejemplo, que ya corre un alto riesgo de desplazamiento infantil relacionado con desastres, tambi\u00e9n est\u00e1 plagado de violencia y pobreza, con una inversi\u00f3n limitada en mitigaci\u00f3n de riesgos y preparaci\u00f3n.<\/p>\n<p>Mientras que en Mozambique, son las comunidades m\u00e1s pobres, incluidas las de las zonas urbanas, las que se ven desproporcionadamente afectadas por las condiciones meteorol\u00f3gicas extremas.<\/p>\n<p>Estos son los pa\u00edses donde el n\u00famero de ni\u00f1os vulnerables es mayor y\u00a0<strong>las capacidades de hacer frente al cambio clim\u00e1tico y la financiaci\u00f3n son limitadas<\/strong>\u00a0y, por tanto, donde la mitigaci\u00f3n del riesgo, la adaptaci\u00f3n, los esfuerzos de preparaci\u00f3n y la financiaci\u00f3n son m\u00e1s urgentes.<\/p>\n<p><strong>Proyecciones: 96 millones de ni\u00f1os en movimiento<\/strong><\/p>\n<p>\u201cEstamos hablando de que, en los \u00faltimos a\u00f1os seis a\u00f1os, 20.000 ni\u00f1os se han visto desplazados cada d\u00eda por desastres naturales derivados de del enorme deterioro del cambio clim\u00e1tico, por el enorme deterioro de la biodiversidad y uno de los grandes riesgos de las que nadie habla en este momento es el riesgo de desbordamiento de los r\u00edos. Casi 96 millones de ni\u00f1os van a verse desplazados en los pr\u00f3ximos 30 a\u00f1os por el desbordamiento de los r\u00edos\u201d, declar\u00f3 Paloma Escudero.<\/p>\n<p>Los vientos cicl\u00f3nicos y las mareas de tempestad tienen el potencial de arrancar de sus casas a 10,3 millones y 7,2 millones de ni\u00f1os respectivamente, en el mismo periodo.<\/p>\n<p>Estas proyecciones, advierte la agencia, no incluyen las evacuaciones preventivas. Adem\u00e1s, con fen\u00f3menos meteorol\u00f3gicos m\u00e1s frecuentes y graves como consecuencia del cambio clim\u00e1tico,\u00a0<strong>las cifras reales ser\u00e1n casi con toda seguridad m\u00e1s elevadas<\/strong>.<\/p>\n<figure id=\"attachment_13253\" aria-describedby=\"caption-attachment-13253\" style=\"width: 1024px\" class=\"wp-caption aligncenter\"><img loading=\"lazy\" class=\"size-full wp-image-13253\" src=\"https:\/\/www.fie.undef.edu.ar\/ceptm\/wp-content\/uploads\/2023\/10\/image1024x768-2.jpg\" alt=\"\" width=\"1024\" height=\"682\" srcset=\"https:\/\/www.fie.undef.edu.ar\/ceptm\/wp-content\/uploads\/2023\/10\/image1024x768-2.jpg 1024w, https:\/\/www.fie.undef.edu.ar\/ceptm\/wp-content\/uploads\/2023\/10\/image1024x768-2-300x200.jpg 300w, https:\/\/www.fie.undef.edu.ar\/ceptm\/wp-content\/uploads\/2023\/10\/image1024x768-2-768x512.jpg 768w\" sizes=\"(max-width: 1024px) 100vw, 1024px\" \/><figcaption id=\"caption-attachment-13253\" class=\"wp-caption-text\">Unsplash\/Taylor Brandon Un ni\u00f1o en brazos de su madre tras una tormenta en Honduras (foto de archivo).<\/figcaption><\/figure>\n<p><strong>Latinoam\u00e9rica y el Caribe<\/strong><\/p>\n<p>El informe advierte que los ni\u00f1os de Am\u00e9rica Latina y el Caribe s<\/p>\n<p>e encuentran entre las m\u00e1s m\u00e1s vulnerables del mundo a verse expulsados de sus hogares por el clima.<\/p>\n<p>Entre 2016 y 2021,\u00a0<strong>2,3 millones de ni\u00f1os fueron desplazados en la regi\u00f3n<\/strong>\u00a0debido a desastres clim\u00e1ticos. De ellos, 1,7 solo por las tormentas, y 620.000 por las inundaciones.<\/p>\n<p>En el Caribe, cuando las tormentas como los huracanes Harvey, Irma, Mar\u00eda y Dorian tocan tierra, pueden causar da\u00f1os catastr\u00f3ficos en viviendas, infraestructuras y econom\u00edas y dejar algunas zonas pr\u00e1cticamente inhabitables, se\u00f1ala el documento.<\/p>\n<p><strong>Llamamiento para proteger la infancia<\/strong><\/p>\n<p>A tan solo semanas de la Cumbre sobre el Cambio Clim\u00e1tico (COP28) que tendr\u00e1 lugar en Dub\u00e1i, Paloma Escudero recalc\u00f3 que ninguna de las conferencias por el clima anteriores ha incluido en sus documentos la necesidad de proteger a la infancia m\u00e1s vulnerable. \u201cNunca han mencionado la protecci\u00f3n e inversi\u00f3n en infancia. Tal vez porque el enfoque estaba centrado en la mitigaci\u00f3n del calentamiento global, la inversi\u00f3n en la transici\u00f3n energ\u00e9tica y en infraestructura\u201d.<\/p>\n<p>\u201cEsta COP tiene que seguir trabajando, por supuesto, en la contenci\u00f3n del calentamiento global. Pero tambi\u00e9n tiene que discutir la inversi\u00f3n necesaria en el Fondo Global de Adaptaci\u00f3n, y ah\u00ed se tiene que priorizar la inversi\u00f3n para la adaptaci\u00f3n de los sistemas de salud, de saneamiento, de educaci\u00f3n, e invertir en las comunidades m\u00e1s olvidadas, m\u00e1s vulnerables. Esta tiene que ser una COP para los ni\u00f1os, para la infancia, pero especialmente\u00a0<strong>para aquellos que siempre son invisibles y que nunca se benefician de las grandes inversiones<\/strong>\u201d, finaliz\u00f3.<\/p>\n<p>En este contexto, UNICEF insta a los gobiernos, donantes, socios de desarrollo y al sector privado a tomar las siguientes medidas:<\/p>\n<ul>\n<li><strong>Proteger<\/strong>\u00a0a los ni\u00f1os y j\u00f3venes de los impactos de los desastres y desplazamientos por el cambio clim\u00e1tico, garantizando que los servicios cr\u00edticos para la infancia, como la educaci\u00f3n, la salud, la nutrici\u00f3n, la protecci\u00f3n social y los servicios de protecci\u00f3n de la infancia, sean accesibles incluso para aquellos que ya han sido desarraigados de sus hogares<\/li>\n<li><strong>Preparar<\/strong>\u00a0a los ni\u00f1os y j\u00f3venes para vivir en un mundo con cambios clim\u00e1ticos, mejorando su capacidad de adaptaci\u00f3n y resiliencia, y permitiendo su participaci\u00f3n en la b\u00fasqueda de soluciones.<\/li>\n<li><strong>Priorizar<\/strong>\u00a0a los ni\u00f1os y los j\u00f3venes, incluidos los que ya han abandonado sus hogares, en la acci\u00f3n y la financiaci\u00f3n en materia de desastres y clima, la pol\u00edtica humanitaria y de desarrollo.<\/li>\n<\/ul>\n<p><strong>Fuente:<\/strong> <a href=\"https:\/\/news.un.org\/es\/story\/2023\/10\/1524682?utm_source=Noticias+ONU+-+Bolet%C3%ADn&amp;utm_campaign=d050981053-EMAIL_CAMPAIGN_2023_10_07_12_05&amp;utm_medium=email&amp;utm_term=0_e7f6cb3d3c-d050981053-%5BLIST_EMAIL_ID%5D\" target=\"_blank\" rel=\"noopener\"><em>https:\/\/news.un.org<\/em><\/a><\/p>\n","protected":false},"excerpt":{"rendered":"<p>El Fondo de las Naciones Unidas para la Infancia (UNICEF) inform\u00f3 este viernes que los desastres relacionados con el clima han arrancado de sus casas&hellip; <\/p>\n","protected":false},"author":1,"featured_media":13250,"comment_status":"closed","ping_status":"closed","sticky":false,"template":"","format":"standard","meta":[],"categories":[36],"tags":[],"_links":{"self":[{"href":"https:\/\/www.fie.undef.edu.ar\/ceptm\/index.php?rest_route=\/wp\/v2\/posts\/13249"}],"collection":[{"href":"https:\/\/www.fie.undef.edu.ar\/ceptm\/index.php?rest_route=\/wp\/v2\/posts"}],"about":[{"href":"https:\/\/www.fie.undef.edu.ar\/ceptm\/index.php?rest_route=\/wp\/v2\/types\/post"}],"author":[{"embeddable":true,"href":"https:\/\/www.fie.undef.edu.ar\/ceptm\/index.php?rest_route=\/wp\/v2\/users\/1"}],"replies":[{"embeddable":true,"href":"https:\/\/www.fie.undef.edu.ar\/ceptm\/index.php?rest_route=%2Fwp%2Fv2%2Fcomments&post=13249"}],"version-history":[{"count":1,"href":"https:\/\/www.fie.undef.edu.ar\/ceptm\/index.php?rest_route=\/wp\/v2\/posts\/13249\/revisions"}],"predecessor-version":[{"id":13254,"href":"https:\/\/www.fie.undef.edu.ar\/ceptm\/index.php?rest_route=\/wp\/v2\/posts\/13249\/revisions\/13254"}],"wp:featuredmedia":[{"embeddable":true,"href":"https:\/\/www.fie.undef.edu.ar\/ceptm\/index.php?rest_route=\/wp\/v2\/media\/13250"}],"wp:attachment":[{"href":"https:\/\/www.fie.undef.edu.ar\/ceptm\/index.php?rest_route=%2Fwp%2Fv2%2Fmedia&parent=13249"}],"wp:term":[{"taxonomy":"category","embeddable":true,"href":"https:\/\/www.fie.undef.edu.ar\/ceptm\/index.php?rest_route=%2Fwp%2Fv2%2Fcategories&post=13249"},{"taxonomy":"post_tag","embeddable":true,"href":"https:\/\/www.fie.undef.edu.ar\/ceptm\/index.php?rest_route=%2Fwp%2Fv2%2Ftags&post=13249"}],"curies":[{"name":"wp","href":"https:\/\/api.w.org\/{rel}","templated":true}]}}