{"id":13760,"date":"2023-12-05T18:02:35","date_gmt":"2023-12-05T21:02:35","guid":{"rendered":"https:\/\/www.fie.undef.edu.ar\/ceptm\/?p=13760"},"modified":"2023-12-05T18:02:35","modified_gmt":"2023-12-05T21:02:35","slug":"israel-palestina-continua-la-matanza-de-ninos-y-civiles-en-la-franja-de-gaza","status":"publish","type":"post","link":"https:\/\/www.fie.undef.edu.ar\/ceptm\/?p=13760","title":{"rendered":"Israel-Palestina, contin\u00faa la matanza de ni\u00f1os y civiles en la Franja de Gaza"},"content":{"rendered":"<p>Este lunes continuaron los bombardeos israel\u00edes en el sur de la Franja de Gaza, que est\u00e1n provocando centenares de muertos y el desplazamiento masivo de personas que se ven obligadas a huir. Mientras que el personal humanitario de la ONU declar\u00f3 que los equipos de ayuda tienen un acceso &#8220;extremadamente limitado&#8221; y que el acceso al norte estaba &#8220;ahora totalmente bloqueado&#8221;. La \u00faltima actualizaci\u00f3n de la Oficina de Coordinaci\u00f3n de la Ayuda Humanitaria de la ONU de la ONU (OCHA) confirm\u00f3 el aumento de v\u00edctimas y la devastaci\u00f3n en medio de un &#8220;intenso bombardeo israel\u00ed por tierra, mar y aire&#8221;.<\/p>\n<hr \/>\n<p>&#8220;Desde la tarde del (s\u00e1bado) 2 de diciembre hasta la tarde del (domingo) 3 de diciembre, al menos 316 personas murieron y al menos otras 664 resultaron heridas en Gaza&#8221;, seg\u00fan el informe de situaci\u00f3n de OCHA, a\u00f1adiendo que un soldado israel\u00ed hab\u00eda muerto en el enclave durante el fin de semana y otro hab\u00eda sucumbido a las heridas sufridas anteriormente.<\/p>\n<p>La reanudaci\u00f3n del derramamiento de sangre se produjo tras el fin de un alto el fuego entre Ham\u00e1s e Israel el pasado viernes, 1 de diciembre, que hab\u00eda permitido la liberaci\u00f3n de decenas de los aproximadamente 240 rehenes tomados en el sur de Israel durante un ataque del grupo palestino que se cobr\u00f3 unas 1200 vidas, seg\u00fan las autoridades israel\u00edes, y de prisioneros palestinos retenidos en Israel.<\/p>\n<p>Las autoridades sanitarias de Gaza afirman que\u00a0<strong>desde el 7 de octubre han muerto m\u00e1s de 15.000 personas<\/strong>.<\/p>\n<p><strong>Ning\u00fan lugar es seguro<\/strong><\/p>\n<p>Haci\u00e9ndose eco de la preocupaci\u00f3n de las organizaciones humanitarias por los civiles atrapados en la violencia, la agencia de la ONU para los refugiados palestinos (UNWRA) declar\u00f3 que en la ciudad de Rafah, en el sur de la Franja, la poblaci\u00f3n se estaba viendo obligada a huir ante el tel\u00f3n de fondo de los ataques a\u00e9reos.<\/p>\n<p><strong>&#8220;La gente suplica consejo sobre d\u00f3nde encontrar seguridad<\/strong>&#8220;, uno de los responsables de la\u00a0<a href=\"https:\/\/www.un.org\/coronavirus\" target=\"_blank\" rel=\"noopener\">UNRWA<\/a>, Thomas White, que a\u00f1adi\u00f3: &#8220;Y no tenemos nada que decirles&#8221;.<\/p>\n<p>Alrededor de 1,8 millones de gazat\u00edes viven ahora en el sur de Gaza tras la orden de las Fuerzas de Defensa israel\u00edes a los residentes de abandonar el norte de la Franja a mediados de octubre.<\/p>\n<p>Como novedad, la OCHA inform\u00f3 de que el Ej\u00e9rcito israel\u00ed hab\u00eda &#8220;designado el domingo una zona que abarca aproximadamente\u00a0<strong>el 20% de la ciudad de Jan Yunis para su evacuaci\u00f3n inmediata<\/strong>&#8220;, y que esta zona hab\u00eda sido &#8220;marcada en un mapa en l\u00ednea publicada en los medios sociales&#8221;.<\/p>\n<p>Antes del inicio de las hostilidades, en esta zona viv\u00edan cerca de 117.000 personas, seg\u00fan la mencionada Oficina de Coordinaci\u00f3n de Ayuda Humanitaria, que se\u00f1al\u00f3 que albergaba 21 refugios con unos 50.000 desplazados internos, la gran mayor\u00eda desplazados previamente del norte.<\/p>\n<p><strong>La ayuda cr\u00edtica sigue llegando<\/strong><\/p>\n<p>Mientras tanto, OCHA inform\u00f3 de que\u00a0<strong>algunos suministros humanitarios vitales segu\u00edan llegando<\/strong>\u00a0a Gaza a \u00faltima hora de la tarde del domingo desde Egipto, aunque su n\u00famero exacto y su contenido no estaban claros. Diez miembros del personal humanitario tambi\u00e9n entraron por el paso fronterizo de Rafah, que tambi\u00e9n fue testigo de la evacuaci\u00f3n de 566 extranjeros y ciudadanos con doble nacionalidad, 13 heridos y 11 acompa\u00f1antes.<\/p>\n<p><strong>Reuni\u00f3n del Consejo de Seguridad\u00a0<\/strong><\/p>\n<p>En una se\u00f1al de alarma internacional generalizada por la continua violencia en Gaza, el\u00a0<a href=\"https:\/\/www.un.org\/securitycouncil\/es\" target=\"_blank\" rel=\"noopener\">Consejo de Seguridad<\/a>\u00a0de la ONU\u00a0<strong>ten\u00eda previsto celebrar el lunes consultas a puerta cerrada<\/strong>\u00a0sobre la cuesti\u00f3n.<\/p>\n<p>La reuni\u00f3n, en la que estaba previsto que participara la Secretaria General Adjunta de Asuntos Pol\u00edticos y de Consolidaci\u00f3n de la Paz, Rosemary DiCarlo, fue solicitada por los Emiratos \u00c1rabes Unidos (EAU), que expresaron su &#8220;profunda preocupaci\u00f3n por la reanudaci\u00f3n de las hostilidades y la persistencia de la grave situaci\u00f3n humanitaria en la Franja de Gaza&#8221;.<\/p>\n<p><strong>Asesinato de ni\u00f1os<\/strong><\/p>\n<p>Mientras tanto, en una publicaci\u00f3n en las redes sociales que mostraba un panorama de mamposter\u00eda destrozada, trabajadores de rescate y j\u00f3venes angustiados en el sur de Gaza el s\u00e1bado, el portavoz del Fondo de las Naciones Unidas para la Infancia (<a href=\"https:\/\/www.unicef.org\/es\" target=\"_blank\" rel=\"noopener noreferrer\">UNICEF<\/a>), James Elder, denunci\u00f3 &#8220;<strong>la interminable matanza de ni\u00f1os<\/strong>&#8221; tras una noche de &#8220;bombardeos totalmente implacables&#8221;.<\/p>\n<p>Hablando desde el interior de un refugio, el funcionario de la ONU dirigi\u00f3 la c\u00e1mara de su tel\u00e9fono m\u00f3vil hacia Khaled y Hannah, dos beb\u00e9s que dorm\u00edan uno al lado del otro. &#8220;Por favor, con\u00f3celos, m\u00edralos, reza para que est\u00e9n vivos dentro de unos d\u00edas&#8221;, dijo. &#8220;Siento que se me acaban las formas de describir la interminable matanza de ni\u00f1os aqu\u00ed&#8221;.<\/p>\n<figure id=\"attachment_13762\" aria-describedby=\"caption-attachment-13762\" style=\"width: 1171px\" class=\"wp-caption aligncenter\"><img loading=\"lazy\" class=\"size-full wp-image-13762\" src=\"https:\/\/www.fie.undef.edu.ar\/ceptm\/wp-content\/uploads\/2023\/12\/image1170x530cropped-1-1.jpg\" alt=\"\" width=\"1171\" height=\"530\" srcset=\"https:\/\/www.fie.undef.edu.ar\/ceptm\/wp-content\/uploads\/2023\/12\/image1170x530cropped-1-1.jpg 1171w, https:\/\/www.fie.undef.edu.ar\/ceptm\/wp-content\/uploads\/2023\/12\/image1170x530cropped-1-1-300x136.jpg 300w, https:\/\/www.fie.undef.edu.ar\/ceptm\/wp-content\/uploads\/2023\/12\/image1170x530cropped-1-1-1024x463.jpg 1024w, https:\/\/www.fie.undef.edu.ar\/ceptm\/wp-content\/uploads\/2023\/12\/image1170x530cropped-1-1-768x348.jpg 768w\" sizes=\"(max-width: 1171px) 100vw, 1171px\" \/><figcaption id=\"caption-attachment-13762\" class=\"wp-caption-text\">\u00a9 UNRWA\/Ashraf Amra Desplazados caminan desde el norte de Gaza hacia el sur, mientras las ambulancias se dirigen en la otra direcci\u00f3n.<\/figcaption><\/figure>\n<p><strong>El Ej\u00e9rcito israel\u00ed conoce el derecho que debe aplicarse<\/strong><\/p>\n<p>Por su parte, el fiscal de la\u00a0<a href=\"https:\/\/www.icc-cpi.int\/\" target=\"_blank\" rel=\"noopener noreferrer\">Corte Penal Internacional<\/a>\u00a0(CPI) termin\u00f3 este domingo una visita a Israel y Cisjordania diciendo que la investigaci\u00f3n sobre posibles cr\u00edmenes cometidos por Ham\u00e1s y las fuerzas israel\u00edes \u201ces una prioridad\u201d para su oficina.<\/p>\n<p>Karim Khan asegur\u00f3 que \u201clos conflictos en zonas densamente pobladas en las que los combatientes est\u00e1n presuntamente incrustados de forma ilegal entre la poblaci\u00f3n civil son intr\u00ednsecamente complejos, pero\u00a0<strong>aun as\u00ed debe aplicarse el derecho internacional humanitario<\/strong>\u00a0y el Ej\u00e9rcito israel\u00ed conoce el derecho que debe aplicarse\u201d.<\/p>\n<p>\u201cEn Gaza,\u00a0<strong>no es aceptable, no se justifica, que los m\u00e9dicos realicen cirug\u00edas sin luz<\/strong>, que los ni\u00f1os sean operados sin anestesia\u201d, indic\u00f3. \u201cImagina el dolor de las operaciones para los ni\u00f1os, para cualquiera, para cualquiera de nosotros, sin anestesia. Tambi\u00e9n enfatic\u00e9 que Ham\u00e1s no debe desviar ninguna ayuda entregada\u201d.<\/p>\n<p>Khan dijo tambi\u00e9n que los ataques contra civiles israel\u00edes inocentes del 7 de octubre representan algunos de los cr\u00edmenes internacionales m\u00e1s graves que conmocionan la conciencia de la humanidad, cr\u00edmenes para los que se cre\u00f3 la CPI.<\/p>\n<p><strong>Fuente:<\/strong> <a href=\"https:\/\/news.un.org\/es\/story\/2023\/12\/1526172?utm_source=Noticias+ONU+-+Bolet%C3%ADn&amp;utm_campaign=8cd3208474-EMAIL_CAMPAIGN_2023_12_05_01_05&amp;utm_medium=email&amp;utm_term=0_e7f6cb3d3c-8cd3208474-%5BLIST_EMAIL_ID%5D\" target=\"_blank\" rel=\"noopener\"><em>https:\/\/news.un.org<\/em><\/a><\/p>\n","protected":false},"excerpt":{"rendered":"<p>Este lunes continuaron los bombardeos israel\u00edes en el sur de la Franja de Gaza, que est\u00e1n provocando centenares de muertos y el desplazamiento masivo de&hellip; <\/p>\n","protected":false},"author":1,"featured_media":13761,"comment_status":"closed","ping_status":"closed","sticky":false,"template":"","format":"standard","meta":[],"categories":[36],"tags":[],"_links":{"self":[{"href":"https:\/\/www.fie.undef.edu.ar\/ceptm\/index.php?rest_route=\/wp\/v2\/posts\/13760"}],"collection":[{"href":"https:\/\/www.fie.undef.edu.ar\/ceptm\/index.php?rest_route=\/wp\/v2\/posts"}],"about":[{"href":"https:\/\/www.fie.undef.edu.ar\/ceptm\/index.php?rest_route=\/wp\/v2\/types\/post"}],"author":[{"embeddable":true,"href":"https:\/\/www.fie.undef.edu.ar\/ceptm\/index.php?rest_route=\/wp\/v2\/users\/1"}],"replies":[{"embeddable":true,"href":"https:\/\/www.fie.undef.edu.ar\/ceptm\/index.php?rest_route=%2Fwp%2Fv2%2Fcomments&post=13760"}],"version-history":[{"count":1,"href":"https:\/\/www.fie.undef.edu.ar\/ceptm\/index.php?rest_route=\/wp\/v2\/posts\/13760\/revisions"}],"predecessor-version":[{"id":13763,"href":"https:\/\/www.fie.undef.edu.ar\/ceptm\/index.php?rest_route=\/wp\/v2\/posts\/13760\/revisions\/13763"}],"wp:featuredmedia":[{"embeddable":true,"href":"https:\/\/www.fie.undef.edu.ar\/ceptm\/index.php?rest_route=\/wp\/v2\/media\/13761"}],"wp:attachment":[{"href":"https:\/\/www.fie.undef.edu.ar\/ceptm\/index.php?rest_route=%2Fwp%2Fv2%2Fmedia&parent=13760"}],"wp:term":[{"taxonomy":"category","embeddable":true,"href":"https:\/\/www.fie.undef.edu.ar\/ceptm\/index.php?rest_route=%2Fwp%2Fv2%2Fcategories&post=13760"},{"taxonomy":"post_tag","embeddable":true,"href":"https:\/\/www.fie.undef.edu.ar\/ceptm\/index.php?rest_route=%2Fwp%2Fv2%2Ftags&post=13760"}],"curies":[{"name":"wp","href":"https:\/\/api.w.org\/{rel}","templated":true}]}}