{"id":14318,"date":"2024-03-07T08:27:39","date_gmt":"2024-03-07T11:27:39","guid":{"rendered":"https:\/\/www.fie.undef.edu.ar\/ceptm\/?p=14318"},"modified":"2024-03-07T08:27:49","modified_gmt":"2024-03-07T11:27:49","slug":"uav-turco-tb2-entra-en-el-inventario-del-ejercito-albanes","status":"publish","type":"post","link":"https:\/\/www.fie.undef.edu.ar\/ceptm\/?p=14318","title":{"rendered":"UAV turco TB2 entra en el inventario del ej\u00e9rcito alban\u00e9s\u00a0"},"content":{"rendered":"<p>El veh\u00edculo a\u00e9reo de combate no tripulado (UCAV) TB2 del fabricante turco de drones Baykar entr\u00f3 oficialmente el lunes en el inventario del ej\u00e9rcito alban\u00e9s. Haluk Bayraktar, jefe de Baykar, anunci\u00f3 que \u00e9sta es &#8220;la primera vez que un veh\u00edculo a\u00e9reo compatible con la OTAN pasa a formar parte del arsenal de Albania&#8221;. Albania se uni\u00f3 a la alianza de la OTAN en 2009.<\/p>\n<hr \/>\n<p>Turkish drone maker Baykar&#8217;s TB2 unmanned combat aerial vehicle (UCAV) on Monday officially entered the inventory of the Albanian army.<\/p>\n<p>Haluk Bayraktar, the head of Baykar, announced on X that this is &#8220;the first time that a NATO-compliant aerial vehicle became part of Albania\u2019s arsenal.&#8221;<\/p>\n<p>The TB2s completed their first flight in Albanian skies today thanks to the &#8220;visionary leadership&#8221; of Prime Minister Edi Rama and the strong cooperation of Defense Minister Niko Peleshi, Bayraktar said.<\/p>\n<p>He also said NATO&#8217;s first tactical air base in Albania opened on Monday, calling it a historic day.<\/p>\n<p>&#8220;The Kucova Air Base\u2019s opening marks the beginning of a new era for Balkan and European security,&#8221; he said.<\/p>\n<p>He added that the deployment of the TB2s \u201cat this strategic location reflects our contributions to the safety of Albania and the Balkans.&#8221;<\/p>\n<p>Albania joined the NATO alliance in 2009.<\/p>\n<p><strong>Fuente:<\/strong> <a href=\"https:\/\/www.aa.com.tr\/en\/turkiye\/turkish-uav-tb2-enters-inventory-of-albanian-army\/3154923\" target=\"_blank\" rel=\"noopener\"><em>https:\/\/www.aa.com.tr<\/em><\/a><\/p>\n","protected":false},"excerpt":{"rendered":"<p>El veh\u00edculo a\u00e9reo de combate no tripulado (UCAV) TB2 del fabricante turco de drones Baykar entr\u00f3 oficialmente el lunes en el inventario del ej\u00e9rcito alban\u00e9s.&hellip; <\/p>\n","protected":false},"author":1,"featured_media":14319,"comment_status":"closed","ping_status":"closed","sticky":false,"template":"","format":"standard","meta":[],"categories":[18,2],"tags":[],"_links":{"self":[{"href":"https:\/\/www.fie.undef.edu.ar\/ceptm\/index.php?rest_route=\/wp\/v2\/posts\/14318"}],"collection":[{"href":"https:\/\/www.fie.undef.edu.ar\/ceptm\/index.php?rest_route=\/wp\/v2\/posts"}],"about":[{"href":"https:\/\/www.fie.undef.edu.ar\/ceptm\/index.php?rest_route=\/wp\/v2\/types\/post"}],"author":[{"embeddable":true,"href":"https:\/\/www.fie.undef.edu.ar\/ceptm\/index.php?rest_route=\/wp\/v2\/users\/1"}],"replies":[{"embeddable":true,"href":"https:\/\/www.fie.undef.edu.ar\/ceptm\/index.php?rest_route=%2Fwp%2Fv2%2Fcomments&post=14318"}],"version-history":[{"count":2,"href":"https:\/\/www.fie.undef.edu.ar\/ceptm\/index.php?rest_route=\/wp\/v2\/posts\/14318\/revisions"}],"predecessor-version":[{"id":14321,"href":"https:\/\/www.fie.undef.edu.ar\/ceptm\/index.php?rest_route=\/wp\/v2\/posts\/14318\/revisions\/14321"}],"wp:featuredmedia":[{"embeddable":true,"href":"https:\/\/www.fie.undef.edu.ar\/ceptm\/index.php?rest_route=\/wp\/v2\/media\/14319"}],"wp:attachment":[{"href":"https:\/\/www.fie.undef.edu.ar\/ceptm\/index.php?rest_route=%2Fwp%2Fv2%2Fmedia&parent=14318"}],"wp:term":[{"taxonomy":"category","embeddable":true,"href":"https:\/\/www.fie.undef.edu.ar\/ceptm\/index.php?rest_route=%2Fwp%2Fv2%2Fcategories&post=14318"},{"taxonomy":"post_tag","embeddable":true,"href":"https:\/\/www.fie.undef.edu.ar\/ceptm\/index.php?rest_route=%2Fwp%2Fv2%2Ftags&post=14318"}],"curies":[{"name":"wp","href":"https:\/\/api.w.org\/{rel}","templated":true}]}}