{"id":14333,"date":"2024-03-07T08:39:39","date_gmt":"2024-03-07T11:39:39","guid":{"rendered":"https:\/\/www.fie.undef.edu.ar\/ceptm\/?p=14333"},"modified":"2024-03-07T08:39:39","modified_gmt":"2024-03-07T11:39:39","slug":"danos-en-cables-submarinos-afectan-al-25-del-trafico-mundial-por-internet","status":"publish","type":"post","link":"https:\/\/www.fie.undef.edu.ar\/ceptm\/?p=14333","title":{"rendered":"Da\u00f1os en cables submarinos afectan al 25% del tr\u00e1fico mundial por internet"},"content":{"rendered":"<p>El Cairo, (EFE).- Al menos cuatro cables submarinos que pasan por el mar Rojo est\u00e1n cortados actualmente, anunci\u00f3 este lunes la empresa de telecomunicaciones hongkonesa HGC Global Communications que gestiona parte del servicio de esta red. \u201cDe entre m\u00e1s de 15 cables submarinos en el mar Rojo, cuatro de ellos (Seacom, TGN, AAE-1, EIG) est\u00e1n cortados, lo que estimamos impacta en el 25% del tr\u00e1fico\u201d.<\/p>\n<hr \/>\n<p>\u201cDe entre m\u00e1s de 15 cables submarinos en el mar Rojo, cuatro de ellos (Seacom, TGN, AAE-1, EIG) est\u00e1n cortados, lo que estimamos impacta en el 25 % del tr\u00e1fico\u201d, inform\u00f3 la empresa en un comunicado en que no especifica la causa de los da\u00f1os, si bien se producen en la zona en la que intercambian ataques los rebeldes hut\u00edes y la coalici\u00f3n internacional naval liderada por Estados Unidos.<\/p>\n<p>Seg\u00fan la nota, alrededor del 15 % del tr\u00e1fico de internet de Asia se dirige hacia el oeste y el 80 % de ese tr\u00e1fico pasa por estos cables submarinos en el mar Rojo, donde los rebeldes hut\u00edes del Yemen atacan barcos que consideran vinculados a Israel como parte de sus operaciones contra la guerra en la Franja de Gaza desde el pasado 19 de noviembre.<\/p>\n<p id=\"h-desviado-el-trafico-afectado\" class=\"wp-block-heading\"><strong>Desviado el tr\u00e1fico afectado<\/strong><\/p>\n<p>Ante los efectos en las comunicaciones a nivel global, HGC asegur\u00f3 en su comunicado que ya ha tomado las medidas necesarias para mitigar las consecuencias del corte de conexi\u00f3n a trav\u00e9s de \u201cun plan integral de diversidad para desviar el tr\u00e1fico afectado\u201d.<\/p>\n<p>As\u00ed, la empresa asegur\u00f3 que ha desviado parte de las conexiones a trav\u00e9s de una red de cableado \u201ccon destino norte\u201d, que sale desde Hong Kong, cruza China y se dirige hacia Europa; \u201cen direcci\u00f3n este\u201d, que sigue una ruta a trav\u00e9s de Estados Unidos hasta Europa; y \u201chacia el oeste\u201d, diversificando el tr\u00e1fico en el resto del sistema de 11 cables que quedan operativos en la zona del mar Rojo.<\/p>\n<p>La compa\u00f1\u00eda de telecomunicaciones indic\u00f3 que no solo est\u00e1 atendiendo las peticiones de sus clientes, sino que tambi\u00e9n ha recibido consultas de operadores en la regi\u00f3n del Norte de \u00c1frica y Oriente Medio sobre \u201copciones de desv\u00edo de contingencia desde las redes de Hong Kong hacia el oeste\u201d.<\/p>\n<p id=\"h-se-desconoce-la-causa-exacta-del-corte\" class=\"wp-block-heading\"><strong>Se desconoce la causa exacta del corte<\/strong><\/p>\n<p>Si bien se desconoce la causa exacta de este corte en el cableado submarino, el pasado s\u00e1bado, los rebeldes hut\u00edes del Yemen acusaron a Estados Unidos y al Reino Unido de \u201cprovocar defectos\u201d en la red de cables submarina del mar Rojo.<\/p>\n<p>Sin embargo, en las \u00faltimas semanas, el Gobierno internacionalmente reconocido del Yemen hab\u00eda acusado a los hut\u00edes de querer atacar el cableado submarino, despu\u00e9s de que canales de Telegram afines a los insurgentes sugirieran sabotear esta infraestructura como parte de sus acciones contra la navegaci\u00f3n comercial en el mar Rojo, acusaciones que los hut\u00edes han negado en reiteradas ocasiones.<\/p>\n<p id=\"h-preocupacion-por-los-posibles-danos-en-la-infraestructura\" class=\"wp-block-heading\"><strong>Preocupaci\u00f3n por los posibles da\u00f1os en la infraestructura<\/strong><\/p>\n<p>Esta semana, el Comit\u00e9 Internacional de Protecci\u00f3n de Cables (ICPC), que promueve la protecci\u00f3n de los cables submarinos, manifest\u00f3 su preocupaci\u00f3n sobre los posibles da\u00f1os en la infraestructura del mar Rojo como consecuencia de la militarizaci\u00f3n de la v\u00eda mar\u00edtima.<\/p>\n<p>Seg\u00fan la organizaci\u00f3n, la red mundial de cables submarinos est\u00e1 compuesta por m\u00e1s de 400 sistemas y 1,5 millones de kil\u00f3metros de cables que cruzan los oc\u00e9anos y que transporta m\u00e1s del 99 % de todo el tr\u00e1fico de datos digitales de todo el mundo, incluido Internet.<\/p>\n<p><strong>Fuente:<\/strong> <a href=\"https:\/\/efe.com\/ciencia-y-tecnologia\/2024-03-04\/danos-cables-submarinos\/\" target=\"_blank\" rel=\"noopener\"><em>https:\/\/efe.com<\/em><\/a><\/p>\n","protected":false},"excerpt":{"rendered":"<p>El Cairo, (EFE).- Al menos cuatro cables submarinos que pasan por el mar Rojo est\u00e1n cortados actualmente, anunci\u00f3 este lunes la empresa de telecomunicaciones hongkonesa&hellip; <\/p>\n","protected":false},"author":1,"featured_media":14334,"comment_status":"closed","ping_status":"closed","sticky":false,"template":"","format":"standard","meta":[],"categories":[2,36,28],"tags":[],"_links":{"self":[{"href":"https:\/\/www.fie.undef.edu.ar\/ceptm\/index.php?rest_route=\/wp\/v2\/posts\/14333"}],"collection":[{"href":"https:\/\/www.fie.undef.edu.ar\/ceptm\/index.php?rest_route=\/wp\/v2\/posts"}],"about":[{"href":"https:\/\/www.fie.undef.edu.ar\/ceptm\/index.php?rest_route=\/wp\/v2\/types\/post"}],"author":[{"embeddable":true,"href":"https:\/\/www.fie.undef.edu.ar\/ceptm\/index.php?rest_route=\/wp\/v2\/users\/1"}],"replies":[{"embeddable":true,"href":"https:\/\/www.fie.undef.edu.ar\/ceptm\/index.php?rest_route=%2Fwp%2Fv2%2Fcomments&post=14333"}],"version-history":[{"count":2,"href":"https:\/\/www.fie.undef.edu.ar\/ceptm\/index.php?rest_route=\/wp\/v2\/posts\/14333\/revisions"}],"predecessor-version":[{"id":14336,"href":"https:\/\/www.fie.undef.edu.ar\/ceptm\/index.php?rest_route=\/wp\/v2\/posts\/14333\/revisions\/14336"}],"wp:featuredmedia":[{"embeddable":true,"href":"https:\/\/www.fie.undef.edu.ar\/ceptm\/index.php?rest_route=\/wp\/v2\/media\/14334"}],"wp:attachment":[{"href":"https:\/\/www.fie.undef.edu.ar\/ceptm\/index.php?rest_route=%2Fwp%2Fv2%2Fmedia&parent=14333"}],"wp:term":[{"taxonomy":"category","embeddable":true,"href":"https:\/\/www.fie.undef.edu.ar\/ceptm\/index.php?rest_route=%2Fwp%2Fv2%2Fcategories&post=14333"},{"taxonomy":"post_tag","embeddable":true,"href":"https:\/\/www.fie.undef.edu.ar\/ceptm\/index.php?rest_route=%2Fwp%2Fv2%2Ftags&post=14333"}],"curies":[{"name":"wp","href":"https:\/\/api.w.org\/{rel}","templated":true}]}}