{"id":14337,"date":"2024-03-08T07:50:13","date_gmt":"2024-03-08T10:50:13","guid":{"rendered":"https:\/\/www.fie.undef.edu.ar\/ceptm\/?p=14337"},"modified":"2024-03-08T07:50:13","modified_gmt":"2024-03-08T10:50:13","slug":"2023-fue-el-ano-mas-mortifero-para-los-migrantes-con-casi-8600-muertes","status":"publish","type":"post","link":"https:\/\/www.fie.undef.edu.ar\/ceptm\/?p=14337","title":{"rendered":"2023 fue el a\u00f1o m\u00e1s mort\u00edfero para los migrantes, con casi 8600 muertes"},"content":{"rendered":"<p>Establecido en 2014 tras dos naufragios devastadores frente a la costa de Lampedusa (Italia), el Proyecto de Migrantes Desaparecidos est\u00e1 reconocido como el \u00fanico indicador que mide el nivel de &#8220;seguridad&#8221; de la migraci\u00f3n en los Objetivos de Desarrollo Sostenible y el Pacto Mundial para una Migraci\u00f3n Segura, Ordenada y Regular. La agencia se\u00f1al\u00f3 que los datos, contenidos en un informe que se publicar\u00e1 pronto, ofrecen la oportunidad de evaluar la labor en curso para ampliar las v\u00edas seguras y regulares de migraci\u00f3n, mejorar las operaciones de b\u00fasqueda y rescate, y apoyar a las personas y familias afectadas. En este sentido, el organismo, junto con muchas otras organizaciones, y en su calidad de Coordinadora de la Red de las Naciones Unidas sobre Migraci\u00f3n, hizo un llamamiento a los gobiernos y a la comunidad internacional para que sigan trabajando juntos a fin de evitar m\u00e1s p\u00e9rdidas de vidas y defender la dignidad y los derechos de todas las personas.<\/p>\n<hr \/>\n<p>Al menos 8565 personas murieron en las rutas migratorias de todo el mundo en 2023, lo que lo convierte en el a\u00f1o m\u00e1s mort\u00edfero jam\u00e1s registrado, seg\u00fan los\u00a0<a href=\"https:\/\/www.iom.int\/news\/deadliest-year-record-migrants-nearly-8600-deaths-2023\" target=\"_blank\" rel=\"noopener noreferrer\">datos publicados<\/a>\u00a0este mi\u00e9rcoles por el Proyecto Migrantes Desaparecidos de la\u00a0<a href=\"http:\/\/www.iom.int\/es\" target=\"_blank\" rel=\"noopener noreferrer\">Organizaci\u00f3n Internacional para las Migraciones<\/a>\u00a0(OIM).<\/p>\n<p>La cifra de muertos de 2023 supone un aumento del 20% en comparaci\u00f3n con 2022, lo que pone de relieve la necesidad urgente de tomar medidas para evitar m\u00e1s p\u00e9rdidas de vidas, se\u00f1al\u00f3 la agencia.<\/p>\n<p>&#8220;Al conmemorar los diez a\u00f1os del Proyecto Migrantes Desaparecidos, recordamos en primer lugar todas estas vidas perdidas. Cada una de ellas es una terrible tragedia humana que reverbera en las familias y comunidades durante a\u00f1os&#8221;, dijo el director general adjunto de la OIM.<\/p>\n<p>Ugochi Daniels se\u00f1al\u00f3 que las cifras son &#8220;tambi\u00e9n un recordatorio de que debemos volver a comprometernos con una mayor acci\u00f3n que pueda garantizar una migraci\u00f3n segura para todos, de manera que dentro de 10 a\u00f1os no haya personas que tengan que arriesgar su vida en busca de una mejor&#8221;.<\/p>\n<p><strong>Las v\u00edas seguras y regulares siguen siendo limitadas<\/strong><\/p>\n<p>El total del a\u00f1o pasado supera el n\u00famero de muertos y desaparecidos en todo el mundo en el a\u00f1o r\u00e9cord anterior de 2016, cuando 8084 personas murieron durante la migraci\u00f3n, lo que lo convierte en el a\u00f1o m\u00e1s mort\u00edfero desde la creaci\u00f3n del Proyecto Migrantes Desaparecidos en 2014.<\/p>\n<p>La agencia destac\u00f3 que, dado que las v\u00edas seguras y regulares de migraci\u00f3n siguen siendo limitadas, cientos de miles de personas intentan migrar cada a\u00f1o a trav\u00e9s de rutas irregulares en condiciones inseguras. Algo m\u00e1s de la mitad de las muertes se produjeron por\u00a0<strong>ahogamiento, el 9% por accidentes de tr\u00e1fico y el 7% por violencia<\/strong>.<\/p>\n<p>La traves\u00eda del Mediterr\u00e1neo sigue siendo la ruta m\u00e1s mort\u00edfera para los migrantes de la que se tiene constancia, con al menos 3129 muertes y desapariciones. Se trata del mayor n\u00famero de v\u00edctimas mortales registrado en el Mediterr\u00e1neo desde 2017.<\/p>\n<p>A nivel regional,\u00a0<strong>se registraron cifras sin precedentes de muertes de migrantes en \u00c1frica (1866) y Asia (2138)<\/strong>. En \u00c1frica, la mayor\u00eda de estas muertes se produjeron en el desierto del Sahara y en la ruta mar\u00edtima hacia las Islas Canarias. En Asia, el a\u00f1o pasado se registraron cientos de muertes de refugiados afganos y rohingya que hu\u00edan de sus pa\u00edses de origen.<\/p>\n<p><strong>Dificultades en la recopilaci\u00f3n de datos<\/strong><\/p>\n<p>En 2024, diez a\u00f1os despu\u00e9s de la creaci\u00f3n del Proyecto Migrantes Desaparecidos como \u00fanica base de datos de libre acceso sobre muertes y desapariciones de migrantes, el proyecto ha documentado m\u00e1s de 63.000 casos en todo el mundo.<\/p>\n<p>Sin embargo,\u00a0<strong>estiman que la cifra real es mucho mayor debido a las dificultades en la recopilaci\u00f3n de datos<\/strong>, especialmente en lugares remotos como el Parque Nacional del Dari\u00e9n en Panam\u00e1 y en las rutas mar\u00edtimas, donde la agencia de la ONU registra regularmente informes de naufragios invisibles en los que las embarcaciones desaparecen sin dejar rastro.<\/p>\n<p>Establecido en 2014 tras dos naufragios devastadores frente a la costa de Lampedusa (Italia), el Proyecto de Migrantes Desaparecidos est\u00e1 reconocido como el \u00fanico indicador que mide el nivel de &#8220;seguridad&#8221; de la migraci\u00f3n en los\u00a0<a href=\"https:\/\/news.un.org\/es\/news\/topic\/sdgs\" target=\"_blank\" rel=\"noopener\">Objetivos de Desarrollo Sostenible<\/a>\u00a0y el Pacto Mundial para una Migraci\u00f3n Segura, Ordenada y Regular.<\/p>\n<p>La agencia se\u00f1al\u00f3 que los datos, contenidos en un informe que se publicar\u00e1 pronto, ofrecen la oportunidad de\u00a0<strong>evaluar la labor en curso para ampliar las v\u00edas seguras y regulares de migraci\u00f3n, mejorar las operaciones de b\u00fasqueda y rescate<\/strong>, y apoyar a las personas y familias afectadas.<\/p>\n<p>En este sentido, el organismo, junto con muchas otras organizaciones, y en su calidad de Coordinadora de la Red de las Naciones Unidas sobre Migraci\u00f3n, hizo un\u00a0<strong>llamamiento a los gobiernos y a la comunidad internacional\u00a0<\/strong>para que sigan trabajando juntos a fin de evitar m\u00e1s p\u00e9rdidas de vidas y defender la dignidad y los derechos de todas las personas.<\/p>\n<p><strong>Fuente: <\/strong><a href=\"https:\/\/news.un.org\/es\/story\/2024\/03\/1528157?utm_source=Noticias+ONU+-+Bolet%C3%ADn&amp;utm_campaign=3bd3760001-EMAIL_CAMPAIGN_2024_03_07_01_05&amp;utm_medium=email&amp;utm_term=0_e7f6cb3d3c-3bd3760001-%5BLIST_EMAIL_ID%5D\" target=\"_blank\" rel=\"noopener\"><em>https:\/\/news.un.org<\/em><\/a><\/p>\n","protected":false},"excerpt":{"rendered":"<p>Establecido en 2014 tras dos naufragios devastadores frente a la costa de Lampedusa (Italia), el Proyecto de Migrantes Desaparecidos est\u00e1 reconocido como el \u00fanico indicador&hellip; <\/p>\n","protected":false},"author":1,"featured_media":14338,"comment_status":"closed","ping_status":"closed","sticky":false,"template":"","format":"standard","meta":[],"categories":[36,35],"tags":[],"_links":{"self":[{"href":"https:\/\/www.fie.undef.edu.ar\/ceptm\/index.php?rest_route=\/wp\/v2\/posts\/14337"}],"collection":[{"href":"https:\/\/www.fie.undef.edu.ar\/ceptm\/index.php?rest_route=\/wp\/v2\/posts"}],"about":[{"href":"https:\/\/www.fie.undef.edu.ar\/ceptm\/index.php?rest_route=\/wp\/v2\/types\/post"}],"author":[{"embeddable":true,"href":"https:\/\/www.fie.undef.edu.ar\/ceptm\/index.php?rest_route=\/wp\/v2\/users\/1"}],"replies":[{"embeddable":true,"href":"https:\/\/www.fie.undef.edu.ar\/ceptm\/index.php?rest_route=%2Fwp%2Fv2%2Fcomments&post=14337"}],"version-history":[{"count":1,"href":"https:\/\/www.fie.undef.edu.ar\/ceptm\/index.php?rest_route=\/wp\/v2\/posts\/14337\/revisions"}],"predecessor-version":[{"id":14339,"href":"https:\/\/www.fie.undef.edu.ar\/ceptm\/index.php?rest_route=\/wp\/v2\/posts\/14337\/revisions\/14339"}],"wp:featuredmedia":[{"embeddable":true,"href":"https:\/\/www.fie.undef.edu.ar\/ceptm\/index.php?rest_route=\/wp\/v2\/media\/14338"}],"wp:attachment":[{"href":"https:\/\/www.fie.undef.edu.ar\/ceptm\/index.php?rest_route=%2Fwp%2Fv2%2Fmedia&parent=14337"}],"wp:term":[{"taxonomy":"category","embeddable":true,"href":"https:\/\/www.fie.undef.edu.ar\/ceptm\/index.php?rest_route=%2Fwp%2Fv2%2Fcategories&post=14337"},{"taxonomy":"post_tag","embeddable":true,"href":"https:\/\/www.fie.undef.edu.ar\/ceptm\/index.php?rest_route=%2Fwp%2Fv2%2Ftags&post=14337"}],"curies":[{"name":"wp","href":"https:\/\/api.w.org\/{rel}","templated":true}]}}