{"id":14743,"date":"2024-05-06T10:59:06","date_gmt":"2024-05-06T13:59:06","guid":{"rendered":"https:\/\/www.fie.undef.edu.ar\/ceptm\/?p=14743"},"modified":"2024-05-06T10:59:06","modified_gmt":"2024-05-06T13:59:06","slug":"inundaciones-en-el-sur-de-brasil-por-las-lluvias","status":"publish","type":"post","link":"https:\/\/www.fie.undef.edu.ar\/ceptm\/?p=14743","title":{"rendered":"Inundaciones en el sur de Brasil por las lluvias"},"content":{"rendered":"<p>Catastr\u00f3ficas inundaciones han afectado a 281 municipios, seg\u00fan las \u00faltimas cifras compartidas por la defensa civil este s\u00e1bado. El gobierno local ha declarado el estado de calamidad en zonas donde hay m\u00e1s de 67.000 damnificados. Casi 10.000 han sido desplazadas y m\u00e1s de 4.500 se encuentran en refugios temporales, seg\u00fan la defensa civil.<\/p>\n<hr \/>\n<p><strong>(CNN) &#8212;\u00a0<\/strong>Al menos 57 personas han muerto y otras 373 est\u00e1n desaparecidas a causa de las\u00a0<a href=\"https:\/\/www.cnn.com\/2024\/04\/30\/africa\/kenya-nairobi-flooding-missing-people-intl\/index.html\" target=\"_blank\" rel=\"noopener\">fuertes lluvias e inundaciones<\/a>\u00a0que han azotado esta semana el estado brasile\u00f1o de Rio Grande do Sul.<\/p>\n<p>Alrededor de\u00a0 74 personas han resultado heridas en medio de la serie de catastr\u00f3ficas inundaciones que ha afectado a 281 municipios, seg\u00fan las \u00faltimas cifras compartidas por la defensa civil este s\u00e1bado.<\/p>\n<p>El gobierno local ha declarado el estado de calamidad en zonas donde hay m\u00e1s de 67.000 damnificados. Casi 10.000 han sido desplazadas y m\u00e1s de 4.500 se encuentran en refugios temporales, seg\u00fan la defensa civil.<\/p>\n<p>Las autoridades vigilan de cerca las presas, que no est\u00e1n dise\u00f1adas para manejar un volumen de agua tan elevado, pero afirman que no hay riesgo inminente de rotura.<\/p>\n<p>El presidente de Brasil, Luiz In\u00e1cio Lula da Silva, se reuni\u00f3 el jueves con las autoridades locales que supervisan las labores de rescate.<\/p>\n<p>El gobernador de Rio Grande do Sul, Eduardo Leite, advirti\u00f3 la noche del jueves que la capital del estado, Porto Alegre, con m\u00e1s de 1.300.000 personas, corre el riesgo de sufrir la mayor inundaci\u00f3n de su historia por el r\u00e1pido ascenso de las aguas del Lago Gua\u00edba, a las afueras de la ciudad.<\/p>\n<p>&#8220;Desgraciadamente, estamos asistiendo a un desastre hist\u00f3rico&#8221;, declar\u00f3 Leite. &#8220;Las p\u00e9rdidas materiales son gigantescas, pero nuestro objetivo en este momento son los rescates. Todav\u00eda hay gente esperando ayuda&#8221;.<\/p>\n<p>Porto Alegre sufri\u00f3 la mayor inundaci\u00f3n de su historia en 1941, que dej\u00f3 sin hogar a 70.000 personas, una cuarta parte de los 272.000 habitantes que ten\u00eda la ciudad entonces, seg\u00fan datos citados por el gobierno de la ciudad.<\/p>\n<p>Las im\u00e1genes mostraban aguas marrones turbias que en algunas zonas llegaban hasta los tejados, mientras los equipos de rescate sal\u00edan con balsas hinchables para subir a bordo a personas y animales dom\u00e9sticos.<\/p>\n<p>Este s\u00e1bado por la ma\u00f1ana, el nivel de las aguas del lago Gua\u00edba creci\u00f3 cinco metros (196 pulgadas)\u00a0 debido a las intensas lluvias, amenazando la capital del estado, Porto Alegre, seg\u00fan informaron las autoridades.<\/p>\n<p>La Fundaci\u00f3n Brasil, en colaboraci\u00f3n con la supermodelo brasile\u00f1a Gisele Bundchen,\u00a0<a href=\"https:\/\/brazilfoundation.org\/doe-agora-fundos\/?donate=43675&amp;fbclid=PAZXh0bgNhZW0CMTEAAaa0rzi4tfB6HUt4OtAkW5OvKvOqPNqm2lc9Ewj5lUVmPXjlBp8uedlBvOc_aem_Ab62kOuHbSDvr-xZpT-z79s9rs4qMsx4GLudwVI773rU0TDaG_mSfL7MXI8eQXu3fe6lWrvsonh36li6jxgrqdzN\" target=\"_blank\" rel=\"noopener\">cre\u00f3 un fondo<\/a>\u00a0para ayudar a las v\u00edctimas de las inundaciones.<\/p>\n<p>Rio Grande do Sul se ha visto cada vez m\u00e1s afectado por fen\u00f3menos meteorol\u00f3gicos extremos en los \u00faltimos a\u00f1os. En septiembre, al menos 54 personas murieron en el estado tras sufrir un cicl\u00f3n subtropical. El n\u00famero de v\u00edctimas mortales de este a\u00f1o ya ha superado ese r\u00e9cord.<\/p>\n<p>La crisis clim\u00e1tica, causada principalmente por la quema de combustibles f\u00f3siles por parte del hombre, est\u00e1 potenciando los fen\u00f3menos meteorol\u00f3gicos extremos en todo el mundo, haciendo que muchos de ellos sean<a href=\"https:\/\/www.cnn.com\/2023\/06\/15\/world\/extreme-weather-events-climate-change\/index.html\" target=\"_blank\" rel=\"noopener\">\u00a0m\u00e1s intensos y frecuentes<\/a>.<\/p>\n<figure id=\"attachment_14745\" aria-describedby=\"caption-attachment-14745\" style=\"width: 1110px\" class=\"wp-caption aligncenter\"><img loading=\"lazy\" class=\"size-full wp-image-14745\" src=\"https:\/\/www.fie.undef.edu.ar\/ceptm\/wp-content\/uploads\/2024\/05\/inundaciones-brasil-dron-e1714870110318.webp\" alt=\"\" width=\"1110\" height=\"625\" srcset=\"https:\/\/www.fie.undef.edu.ar\/ceptm\/wp-content\/uploads\/2024\/05\/inundaciones-brasil-dron-e1714870110318.webp 1110w, https:\/\/www.fie.undef.edu.ar\/ceptm\/wp-content\/uploads\/2024\/05\/inundaciones-brasil-dron-e1714870110318-300x169.webp 300w, https:\/\/www.fie.undef.edu.ar\/ceptm\/wp-content\/uploads\/2024\/05\/inundaciones-brasil-dron-e1714870110318-1024x577.webp 1024w, https:\/\/www.fie.undef.edu.ar\/ceptm\/wp-content\/uploads\/2024\/05\/inundaciones-brasil-dron-e1714870110318-768x432.webp 768w\" sizes=\"(max-width: 1110px) 100vw, 1110px\" \/><figcaption id=\"caption-attachment-14745\" class=\"wp-caption-text\">Una vista de dron muestra veh\u00edculos afectados por las inundaciones en Encantado, estado de Rio Grande do Sul, Brasil, 3 de mayo de 2024. (Foto: Diego Vara\/Reuters).<\/figcaption><\/figure>\n<p>Solo en las \u00faltimas semanas, lluvias r\u00e9cord han provocado inundaciones mortales y han tra\u00eddo el caos a la ciudad des\u00e9rtica de Dubai. Los embalses en todo el sudeste asi\u00e1tico se han estado secando debido a una persistente ola de calor regional y una sequ\u00eda continua, mientras que Kenia est\u00e1 luchando contra inundaciones y fuertes lluvias que han desbordado las orillas de los r\u00edos y han matado a casi 200 personas.<\/p>\n<p>El a\u00f1o pasado fue el m\u00e1s caluroso jam\u00e1s registrado, y las temperaturas del aire y del oc\u00e9ano subieron m\u00e1s all\u00e1 de las predicciones de muchos cient\u00edficos. El mundo ya es 1,2 grados Celsius m\u00e1s c\u00e1lido que en la \u00e9poca preindustrial.<\/p>\n<p>Seg\u00fan la ONU, la proporci\u00f3n de huracanes de alta intensidad, o ciclones tropicales, ha aumentado debido al aumento de las temperaturas globales. Las olas de calor son cada vez\u00a0<a href=\"https:\/\/www.cnn.com\/2021\/08\/21\/weather\/hurricane-henri-climate-change\/index.html\" target=\"_blank\" rel=\"noopener\">m\u00e1s frecuentes y duran m\u00e1s<\/a>.<\/p>\n<p>Los cient\u00edficos tambi\u00e9n han descubierto que es m\u00e1s probable que las tormentas entren en p\u00e9rdida y provoquen lluvias devastadoras y que duren m\u00e1s tiempo despu\u00e9s de tocar tierra.<\/p>\n<p><strong>Fuente:<\/strong> <a href=\"https:\/\/cnnespanol.cnn.com\/2024\/05\/04\/lluvias-inundaciones-muertos-desaparecidos-rio-grande-do-sul-brasil-orix\/\" target=\"_blank\" rel=\"noopener\"><em>https:\/\/cnnespanol.cnn.com<\/em><\/a><\/p>\n","protected":false},"excerpt":{"rendered":"<p>Catastr\u00f3ficas inundaciones han afectado a 281 municipios, seg\u00fan las \u00faltimas cifras compartidas por la defensa civil este s\u00e1bado. El gobierno local ha declarado el estado&hellip; <\/p>\n","protected":false},"author":1,"featured_media":14744,"comment_status":"closed","ping_status":"closed","sticky":false,"template":"","format":"standard","meta":[],"categories":[36],"tags":[],"_links":{"self":[{"href":"https:\/\/www.fie.undef.edu.ar\/ceptm\/index.php?rest_route=\/wp\/v2\/posts\/14743"}],"collection":[{"href":"https:\/\/www.fie.undef.edu.ar\/ceptm\/index.php?rest_route=\/wp\/v2\/posts"}],"about":[{"href":"https:\/\/www.fie.undef.edu.ar\/ceptm\/index.php?rest_route=\/wp\/v2\/types\/post"}],"author":[{"embeddable":true,"href":"https:\/\/www.fie.undef.edu.ar\/ceptm\/index.php?rest_route=\/wp\/v2\/users\/1"}],"replies":[{"embeddable":true,"href":"https:\/\/www.fie.undef.edu.ar\/ceptm\/index.php?rest_route=%2Fwp%2Fv2%2Fcomments&post=14743"}],"version-history":[{"count":1,"href":"https:\/\/www.fie.undef.edu.ar\/ceptm\/index.php?rest_route=\/wp\/v2\/posts\/14743\/revisions"}],"predecessor-version":[{"id":14746,"href":"https:\/\/www.fie.undef.edu.ar\/ceptm\/index.php?rest_route=\/wp\/v2\/posts\/14743\/revisions\/14746"}],"wp:featuredmedia":[{"embeddable":true,"href":"https:\/\/www.fie.undef.edu.ar\/ceptm\/index.php?rest_route=\/wp\/v2\/media\/14744"}],"wp:attachment":[{"href":"https:\/\/www.fie.undef.edu.ar\/ceptm\/index.php?rest_route=%2Fwp%2Fv2%2Fmedia&parent=14743"}],"wp:term":[{"taxonomy":"category","embeddable":true,"href":"https:\/\/www.fie.undef.edu.ar\/ceptm\/index.php?rest_route=%2Fwp%2Fv2%2Fcategories&post=14743"},{"taxonomy":"post_tag","embeddable":true,"href":"https:\/\/www.fie.undef.edu.ar\/ceptm\/index.php?rest_route=%2Fwp%2Fv2%2Ftags&post=14743"}],"curies":[{"name":"wp","href":"https:\/\/api.w.org\/{rel}","templated":true}]}}