{"id":14750,"date":"2024-05-06T11:06:07","date_gmt":"2024-05-06T14:06:07","guid":{"rendered":"https:\/\/www.fie.undef.edu.ar\/ceptm\/?p=14750"},"modified":"2024-05-06T11:06:07","modified_gmt":"2024-05-06T14:06:07","slug":"observatorio-militar-de-praia-vermelha-ompv","status":"publish","type":"post","link":"https:\/\/www.fie.undef.edu.ar\/ceptm\/?p=14750","title":{"rendered":"Observatorio Militar de Praia Vermelha (OMPV)\u00a0"},"content":{"rendered":"<p>La OMPV fue creada el 20 de septiembre de 2017, por el Comandante de la Escuela de Comando y Estado Mayor del Ej\u00e9rcito, con la misi\u00f3n de realizar estudios pol\u00edticos y estrat\u00e9gicos de inter\u00e9s para el \u00e1rea militar, en particular para el Ej\u00e9rcito, contribuyendo tambi\u00e9n al incremento y difusi\u00f3n de la mentalidad de Defensa.<\/p>\n<hr \/>\n<p>A Escola de Comando e Estado-Maior do Ex\u00e9rcito (ECEME) \u2013 Escola Marechal Castello Branco \u2013 \u00e9 o estabelecimento de mais alto n\u00edvel do sistema de educa\u00e7\u00e3o e cultura do Ex\u00e9rcito Brasileiro, no qual tanto oficiais da linha b\u00e9lica quanto m\u00e9dicos e engenheiros militares realizam cursos de altos estudos e de pol\u00edtica e estrat\u00e9gia, mais recentemente, com o reconhecimento pela CAPES dos programas de p\u00f3s-gradua\u00e7\u00e3o \u201cstrictu sensu\u201d (mestrado e doutorado), a ECEME passou a contar tamb\u00e9m com alunos civis.<\/p>\n<p>Ao longo de sua trajet\u00f3ria de mais de cem anos, a ECEME tem se notabilizado por \u201cpensar o Ex\u00e9rcito\u201d e prestar relevantes contribui\u00e7\u00f5es ao Sistema de Desenvolvimento da Doutrina Militar Terrestre (SIDOMT), bem como tem subsidiado, por meio de seus projetos interdisciplinares, estudos sobre temas de interesse dos \u00f3rg\u00e3os de dire\u00e7\u00e3o geral, operacional e setorial da Institui\u00e7\u00e3o.<\/p>\n<p>Calcada no trin\u00f4mio Ensino-Pesquisa-Doutrina, a ECEME conduz seus cursos em regime de dedica\u00e7\u00e3o exclusiva, em tempo integral. Tendo adotado a metodologia do ensino por compet\u00eancias, a Escola v\u00ea-se, agora, diante da necessidade de evoluir de uma integralidade quantitativa para uma integra\u00e7\u00e3o qualitativa, contextualizada e sin\u00e9rgica de todas as suas atividades.<\/p>\n<p>Os cursos oferecidos aos oficiais brasileiros, inclusive o de prepara\u00e7\u00e3o, t\u00eam car\u00e1ter corporativo, inserindo-se no itiner\u00e1rio formativo iniciado na Academia Militar das Agulhas Negras (AMAN), no Instituto Militar de Engenharia (IME) e na Escola de Sa\u00fade do Ex\u00e9rcito (EsSEx) e no continuado na Escola de Aperfei\u00e7oamento de Oficiais (EsAO). Em todo esse processo, avultam de import\u00e2ncia a consolida\u00e7\u00e3o dos valores mais caros \u00e0 Institui\u00e7\u00e3o e o aproveitamento das experi\u00eancias vivenciadas por alunos e instrutores ao longo da carreira. Tais circunst\u00e2ncias n\u00e3o apenas favorecem como tamb\u00e9m recomendam a integra\u00e7\u00e3o entre os diversos cursos, disciplinas e atividades conduzidas na Escola.<\/p>\n<p>Analisado o ambiente escolar, verificou-se que h\u00e1 oportunidades a explorar, capazes de agregar valor ao processo ensino-aprendizagem, tirando-se proveito do seu car\u00e1ter integral para potencializar a atua\u00e7\u00e3o do consider\u00e1vel conjunto de talentos reunido na ECEME, aprofundar os conte\u00fados desenvolvidos na Escola (factuais, conceituais, procedimentais e atitudinais) e interrelacionar os diversos m\u00e9todos adotados. Neste sentido, iniciativas integradoras v\u00eam sendo adotadas com o intuito de se alcan\u00e7ar adequado grau de converg\u00eancia dos vetores que materializam a pr\u00e1tica pedag\u00f3gica da Escola, dentre as quais se destaca a cria\u00e7\u00e3o do Observat\u00f3rio Militar da Praia Vermelha (OMPV).<\/p>\n<p><img loading=\"lazy\" class=\"alignleft size-full wp-image-14752\" src=\"https:\/\/www.fie.undef.edu.ar\/ceptm\/wp-content\/uploads\/2024\/05\/logo_ompv.png\" alt=\"\" width=\"164\" height=\"164\" srcset=\"https:\/\/www.fie.undef.edu.ar\/ceptm\/wp-content\/uploads\/2024\/05\/logo_ompv.png 164w, https:\/\/www.fie.undef.edu.ar\/ceptm\/wp-content\/uploads\/2024\/05\/logo_ompv-150x150.png 150w\" sizes=\"(max-width: 164px) 100vw, 164px\" \/>O Observat\u00f3rio Militar da Praia Vermelha (OMPV) \u00e9 um instrumento de integra\u00e7\u00e3o de conhecimentos, destinado ao acompanhamento geopol\u00edtico da conjuntura, definido por \u00e1reas tem\u00e1ticas, a partir da capacidade de an\u00e1lise pol\u00edtico-estrat\u00e9gica presente na ECEME.<\/p>\n<p>O OMPV foi criado no dia 20 de setembro de 2017, pelo Comandante da Escola de Comando e Estado-Maior do Ex\u00e9rcito, com a miss\u00e3o de realizar estudos pol\u00edticos e estrat\u00e9gicos de interesse da \u00e1rea militar, em particular do Ex\u00e9rcito, valendo-se das diversas metodologias empregadas na ECEME, dando um tratamento multidisciplinar a essas quest\u00f5es e, tamb\u00e9m, de contribuir para o incremento e a difus\u00e3o da mentalidade de Defesa.<\/p>\n<p>Desta forma, o OMPV se prop\u00f5e a realizar o acompanhamento do cen\u00e1rio geopol\u00edtico definido em \u00e1reas tem\u00e1ticas de interesse, sob a \u00f3tica das Ci\u00eancias Militares, produzindo e divulgando conhecimento de modo cont\u00ednuo e oportuno referente aos assuntos que tenham ader\u00eancia aos interesses do Ex\u00e9rcito, em especial aos que impactam no estudo do preparo e do emprego da For\u00e7a Terrestre. Adicionalmente, ampliar\u00e1 o desenvolvimento de uma mentalidade de pesquisa e an\u00e1lise de estudos estrat\u00e9gicos na ECEME e no Ex\u00e9rcito. Sendo assim, tornar-se-\u00e1 uma relevante ferramenta na pesquisa e nos estudos estrat\u00e9gicos, dispon\u00edvel na WEB, ao mesmo tempo em que proporcionar\u00e1 a aproxima\u00e7\u00e3o de institui\u00e7\u00f5es cong\u00eaneres e de colaboradores externos, civis e militares.<\/p>\n<p><img loading=\"lazy\" class=\"aligncenter size-full wp-image-14753\" src=\"https:\/\/www.fie.undef.edu.ar\/ceptm\/wp-content\/uploads\/2024\/05\/areas_tematicas_new.jpg\" alt=\"\" width=\"960\" height=\"720\" srcset=\"https:\/\/www.fie.undef.edu.ar\/ceptm\/wp-content\/uploads\/2024\/05\/areas_tematicas_new.jpg 960w, https:\/\/www.fie.undef.edu.ar\/ceptm\/wp-content\/uploads\/2024\/05\/areas_tematicas_new-300x225.jpg 300w, https:\/\/www.fie.undef.edu.ar\/ceptm\/wp-content\/uploads\/2024\/05\/areas_tematicas_new-768x576.jpg 768w\" sizes=\"(max-width: 960px) 100vw, 960px\" \/><\/p>\n<p>Atualmente, as \u00e1reas tem\u00e1ticas selecionadas s\u00e3o: Conflitos B\u00e9licos; Sistemas de Armas; Terrorismo; Miss\u00f5es de Paz; Guerra Cibern\u00e9tica; Movimentos Populacionais; Crime Organizado Internacional e Seguran\u00e7a P\u00fablica; e Recursos Naturais e Fontes de Energia. Sob a coordena\u00e7\u00e3o do IMM, cada um desses t\u00f3picos ser\u00e1 observado por um grupo de trabalho composto por um coordenador militar, um coordenador acad\u00eamico, observadores (incluindo os diversos instrutores e alunos de na\u00e7\u00f5es amigas), adjuntos de coordena\u00e7\u00e3o (alunos civis bolsistas do Programa de P\u00f3s-Gradua\u00e7\u00e3o e, Ci\u00eancias Militares), e colaboradores externos.<\/p>\n<p>Dentre as formas de divulga\u00e7\u00e3o dos trabalhos resultantes desse acompanhamento , destaca-se a elabora\u00e7\u00e3o de an\u00e1lises estrat\u00e9gicas apoiadas em mapas tem\u00e1ticos, desenvolvidos por meio de software de geoprocessamento, que proporcionar\u00e3o um aprimoramento das pr\u00e1ticas pedag\u00f3gicas da Escola e ser\u00e3o disponibilizados para os diversos \u00f3rg\u00e3os do Ex\u00e9rcito e entidades parceiras, bem como para toda a sociedade interessada. A clipagem e a resenha das principais not\u00edcias e artigos publicados na WEB dentro de cada \u00e1rea de estudo no per\u00edodo considerado tamb\u00e9m \u00e9 um produto a ser disponibilizado pelo OMPV, bem como as refer\u00eancias bibliogr\u00e1ficas utilizadas para o estudo e a an\u00e1lise estrat\u00e9gica realizada.<\/p>\n<p><img loading=\"lazy\" class=\"aligncenter size-full wp-image-14754\" src=\"https:\/\/www.fie.undef.edu.ar\/ceptm\/wp-content\/uploads\/2024\/05\/geoportal.png\" alt=\"\" width=\"605\" height=\"330\" srcset=\"https:\/\/www.fie.undef.edu.ar\/ceptm\/wp-content\/uploads\/2024\/05\/geoportal.png 605w, https:\/\/www.fie.undef.edu.ar\/ceptm\/wp-content\/uploads\/2024\/05\/geoportal-300x164.png 300w\" sizes=\"(max-width: 605px) 100vw, 605px\" \/><\/p>\n<p>Destarte, o OMPV desenvolver\u00e1, de forma sist\u00eamica, a produ\u00e7\u00e3o de estudos estrat\u00e9gicos na ECEME, aproveitando o capital intelectual permanente (docentes) e tempor\u00e1rio (discentes) existente na Escola, reunidos em grupos de pesquisa inscritos no Diret\u00f3rio de Grupos de Pesquisa do CNPQ, contribuindo assim mais um elemento integrador entre as Divis\u00f5es da Escola. Ademais, ao divulgar para a sociedade e, em especial, para a comunidade cient\u00edfica o conhecimento produzido na Escola, o OMPV configura-se tamb\u00e9m como mais um vetor de comunica\u00e7\u00e3o social da ECEME. Fica, assim, patente que a Escola que \u201cpensa o Ex\u00e9rcito\u201d aprimora-se constantemente na maneira de \u201cpensar o Brasil e o sistema internacional\u201d.<\/p>\n<p><strong>Fuente:<\/strong> <a href=\"https:\/\/ompv.eceme.eb.mil.br\/apresentacao\" target=\"_blank\" rel=\"noopener\"><em>https:\/\/ompv.eceme.eb.mil.br<\/em><\/a><\/p>\n","protected":false},"excerpt":{"rendered":"<p>La OMPV fue creada el 20 de septiembre de 2017, por el Comandante de la Escuela de Comando y Estado Mayor del Ej\u00e9rcito, con la&hellip; <\/p>\n","protected":false},"author":1,"featured_media":14751,"comment_status":"closed","ping_status":"closed","sticky":false,"template":"","format":"standard","meta":[],"categories":[28],"tags":[],"_links":{"self":[{"href":"https:\/\/www.fie.undef.edu.ar\/ceptm\/index.php?rest_route=\/wp\/v2\/posts\/14750"}],"collection":[{"href":"https:\/\/www.fie.undef.edu.ar\/ceptm\/index.php?rest_route=\/wp\/v2\/posts"}],"about":[{"href":"https:\/\/www.fie.undef.edu.ar\/ceptm\/index.php?rest_route=\/wp\/v2\/types\/post"}],"author":[{"embeddable":true,"href":"https:\/\/www.fie.undef.edu.ar\/ceptm\/index.php?rest_route=\/wp\/v2\/users\/1"}],"replies":[{"embeddable":true,"href":"https:\/\/www.fie.undef.edu.ar\/ceptm\/index.php?rest_route=%2Fwp%2Fv2%2Fcomments&post=14750"}],"version-history":[{"count":1,"href":"https:\/\/www.fie.undef.edu.ar\/ceptm\/index.php?rest_route=\/wp\/v2\/posts\/14750\/revisions"}],"predecessor-version":[{"id":14755,"href":"https:\/\/www.fie.undef.edu.ar\/ceptm\/index.php?rest_route=\/wp\/v2\/posts\/14750\/revisions\/14755"}],"wp:featuredmedia":[{"embeddable":true,"href":"https:\/\/www.fie.undef.edu.ar\/ceptm\/index.php?rest_route=\/wp\/v2\/media\/14751"}],"wp:attachment":[{"href":"https:\/\/www.fie.undef.edu.ar\/ceptm\/index.php?rest_route=%2Fwp%2Fv2%2Fmedia&parent=14750"}],"wp:term":[{"taxonomy":"category","embeddable":true,"href":"https:\/\/www.fie.undef.edu.ar\/ceptm\/index.php?rest_route=%2Fwp%2Fv2%2Fcategories&post=14750"},{"taxonomy":"post_tag","embeddable":true,"href":"https:\/\/www.fie.undef.edu.ar\/ceptm\/index.php?rest_route=%2Fwp%2Fv2%2Ftags&post=14750"}],"curies":[{"name":"wp","href":"https:\/\/api.w.org\/{rel}","templated":true}]}}