{"id":14773,"date":"2024-05-13T07:59:46","date_gmt":"2024-05-13T10:59:46","guid":{"rendered":"https:\/\/www.fie.undef.edu.ar\/ceptm\/?p=14773"},"modified":"2024-05-13T07:59:46","modified_gmt":"2024-05-13T10:59:46","slug":"el-indec-y-el-instituto-geografico-nacional-de-argentina-con-el-apoyo-de-cepal-trazan-la-hoja-de-ruta-para-la-integracion-de-la-informacion-estadistica-y-geoespacial","status":"publish","type":"post","link":"https:\/\/www.fie.undef.edu.ar\/ceptm\/?p=14773","title":{"rendered":"El INDEC y el Instituto Geogr\u00e1fico Nacional de Argentina con el apoyo de CEPAL trazan la hoja de ruta para la integraci\u00f3n de la informaci\u00f3n estad\u00edstica y geoespacial"},"content":{"rendered":"<p>Tanto el INDEC como el IGN presentaron sus l\u00edneas de trabajo en materia de nombres geogr\u00e1ficos; representaci\u00f3n de l\u00edmites internacionales, interprovinciales e interdepartamentales; unidades geoestad\u00edsticas en el marco del Sistema Estad\u00edstico Nacional y codificaci\u00f3n de unidades geogr\u00e1ficas, entre otras. Igualmente expusieron sobre las plataformas que utilizan para la diseminaci\u00f3n de datos georreferenciados. De manera complementaria, se llev\u00f3 a cabo una discusi\u00f3n sobre los principales desaf\u00edos para la integraci\u00f3n de la informaci\u00f3n estad\u00edstica y geoespacial, apoyada por una propuesta de hoja de ruta que sistematiza un conjunto de acciones que llevar\u00e1n a cabo de manera colaborativa y coordinada ambos organismos, para avanzar en estos procesos siguiendo las recomendaciones del Marco Estad\u00edstico Global (GSGF) y del Marco integrado de Informaci\u00f3n Geoespacial (IGIF).<\/p>\n<hr \/>\n<p>En el marco del Proyecto Fortalecimiento de las Capacidades Geoespaciales de las Oficinas Nacionales de Estad\u00edstica para el seguimiento de la Agenda 2030 en Am\u00e9rica Latina y el Caribe de la CEPAL, se llev\u00f3 a cabo el\u00a0<strong>Taller para la generaci\u00f3n de una hoja de ruta para la integraci\u00f3n de informaci\u00f3n estad\u00edstica y geoespacial<\/strong>\u00a0en la ciudad de Buenos Aires, Argentina del 6 al 7 de mayo de 2024. Cont\u00f3 con la participaci\u00f3n de autoridades y especialistas del<strong>\u00a0Instituto Nacional de Estad\u00edstica y Censos (INDEC)<\/strong>\u00a0y del\u00a0<strong>Instituto Geogr\u00e1fico Nacional (IGN) de la Rep\u00fablica Argentina<\/strong>.<\/p>\n<p>Tanto el INDEC como el IGN presentaron sus l\u00edneas de trabajo en materia de nombres geogr\u00e1ficos; representaci\u00f3n de l\u00edmites internacionales, interprovinciales e interdepartamentales; unidades geoestad\u00edsticas en el marco del Sistema Estad\u00edstico Nacional y codificaci\u00f3n de unidades geogr\u00e1ficas, entre otras. Igualmente expusieron sobre las plataformas que utilizan para la diseminaci\u00f3n de datos georreferenciados.<\/p>\n<p>De manera complementaria, se llev\u00f3 a cabo una discusi\u00f3n sobre los principales desaf\u00edos para la integraci\u00f3n de la informaci\u00f3n estad\u00edstica y geoespacial, apoyada por una propuesta de hoja de ruta que sistematiza un conjunto de acciones que llevar\u00e1n a cabo de manera colaborativa y coordinada ambos organismos, para avanzar en estos procesos siguiendo las recomendaciones del\u00a0<strong>Marco Estad\u00edstico Global (GSGF)<\/strong>\u00a0y del\u00a0<strong>Marco integrado de Informaci\u00f3n Geoespacial (IGIF)<\/strong>.<\/p>\n<p><strong>Fuente:<\/strong> <a href=\"https:\/\/www.cepal.org\/es\/notas\/instituto-nacional-estadisticas-censos-indec-instituto-geografico-nacional-argentina-apoyo\" target=\"_blank\" rel=\"noopener\"><em>https:\/\/www.cepal.org<\/em><\/a><\/p>\n","protected":false},"excerpt":{"rendered":"<p>Tanto el INDEC como el IGN presentaron sus l\u00edneas de trabajo en materia de nombres geogr\u00e1ficos; representaci\u00f3n de l\u00edmites internacionales, interprovinciales e interdepartamentales; unidades geoestad\u00edsticas&hellip; <\/p>\n","protected":false},"author":1,"featured_media":14774,"comment_status":"closed","ping_status":"closed","sticky":false,"template":"","format":"standard","meta":[],"categories":[35],"tags":[],"_links":{"self":[{"href":"https:\/\/www.fie.undef.edu.ar\/ceptm\/index.php?rest_route=\/wp\/v2\/posts\/14773"}],"collection":[{"href":"https:\/\/www.fie.undef.edu.ar\/ceptm\/index.php?rest_route=\/wp\/v2\/posts"}],"about":[{"href":"https:\/\/www.fie.undef.edu.ar\/ceptm\/index.php?rest_route=\/wp\/v2\/types\/post"}],"author":[{"embeddable":true,"href":"https:\/\/www.fie.undef.edu.ar\/ceptm\/index.php?rest_route=\/wp\/v2\/users\/1"}],"replies":[{"embeddable":true,"href":"https:\/\/www.fie.undef.edu.ar\/ceptm\/index.php?rest_route=%2Fwp%2Fv2%2Fcomments&post=14773"}],"version-history":[{"count":1,"href":"https:\/\/www.fie.undef.edu.ar\/ceptm\/index.php?rest_route=\/wp\/v2\/posts\/14773\/revisions"}],"predecessor-version":[{"id":14775,"href":"https:\/\/www.fie.undef.edu.ar\/ceptm\/index.php?rest_route=\/wp\/v2\/posts\/14773\/revisions\/14775"}],"wp:featuredmedia":[{"embeddable":true,"href":"https:\/\/www.fie.undef.edu.ar\/ceptm\/index.php?rest_route=\/wp\/v2\/media\/14774"}],"wp:attachment":[{"href":"https:\/\/www.fie.undef.edu.ar\/ceptm\/index.php?rest_route=%2Fwp%2Fv2%2Fmedia&parent=14773"}],"wp:term":[{"taxonomy":"category","embeddable":true,"href":"https:\/\/www.fie.undef.edu.ar\/ceptm\/index.php?rest_route=%2Fwp%2Fv2%2Fcategories&post=14773"},{"taxonomy":"post_tag","embeddable":true,"href":"https:\/\/www.fie.undef.edu.ar\/ceptm\/index.php?rest_route=%2Fwp%2Fv2%2Ftags&post=14773"}],"curies":[{"name":"wp","href":"https:\/\/api.w.org\/{rel}","templated":true}]}}