{"id":14776,"date":"2024-05-13T08:04:57","date_gmt":"2024-05-13T11:04:57","guid":{"rendered":"https:\/\/www.fie.undef.edu.ar\/ceptm\/?p=14776"},"modified":"2024-05-13T08:04:57","modified_gmt":"2024-05-13T11:04:57","slug":"tras-su-viaje-a-la-argentina-la-general-laura-richardson-dijo-que-america-latina-no-se-beneficia-de-los-recursos-que-extrae-china","status":"publish","type":"post","link":"https:\/\/www.fie.undef.edu.ar\/ceptm\/?p=14776","title":{"rendered":"Tras su viaje a la Argentina, la general Laura Richardson dijo que Am\u00e9rica Latina &#8220;no se beneficia&#8221; de los recursos que extrae China"},"content":{"rendered":"<p>Un mes despu\u00e9s de haber visitado Argentina, la jefa del Comando Sur de Estados Unidos, general Laura Richardson, volvi\u00f3 a criticar la presencia de China en la regi\u00f3n, en especial en materia de inversi\u00f3n en infraestructura cr\u00edtica y la posibilidad de que el gigante asi\u00e1tico haga uso militar de las instalaciones, a pesar de que este accionar fuera desmentido en varias oportunidades. Durante su intervenci\u00f3n en la Novena Conferencia de Seguridad Hemisf\u00e9rica, Richardson expres\u00f3 su inquietud sobre c\u00f3mo las inversiones de origen chino podr\u00edan afectar la seguridad nacional y la integridad de los datos en la regi\u00f3n. Como encargada de defender los intereses estadounidenses en Am\u00e9rica Latina, Richardson enfatiz\u00f3 que, aunque la regi\u00f3n es una importante productora de recursos naturales a nivel mundial, no est\u00e1 obteniendo los beneficios proporcionales de estos recursos. &#8220;El primer mega puerto que hizo China en Am\u00e9rica Latina solamente va a hacer m\u00e1s f\u00e1cil para los chinos extraer todos estos recursos de la regi\u00f3n&#8221;, afirm\u00f3 Richardson. Pero no hizo referencia \u00fanicamente a la extracci\u00f3n de recursos, sino que tambi\u00e9n se refiri\u00f3 a &#8220;la seguridad cibern\u00e9tica y la protecci\u00f3n de datos&#8221;, en el marco de la competencia en materia de telecomunicaciones.<\/p>\n<hr \/>\n<p data-t=\"{&quot;n&quot;:&quot;blueLinks&quot;}\">Apenas un mes despu\u00e9s de\u00a0<a href=\"https:\/\/www.perfil.com\/noticias\/politica\/milei-en-tierra-del-fuego-la-polemica-por-el-himno-de-eeuu-y-los-bloopers-de-petri-con-el-discurso-que-no-fue-y-la-marcha-de-malvinas.phtml\" target=\"_blank\" rel=\"noopener\" data-t=\"{&quot;n&quot;:&quot;destination&quot;,&quot;t&quot;:13,&quot;b&quot;:1,&quot;c.t&quot;:7}\">haber visitado Argentina<\/a>, la jefa del Comando Sur de Estados Unidos, generala<a href=\"https:\/\/www.perfil.com\/noticias\/politica\/milei-en-tierra-del-fuego-la-polemica-por-el-himno-de-eeuu-y-los-bloopers-de-petri-con-el-discurso-que-no-fue-y-la-marcha-de-malvinas.phtml\" target=\"_blank\" rel=\"noopener\" data-t=\"{&quot;n&quot;:&quot;destination&quot;,&quot;t&quot;:13,&quot;b&quot;:1,&quot;c.t&quot;:7}\">\u00a0<strong>Laura Richardson<\/strong>,<\/a>\u00a0volvi\u00f3 a criticar la presencia de\u00a0<strong>China\u00a0<\/strong>en la regi\u00f3n, en especial en materia de inversi\u00f3n en infraestructura cr\u00edtica y la posibilidad de que el gigante asi\u00e1tico haga uso militar de las instalaciones, a pesar de que este accionar fuera desmentido en varias oportunidades.<\/p>\n<p data-t=\"{&quot;n&quot;:&quot;blueLinks&quot;}\">Durante su intervenci\u00f3n en la Novena Conferencia de Seguridad Hemisf\u00e9rica, Richardson expres\u00f3 su inquietud sobre c\u00f3mo estas<strong>\u00a0inversiones de origen chino podr\u00edan afectar la seguridad nacional\u00a0<\/strong>y la integridad de los datos en la regi\u00f3n.<\/p>\n<p>Encargada de defender los intereses estadounidenses en Am\u00e9rica Latina, Richardson enfatiz\u00f3 que, aunque la regi\u00f3n es una importante productora de recursos naturales a nivel mundial, no est\u00e1 obteniendo los beneficios proporcionales de estos recursos.<\/p>\n<p data-t=\"{&quot;n&quot;:&quot;blueLinks&quot;}\"><strong>&#8220;El primer megapuerto que hizo China en Am\u00e9rica Latina solamente va a hacer m\u00e1s f\u00e1cil para los chinos extraer todos estos recursos de la regi\u00f3n<\/strong>&#8220;, afirm\u00f3 Richardson desde Miami, sede de la conferencia de seguridad regional.<\/p>\n<p class=\"article-sub-heading\"><strong>La carrera por los datos<\/strong><\/p>\n<p data-t=\"{&quot;n&quot;:&quot;blueLinks&quot;}\">Pero no hizo referencia \u00fanicamente a la extracci\u00f3n de recursos, sino que tambi\u00e9n se refiri\u00f3 a &#8220;<strong>la seguridad cibern\u00e9tica y la protecci\u00f3n de datos<\/strong>&#8220;, en el marco de la competencia estrat\u00e9gica que mantiene con Estados Unidos en materia de telecomunicaciones.<\/p>\n<p data-t=\"{&quot;n&quot;:&quot;blueLinks&quot;}\">En este sentido, destac\u00f3 la importancia de &#8220;educar e informar&#8221; sobre los &#8220;riesgos asociados&#8221; con permitir que la<strong>\u00a0infraestructura cr\u00edtica<\/strong>\u00a0caiga bajo el control de empresas vinculadas al gobierno chino, como los sistemas de escaneo de carga portuaria, entre otros asuntos.<\/p>\n<p data-t=\"{&quot;n&quot;:&quot;blueLinks&quot;}\"><strong>&#8220;\u00bfQui\u00e9n va a tener todos esos datos?&#8221;,<\/strong>\u00a0se pregunt\u00f3 Richardson, subrayando la urgencia de asegurar que la informaci\u00f3n sensible no sea explotada con fines adversos o sujetas a programas cibern\u00e9ticos maliciosos.<\/p>\n<figure id=\"attachment_14778\" aria-describedby=\"caption-attachment-14778\" style=\"width: 768px\" class=\"wp-caption aligncenter\"><img loading=\"lazy\" class=\"size-full wp-image-14778\" src=\"https:\/\/www.fie.undef.edu.ar\/ceptm\/wp-content\/uploads\/2024\/05\/BB1maBPb.jpeg\" alt=\"\" width=\"768\" height=\"431\" srcset=\"https:\/\/www.fie.undef.edu.ar\/ceptm\/wp-content\/uploads\/2024\/05\/BB1maBPb.jpeg 768w, https:\/\/www.fie.undef.edu.ar\/ceptm\/wp-content\/uploads\/2024\/05\/BB1maBPb-300x168.jpeg 300w\" sizes=\"(max-width: 768px) 100vw, 768px\" \/><figcaption id=\"caption-attachment-14778\" class=\"wp-caption-text\">Conferencia de seguridad hemisf\u00e9rica en Miami. \u00a9 Proporcionado por Perfil<\/figcaption><\/figure>\n<p data-t=\"{&quot;n&quot;:&quot;blueLinks&quot;}\">&#8220;Por qu\u00e9 hay tanto enfoque en la infraestructura cr\u00edtica en este hemisferio por parte de los chinos,<strong>\u00a0nos preocupan las posibles aplicaciones militares\u00a0<\/strong>que son controladas por el gobierno&#8221;, manifest\u00f3 Richardson durante su intervenci\u00f3n.<\/p>\n<p data-t=\"{&quot;n&quot;:&quot;blueLinks&quot;}\">Adem\u00e1s de abordar la cuesti\u00f3n de la seguridad cibern\u00e9tica, Richardson resalt\u00f3 la importancia de la colaboraci\u00f3n internacional para enfrentar los desaf\u00edos planteados por la expansi\u00f3n tecnol\u00f3gica y econ\u00f3mica de China en la regi\u00f3n.<\/p>\n<p data-t=\"{&quot;n&quot;:&quot;blueLinks&quot;}\"><strong>&#8220;El objetivo no es superar a los chinos, sino promover alternativas democr\u00e1ticas en la ciberseguridad que protejan los derechos humanos y aseguren los datos&#8221;,<\/strong>\u00a0afirm\u00f3.<\/p>\n<p data-t=\"{&quot;n&quot;:&quot;blueLinks&quot;}\">En el contexto de la conferencia, Richardson tambi\u00e9n discuti\u00f3 la relaci\u00f3n entre seguridad econ\u00f3mica y seguridad nacional, destacando la necesidad de abordar ambos aspectos simult\u00e1neamente para garantizar la estabilidad y el desarrollo a largo plazo. &#8220;La seguridad econ\u00f3mica es igual a la seguridad nacional&#8221;, concluy\u00f3 la generala.<\/p>\n<figure id=\"attachment_14779\" aria-describedby=\"caption-attachment-14779\" style=\"width: 768px\" class=\"wp-caption aligncenter\"><img loading=\"lazy\" class=\"size-full wp-image-14779\" src=\"https:\/\/www.fie.undef.edu.ar\/ceptm\/wp-content\/uploads\/2024\/05\/BB1l9LNd.jpeg\" alt=\"\" width=\"768\" height=\"431\" srcset=\"https:\/\/www.fie.undef.edu.ar\/ceptm\/wp-content\/uploads\/2024\/05\/BB1l9LNd.jpeg 768w, https:\/\/www.fie.undef.edu.ar\/ceptm\/wp-content\/uploads\/2024\/05\/BB1l9LNd-300x168.jpeg 300w\" sizes=\"(max-width: 768px) 100vw, 768px\" \/><figcaption id=\"caption-attachment-14779\" class=\"wp-caption-text\">A principios de abril Laura Richardson viaj\u00f3 a Buenos Aires y se reuni\u00f3 con Victoria Villarruel y Luis Petri. Despu\u00e9s se encontr\u00f3 con Javier Milei en Ushuaia. \u00a9 Proporcionado por Perfil<\/figcaption><\/figure>\n<p class=\"article-sub-heading\"><strong>La agenda de Richardson en la regi\u00f3n<\/strong><\/p>\n<p data-t=\"{&quot;n&quot;:&quot;blueLinks&quot;}\">En los \u00faltimos meses, Richardson, que ostenta uno de los mayores cargos militares del pa\u00eds norteamericano, mantuvo una agenda intensa a nivel regional y que incluy\u00f3 una\u00a0<a href=\"https:\/\/www.perfil.com\/noticias\/politica\/milei-viaja-a-ushuaia-para-reunirse-con-la-general-estadounidenselaura-richardson.phtml\" target=\"_blank\" rel=\"noopener\" data-t=\"{&quot;n&quot;:&quot;destination&quot;,&quot;t&quot;:13,&quot;b&quot;:1,&quot;c.t&quot;:7}\"><strong>visita a Argentina<\/strong><\/a>\u00a0a principios de abril, la segunda en menos de un a\u00f1o.<\/p>\n<p data-t=\"{&quot;n&quot;:&quot;blueLinks&quot;}\">Durante su estad\u00eda, evit\u00f3 hablar de recursos naturales -como hizo anteriormente con el litio- pero s\u00ed realiz\u00f3 un viaje con fuerte impronta simb\u00f3lica: visit\u00f3\u00a0<strong>Ushuaia<\/strong>, un enclave estrat\u00e9gico para el comercio global por su car\u00e1cter bioce\u00e1nico, donde<a href=\"https:\/\/www.perfil.com\/noticias\/politica\/milei-viaja-a-ushuaia-para-reunirse-con-la-general-estadounidenselaura-richardson.phtml\" target=\"_blank\" rel=\"noopener\" data-t=\"{&quot;n&quot;:&quot;destination&quot;,&quot;t&quot;:13,&quot;b&quot;:1,&quot;c.t&quot;:7}\">\u00a0se reuni\u00f3 con el presidente\u00a0<strong>Javier Milei.<\/strong><\/a><\/p>\n<p data-t=\"{&quot;n&quot;:&quot;blueLinks&quot;}\">Un mes despu\u00e9s, Richardson volvi\u00f3 a ocupar el centro de la escena al expresar la preocupaci\u00f3n de Washington respecto a Beijing, uno de sus principales competidores de la regi\u00f3n, desde la Conferencia de Seguridad Hemisf\u00e9rica, un universo que incluye a los pa\u00edses de todo el continente americano, otras organizaciones y especialistas que trabajan temas de seguridad y defensa.<\/p>\n<figure id=\"attachment_14780\" aria-describedby=\"caption-attachment-14780\" style=\"width: 768px\" class=\"wp-caption aligncenter\"><img loading=\"lazy\" class=\"size-full wp-image-14780\" src=\"https:\/\/www.fie.undef.edu.ar\/ceptm\/wp-content\/uploads\/2024\/05\/BB1l9qiR.jpeg\" alt=\"\" width=\"768\" height=\"637\" srcset=\"https:\/\/www.fie.undef.edu.ar\/ceptm\/wp-content\/uploads\/2024\/05\/BB1l9qiR.jpeg 768w, https:\/\/www.fie.undef.edu.ar\/ceptm\/wp-content\/uploads\/2024\/05\/BB1l9qiR-300x249.jpeg 300w\" sizes=\"(max-width: 768px) 100vw, 768px\" \/><figcaption id=\"caption-attachment-14780\" class=\"wp-caption-text\">Javier Milei junto a Laura Richardson. \u00a9 Proporcionado por Perfil<\/figcaption><\/figure>\n<p class=\"article-sub-heading\"><strong>La novena Conferencia de Seguridad Hemisf\u00e9rica<\/strong><\/p>\n<p data-t=\"{&quot;n&quot;:&quot;blueLinks&quot;}\">El evento, impulsada por la Universidad Internacional de Florida y la Fundaci\u00f3n TAEDA, busca promover el di\u00e1logo sobre varios temas que van desde la seguridad cibern\u00e9tica y la lucha contra el crimen organizado hasta la cooperaci\u00f3n regional en materia de defensa. En su novena edici\u00f3n, sirve de espacio de an\u00e1lisis para comprender c\u00f3mo la tecnolog\u00eda est\u00e1 influyendo tanto en las amenazas como en las estrategias de seguridad en el continente.<\/p>\n<p data-t=\"{&quot;n&quot;:&quot;blueLinks&quot;}\">Entre los oradores destacados figuran el presidente de Paraguay, Santiago Pe\u00f1a, el General Tim Ray, USAF (Ret.), el almirante Craig Faller, excomandante del Comando Sur de Estados Unidos, y Rafael Grossi, director general del Organismo Internacional de Energ\u00eda At\u00f3mica.<\/p>\n<p data-t=\"{&quot;n&quot;:&quot;blueLinks&quot;}\">En la segunda jornada del evento, pautada para el viernes 10 de mayo, se tratar\u00e1n temas de desinformaci\u00f3n, la ciberseguridad y los desaf\u00edos medioambientales.<\/p>\n<p><strong>Fuente:<\/strong> <a href=\"https:\/\/www.msn.com\/es-ar\/noticias\/mundo\/tras-su-viaje-a-argentina-la-generala-laura-richardson-dijo-que-am%C3%A9rica-latina-no-se-beneficia-de-los-recursos-que-extrae-china\/ar-BB1maxpg?ocid=msedgntp&amp;pc=U531&amp;cvid=e4720e71bc9d46f9bccad267c7ac5eec&amp;ei=9\" target=\"_blank\" rel=\"noopener\"><em>https:\/\/www.msn.com<\/em><\/a><\/p>\n","protected":false},"excerpt":{"rendered":"<p>Un mes despu\u00e9s de haber visitado Argentina, la jefa del Comando Sur de Estados Unidos, general Laura Richardson, volvi\u00f3 a criticar la presencia de China&hellip; <\/p>\n","protected":false},"author":1,"featured_media":14777,"comment_status":"closed","ping_status":"closed","sticky":false,"template":"","format":"standard","meta":[],"categories":[35,23,28],"tags":[],"_links":{"self":[{"href":"https:\/\/www.fie.undef.edu.ar\/ceptm\/index.php?rest_route=\/wp\/v2\/posts\/14776"}],"collection":[{"href":"https:\/\/www.fie.undef.edu.ar\/ceptm\/index.php?rest_route=\/wp\/v2\/posts"}],"about":[{"href":"https:\/\/www.fie.undef.edu.ar\/ceptm\/index.php?rest_route=\/wp\/v2\/types\/post"}],"author":[{"embeddable":true,"href":"https:\/\/www.fie.undef.edu.ar\/ceptm\/index.php?rest_route=\/wp\/v2\/users\/1"}],"replies":[{"embeddable":true,"href":"https:\/\/www.fie.undef.edu.ar\/ceptm\/index.php?rest_route=%2Fwp%2Fv2%2Fcomments&post=14776"}],"version-history":[{"count":1,"href":"https:\/\/www.fie.undef.edu.ar\/ceptm\/index.php?rest_route=\/wp\/v2\/posts\/14776\/revisions"}],"predecessor-version":[{"id":14781,"href":"https:\/\/www.fie.undef.edu.ar\/ceptm\/index.php?rest_route=\/wp\/v2\/posts\/14776\/revisions\/14781"}],"wp:featuredmedia":[{"embeddable":true,"href":"https:\/\/www.fie.undef.edu.ar\/ceptm\/index.php?rest_route=\/wp\/v2\/media\/14777"}],"wp:attachment":[{"href":"https:\/\/www.fie.undef.edu.ar\/ceptm\/index.php?rest_route=%2Fwp%2Fv2%2Fmedia&parent=14776"}],"wp:term":[{"taxonomy":"category","embeddable":true,"href":"https:\/\/www.fie.undef.edu.ar\/ceptm\/index.php?rest_route=%2Fwp%2Fv2%2Fcategories&post=14776"},{"taxonomy":"post_tag","embeddable":true,"href":"https:\/\/www.fie.undef.edu.ar\/ceptm\/index.php?rest_route=%2Fwp%2Fv2%2Ftags&post=14776"}],"curies":[{"name":"wp","href":"https:\/\/api.w.org\/{rel}","templated":true}]}}