{"id":14821,"date":"2024-05-16T10:05:02","date_gmt":"2024-05-16T13:05:02","guid":{"rendered":"https:\/\/www.fie.undef.edu.ar\/ceptm\/?p=14821"},"modified":"2024-05-16T10:05:02","modified_gmt":"2024-05-16T13:05:02","slug":"francia-declara-estado-de-emergencia-para-territorio-en-el-pacifico-por-fuertes-disturbios","status":"publish","type":"post","link":"https:\/\/www.fie.undef.edu.ar\/ceptm\/?p=14821","title":{"rendered":"Francia declara estado de emergencia para territorio en el Pac\u00edfico por fuertes disturbios"},"content":{"rendered":"<p>El gobierno franc\u00e9s envi\u00f3 cientos de refuerzos polic\u00edacos al territorio franc\u00e9s de Nueva Caledonia en el oc\u00e9ano Pac\u00edfico, y declar\u00f3 el mi\u00e9rcoles el estado de emergencia para frenar la violencia que ha provocado la muerte de cuatro personas en la isla, en la que grupos independentistas han presionado para liberar al territorio de Francia.<\/p>\n<hr \/>\n<p data-t=\"{&quot;n&quot;:&quot;blueLinks&quot;}\">PAR\u00cdS (AP) \u2014 El gobierno franc\u00e9s envi\u00f3 cientos de refuerzos policiacos al territorio franc\u00e9s de Nueva Caledonia en el oc\u00e9ano Pac\u00edfico, y declar\u00f3 el mi\u00e9rcoles el estado de emergencia para frenar la violencia que ha provocado la muerte de cuatro personas en la isla, en la que grupos independentistas han presionado para liberar al territorio de Francia.<\/p>\n<div class=\"intra-article-module\" data-t=\"{&quot;n&quot;:&quot;intraArticle&quot;,&quot;t&quot;:13}\"><\/div>\n<p data-t=\"{&quot;n&quot;:&quot;blueLinks&quot;}\">La vocera del gobierno franc\u00e9s Prisca Thevenot anunci\u00f3 la decisi\u00f3n tras una reuni\u00f3n del gabinete el mi\u00e9rcoles en la tarde en Par\u00eds.<\/p>\n<p data-t=\"{&quot;n&quot;:&quot;blueLinks&quot;}\">Ello despu\u00e9s de varios d\u00edas de lo que Thevenot describi\u00f3 como \u201cescenas de caos\u201d en el territorio de ultramar, con cuatro muertes reportadas, incluyendo la de un miembro de los servicios de seguridad.<\/p>\n<p class=\"continue-read-break\" data-t=\"{&quot;n&quot;:&quot;blueLinks&quot;}\">Las medidas de emergencia le dar\u00e1n a las autoridades m\u00e1s poderes para enfrentar los des\u00f3rdenes, incluyendo la posibilidad de detenciones domiciliarias para personas consideradas una amenaza al orden p\u00fablico.<\/p>\n<p data-t=\"{&quot;n&quot;:&quot;blueLinks&quot;}\">\u201cLa prioridad es restablecer el orden, la calma, la serenidad\u201d, dijo la vocera.<\/p>\n<p data-t=\"{&quot;n&quot;:&quot;blueLinks&quot;}\">Tras varias noches sucesivas de disturbios, las autoridades francesas informaron el mi\u00e9rcoles sobre las primeras cuatro muertes, entre las cuales est\u00e1 la de un gendarme. M\u00e1s de 300 personas han resultado heridas desde el lunes, cuando las protestas por los cambios electorales impulsados por Par\u00eds se tornaron violentas. Tambi\u00e9n se han realizado m\u00e1s de 130 arrestos, dijeron las autoridades francesas.<\/p>\n<p data-t=\"{&quot;n&quot;:&quot;blueLinks&quot;}\">Durante d\u00e9cadas, ha habido tensiones en el archipi\u00e9lago entre los ind\u00edgenas Kanak, que buscan la independencia, y los descendientes de colonizadores, que desean que el territorio siga siendo parte de Francia.<\/p>\n<p data-t=\"{&quot;n&quot;:&quot;blueLinks&quot;}\">Tras una reuni\u00f3n de seguridad de dos horas, realizada el mi\u00e9rcoles con el presidente franc\u00e9s Emmanuel Macron y ministros de alto nivel, el primer ministro Gabriel Attal dijo al parlamento en Par\u00eds que el estado de emergencia tendr\u00eda el objetivo de \u201crestaurar el orden en el menor tiempo posible\u201d.<\/p>\n<p data-t=\"{&quot;n&quot;:&quot;blueLinks&quot;}\">Se enviaron refuerzos para ayudar a las fuerzas de seguridad que han combatido a los manifestantes violentos. El Ministerio del Interior inform\u00f3 que se espera la llegada en unas horas de 500 oficiales m\u00e1s al archipi\u00e9lago, para apoyar a los 1.800 polic\u00edas y gendarmes que ya est\u00e1n en el lugar.<\/p>\n<p data-t=\"{&quot;n&quot;:&quot;blueLinks&quot;}\">Los disturbios de esta semana surgieron cuando la legislatura francesa en Par\u00eds debati\u00f3 enmiendas a la constituci\u00f3n francesa para realizar cambios a las listas de votantes de Nueva Caledonia. El mi\u00e9rcoles, la Asamblea Nacional aprob\u00f3 un proyecto de ley que, entre otros cambios, permitir\u00eda que los residentes que han vivido por 10 a\u00f1os en Nueva Caledonia puedan votar en las elecciones provinciales.<\/p>\n<p><strong>Fuente:<\/strong> <a href=\"https:\/\/www.msn.com\/es-ar\/noticias\/other\/francia-declara-estado-de-emergencia-para-territorio-en-el-pac%C3%ADfico-por-fuertes-disturbios\/ar-BB1mrJsP?ocid=msedgntp&amp;pc=U531&amp;cvid=258fe3aaf10d45f290d7738946d8d2c4&amp;ei=15\" target=\"_blank\" rel=\"noopener\"><em>https:\/\/www.msn.com<\/em><\/a><\/p>\n","protected":false},"excerpt":{"rendered":"<p>El gobierno franc\u00e9s envi\u00f3 cientos de refuerzos polic\u00edacos al territorio franc\u00e9s de Nueva Caledonia en el oc\u00e9ano Pac\u00edfico, y declar\u00f3 el mi\u00e9rcoles el estado de&hellip; <\/p>\n","protected":false},"author":1,"featured_media":14822,"comment_status":"closed","ping_status":"closed","sticky":false,"template":"","format":"standard","meta":[],"categories":[36],"tags":[],"_links":{"self":[{"href":"https:\/\/www.fie.undef.edu.ar\/ceptm\/index.php?rest_route=\/wp\/v2\/posts\/14821"}],"collection":[{"href":"https:\/\/www.fie.undef.edu.ar\/ceptm\/index.php?rest_route=\/wp\/v2\/posts"}],"about":[{"href":"https:\/\/www.fie.undef.edu.ar\/ceptm\/index.php?rest_route=\/wp\/v2\/types\/post"}],"author":[{"embeddable":true,"href":"https:\/\/www.fie.undef.edu.ar\/ceptm\/index.php?rest_route=\/wp\/v2\/users\/1"}],"replies":[{"embeddable":true,"href":"https:\/\/www.fie.undef.edu.ar\/ceptm\/index.php?rest_route=%2Fwp%2Fv2%2Fcomments&post=14821"}],"version-history":[{"count":1,"href":"https:\/\/www.fie.undef.edu.ar\/ceptm\/index.php?rest_route=\/wp\/v2\/posts\/14821\/revisions"}],"predecessor-version":[{"id":14823,"href":"https:\/\/www.fie.undef.edu.ar\/ceptm\/index.php?rest_route=\/wp\/v2\/posts\/14821\/revisions\/14823"}],"wp:featuredmedia":[{"embeddable":true,"href":"https:\/\/www.fie.undef.edu.ar\/ceptm\/index.php?rest_route=\/wp\/v2\/media\/14822"}],"wp:attachment":[{"href":"https:\/\/www.fie.undef.edu.ar\/ceptm\/index.php?rest_route=%2Fwp%2Fv2%2Fmedia&parent=14821"}],"wp:term":[{"taxonomy":"category","embeddable":true,"href":"https:\/\/www.fie.undef.edu.ar\/ceptm\/index.php?rest_route=%2Fwp%2Fv2%2Fcategories&post=14821"},{"taxonomy":"post_tag","embeddable":true,"href":"https:\/\/www.fie.undef.edu.ar\/ceptm\/index.php?rest_route=%2Fwp%2Fv2%2Ftags&post=14821"}],"curies":[{"name":"wp","href":"https:\/\/api.w.org\/{rel}","templated":true}]}}