{"id":14824,"date":"2024-05-17T12:49:04","date_gmt":"2024-05-17T15:49:04","guid":{"rendered":"https:\/\/www.fie.undef.edu.ar\/ceptm\/?p=14824"},"modified":"2024-05-17T12:49:04","modified_gmt":"2024-05-17T15:49:04","slug":"inundaciones-en-brasil-denuncian-abusos-y-violaciones-en-los-refugios-donde-se-encuentran-las-victimas","status":"publish","type":"post","link":"https:\/\/www.fie.undef.edu.ar\/ceptm\/?p=14824","title":{"rendered":"Inundaciones en Brasil: denuncian abusos y violaciones en los refugios donde se encuentran las v\u00edctimas"},"content":{"rendered":"<p>La situaci\u00f3n clim\u00e1tica en Brasil est\u00e1 lejos de estabilizarse, los caudales de los r\u00edos contin\u00faan en crecimiento y a las inundaciones se les suman robos y saqueos, adem\u00e1s de que hubo denuncias de abusos y violaciones dentro de los refugios donde se encuentran las v\u00edctimas.<\/p>\n<hr \/>\n<p data-t=\"{&quot;n&quot;:&quot;blueLinks&quot;}\">La situaci\u00f3n clim\u00e1tica en\u00a0<a href=\"http:\/\/perfil.com\/noticias\/canal-e\/brasil-crece-la-tragedia-por-las-inundaciones-y-se-esperan-mas-lluvias.phtml\" target=\"_blank\" rel=\"noopener\" data-t=\"{&quot;n&quot;:&quot;destination&quot;,&quot;t&quot;:13,&quot;b&quot;:1,&quot;c.t&quot;:7}\">Brasil<\/a>\u00a0est\u00e1 lejos de estabilizarse, los caudales de los r\u00edos contin\u00faan en crecimiento y a las inundaciones se les suman robos y saqueos, adem\u00e1s de que hubo denuncias de abusos y violaciones dentro de los refugios donde se encuentran las v\u00edctimas. En funci\u00f3n de ampliar lo que est\u00e1 ocurriendo con esta problem\u00e1tica, Canal E se comunic\u00f3 con la periodista en Brasil,\u00a0<strong>Leticia Navarro<\/strong>.<\/p>\n<p class=\"continue-read-break\" data-t=\"{&quot;n&quot;:&quot;blueLinks&quot;}\">\u201c<strong>Tenemos pr\u00e1cticamente el 95% del estado de Rio Grande do Sul afectado por las inundaciones<\/strong>\u00a0desde el 26 de abril, que es cuando iniciaron las lluvias casi ininterrumpidamente\u201d, coment\u00f3 Leticia Navarro. \u201cLa previsi\u00f3n es de\u00a0<strong>m\u00e1s lluvia durante toda la seman<\/strong>a y los caudales de los r\u00edos\u00a0<strong>siguen creciendo<\/strong>\u201d, agreg\u00f3.<\/p>\n<p class=\"article-sub-heading\"><strong>Se registraron robos en las casas y violaciones en los refugios<\/strong><\/p>\n<p data-t=\"{&quot;n&quot;:&quot;blueLinks&quot;}\">Posteriormente, Navarro plante\u00f3: \u201cLos refugios est\u00e1n deparandose como si fuera un escenario post guerra,<strong>\u00a0porque es una tragedia humanitaria como en un escenario de guerra en el que vivimos<\/strong>\u201d. Luego, manifest\u00f3 que, \u201c<strong>lo que tenemos ahora son hechos de violencia de lo m\u00e1s abominable posible<\/strong>, est\u00e1n siendo saqueadas las casas donde no se encuentran los residentes,\u00a0<strong>est\u00e1n habiendo robos de todo tipo\u00a0<\/strong>y, adem\u00e1s,\u00a0<strong>violaciones en los refugios<\/strong>\u201d.<\/p>\n<p class=\"article-sub-heading\"><strong>Son 10 los detenidos por abusos dentro de los refugios<\/strong><\/p>\n<p data-t=\"{&quot;n&quot;:&quot;blueLinks&quot;}\">\u201cEn los refugios donde se encuentran las v\u00edctimas,\u00a0<strong>hubo 10 detenidos y las violaciones o abusos son hacia menores de edad<\/strong>\u201d, sostuvo la entrevistada. \u201cLa primera dama de Brasil pidi\u00f3 que se cree un refugio sin la presencia masculina y\u00a0<strong>fue creado un refugio solo para ni\u00f1os y mujeres<\/strong>, es desgarrador que en una situaci\u00f3n como esta existan estos hechos\u201d, complement\u00f3.<\/p>\n<p data-t=\"{&quot;n&quot;:&quot;blueLinks&quot;}\">Por otro lado, la periodista en Brasil se\u00f1al\u00f3: \u201cLas mujeres se quedan vulnerables en una situaci\u00f3n como esta, pero lo que fue detectado es que los abusos eran intrafamiliares ,\u00a0<strong>fueron abusos y violencia hacia menores de edad dentro del entorno familiar<\/strong>\u201d.<\/p>\n<p data-t=\"{&quot;n&quot;:&quot;blueLinks&quot;}\">\u201cEl apoyo psicol\u00f3gico de los profesionales\u00a0<strong>en este sentido es fundamental<\/strong>\u201d, expres\u00f3 Navarro. \u201cLo importante tambi\u00e9n es el hecho del post inundaci\u00f3n,\u00a0<strong>tenemos ahora un alt\u00edsimo grado de mal olor<\/strong>, cuerpos emergiendo del agua, no solo de animales sino tambi\u00e9n de personas y\u00a0<strong>hay un grado de contaminaci\u00f3n por todo el estado que est\u00e1 generando cuidados por las enfermedades<\/strong>\u201d, concluy\u00f3.<\/p>\n<p><strong>Fuente: <\/strong><a href=\"https:\/\/www.msn.com\/es-ar\/noticias\/argentina\/inundaciones-en-brasil-denuncian-abusos-y-violaciones-en-los-refugios-donde-se-encuentran-las-v%C3%ADctimas\/ar-BB1mwwQP?ocid=msedgntp&amp;pc=U531&amp;cvid=787a39b0ff0547df97ad4bb559cffd43&amp;ei=17\" target=\"_blank\" rel=\"noopener\"><em>https:\/\/www.msn.com<\/em><\/a><\/p>\n","protected":false},"excerpt":{"rendered":"<p>La situaci\u00f3n clim\u00e1tica en Brasil est\u00e1 lejos de estabilizarse, los caudales de los r\u00edos contin\u00faan en crecimiento y a las inundaciones se les suman robos&hellip; <\/p>\n","protected":false},"author":1,"featured_media":14825,"comment_status":"closed","ping_status":"closed","sticky":false,"template":"","format":"standard","meta":[],"categories":[36],"tags":[],"_links":{"self":[{"href":"https:\/\/www.fie.undef.edu.ar\/ceptm\/index.php?rest_route=\/wp\/v2\/posts\/14824"}],"collection":[{"href":"https:\/\/www.fie.undef.edu.ar\/ceptm\/index.php?rest_route=\/wp\/v2\/posts"}],"about":[{"href":"https:\/\/www.fie.undef.edu.ar\/ceptm\/index.php?rest_route=\/wp\/v2\/types\/post"}],"author":[{"embeddable":true,"href":"https:\/\/www.fie.undef.edu.ar\/ceptm\/index.php?rest_route=\/wp\/v2\/users\/1"}],"replies":[{"embeddable":true,"href":"https:\/\/www.fie.undef.edu.ar\/ceptm\/index.php?rest_route=%2Fwp%2Fv2%2Fcomments&post=14824"}],"version-history":[{"count":1,"href":"https:\/\/www.fie.undef.edu.ar\/ceptm\/index.php?rest_route=\/wp\/v2\/posts\/14824\/revisions"}],"predecessor-version":[{"id":14826,"href":"https:\/\/www.fie.undef.edu.ar\/ceptm\/index.php?rest_route=\/wp\/v2\/posts\/14824\/revisions\/14826"}],"wp:featuredmedia":[{"embeddable":true,"href":"https:\/\/www.fie.undef.edu.ar\/ceptm\/index.php?rest_route=\/wp\/v2\/media\/14825"}],"wp:attachment":[{"href":"https:\/\/www.fie.undef.edu.ar\/ceptm\/index.php?rest_route=%2Fwp%2Fv2%2Fmedia&parent=14824"}],"wp:term":[{"taxonomy":"category","embeddable":true,"href":"https:\/\/www.fie.undef.edu.ar\/ceptm\/index.php?rest_route=%2Fwp%2Fv2%2Fcategories&post=14824"},{"taxonomy":"post_tag","embeddable":true,"href":"https:\/\/www.fie.undef.edu.ar\/ceptm\/index.php?rest_route=%2Fwp%2Fv2%2Ftags&post=14824"}],"curies":[{"name":"wp","href":"https:\/\/api.w.org\/{rel}","templated":true}]}}