{"id":14834,"date":"2024-05-20T10:53:00","date_gmt":"2024-05-20T13:53:00","guid":{"rendered":"https:\/\/www.fie.undef.edu.ar\/ceptm\/?p=14834"},"modified":"2024-05-20T10:53:00","modified_gmt":"2024-05-20T13:53:00","slug":"como-francia-intenta-recuperar-el-control-de-nueva-caledonia-y-que-tiene-que-ver-azerbaiyan-con-ello","status":"publish","type":"post","link":"https:\/\/www.fie.undef.edu.ar\/ceptm\/?p=14834","title":{"rendered":"\u00bfC\u00f3mo Francia intenta recuperar el control de Nueva Caledonia y qu\u00e9 tiene que ver Azerbaiy\u00e1n con ello?"},"content":{"rendered":"<p>Las relaciones entre ambos pa\u00edses se han deteriorado en los \u00faltimos a\u00f1os como resultado del apoyo militar y pol\u00edtico franc\u00e9s a Armenia en el marco del conflicto del Nagorno Karabaj. En enero de este a\u00f1o los miembros del Parlamento azerbaiyano culparon a Francia de socavar, mediante el env\u00edo de armas, las medidas de fomento de la confianza mutua y los esfuerzos de paz entre Erev\u00e1n y Bak\u00fa, as\u00ed como de alentar a los revanchistas armenios a librar una nueva guerra. Por su parte, Francia acusa a Azerbaiy\u00e1n de ;fomentar el separatismo; en sus territorios de ultramar tras la creaci\u00f3n del Grupo de Iniciativa de Bak\u00fa;, cuyo objetivo es apoyar los movimientos de liberaci\u00f3n y anticolonialistas franceses.<\/p>\n<hr \/>\n<p>Francia ha acusado a Azerbaiy\u00e1n de estar detr\u00e1s de los\u00a0<a href=\"https:\/\/esrt.space\/actualidad\/509568-video-escenas-devastacion-fuertes-disturbios\" target=\"_blank\" rel=\"noopener noreferrer\">disturbios generalizados<\/a>\u00a0que tienen lugar en Nueva Caledonia en los \u00faltimos d\u00edas, a los que Par\u00eds\u00a0ha reaccionado\u00a0<a href=\"https:\/\/esrt.space\/actualidad\/509472-francia-desplegar-tropas-nueva-caledonia\" target=\"_blank\" rel=\"noopener noreferrer\">enviando<\/a>\u00a0fuerzas militares a esta colectividad de ultramar francesa en el oc\u00e9ano Pac\u00edfico,\u00a0<strong>a m\u00e1s de 13.000 kil\u00f3metros de Bak\u00fa<\/strong>.<\/p>\n<p>Las protestas se han extendido en rechazo a un proyecto de ley constitucional, aprobado en Par\u00eds, que pretende ampliar el electorado para las elecciones provinciales. En la actualidad, el voto est\u00e1\u00a0<a href=\"https:\/\/actualidad.rt.com\/actualidad\/509339-video-protestas-masivas-nueva-caledonia\" target=\"_blank\" rel=\"noopener\">reservado<\/a>\u00a0a los aut\u00f3ctonos y a los residentes de larga data en el archipi\u00e9lago. La nueva norma legal\u00a0implica que las personas llegadas de la Francia continental hace no m\u00e1s de 10 a\u00f1os tengan tambi\u00e9n derecho al voto, lo que ha enfurecido a los partidarios de la independencia de Nueva Caledonia.<\/p>\n<p>&#8220;<strong>Esto no es una fantas\u00eda. Es una realidad<\/strong>&#8220;,\u00a0<a href=\"https:\/\/x.com\/telematin\/status\/1790993081564881274\" target=\"_blank\" rel=\"noopener noreferrer\">dijo<\/a>\u00a0este jueves el ministro del Interior de Francia, G\u00e9rald Darmanin, a la televisi\u00f3n gala, cuando se le pregunt\u00f3 si Azerbaiy\u00e1n, China o incluso Rusia est\u00e1n interfiriendo en el conflicto.<\/p>\n<p>&#8220;Lamento que algunos l\u00edderes independentistas de Caledonia hayan llegado a un acuerdo con Azerbaiy\u00e1n. Es indiscutible&#8221;, continu\u00f3. &#8220;Aunque haya intentos de injerencia [\u2026] Francia es soberana en su propio territorio&#8221;, enfatiz\u00f3, al tiempo que calific\u00f3 al pa\u00eds cauc\u00e1sico de &#8220;dictadura&#8221;.<\/p>\n<p><strong>El trasfondo de las acusaciones<\/strong><\/p>\n<p>Las relaciones entre ambos pa\u00edses se han deteriorado en los \u00faltimos a\u00f1os como resultado del\u00a0<strong>apoyo militar y pol\u00edtico franc\u00e9s a Armenia<\/strong>\u00a0en el marco del conflicto del\u00a0<a href=\"https:\/\/esrt.space\/actualidad\/506361-kremlin-confirma-inicio-retirada-contingente-pacificador-ruso-nagorno-karabaj\" target=\"_blank\" rel=\"noopener noreferrer\">Nagorno Karabaj<\/a>. En enero de este a\u00f1o los miembros del Parlamento azerbaiyano\u00a0<a href=\"https:\/\/www.meclis.gov.az\/news.php?id=1791&amp;lang=en\" target=\"_blank\" rel=\"noopener noreferrer\">culparon<\/a>\u00a0a Francia de\u00a0<strong>socavar, mediante el env\u00edo de armas, las medidas de fomento de la confianza mutua y los esfuerzos de paz entre Erev\u00e1n y Bak\u00fa,\u00a0<\/strong>as\u00ed como de alentar a los revanchistas armenios a librar una nueva guerra.<\/p>\n<p>Por su parte, Francia acusa a Azerbaiy\u00e1n de &#8220;fomentar el separatismo&#8221; en sus territorios de ultramar tras la creaci\u00f3n del &#8220;Grupo de Iniciativa de Bak\u00fa&#8221;, cuyo objetivo es apoyar &#8220;los movimientos de liberaci\u00f3n y anticolonialistas franceses&#8221;. Seg\u00fan recoge\u00a0<a href=\"https:\/\/www.france24.com\/en\/europe\/20240517-why-is-france-accusing-azerbaijan-of-meddling-in-its-pacific-territory-of-new-caledonia\" target=\"_blank\" rel=\"noopener noreferrer\">AFP<\/a>, en julio de 2023 el Gobierno azerbaiyano invit\u00f3 a movimientos separatistas de Martinica, Guayana Francesa, Nueva Caledonia y Polinesia Francesa a una conferencia en Bak\u00fa, en la que se cre\u00f3\u00a0el mencionado\u00a0grupo.<\/p>\n<p>En abril de 2024, Par\u00eds realiz\u00f3 unas acusaciones similares tras la\u00a0<a href=\"https:\/\/www.aa.com.tr\/en\/asia-pacific\/azerbaijan-rejects-france-s-claim-of-supporting-separatism-in-new-caledonia\/3206552\" target=\"_blank\" rel=\"noopener noreferrer\">firma<\/a>\u00a0de un memorando de entendimiento entre la Asamblea Nacional de Azerbaiy\u00e1n y el Congreso de Nueva Caledonia el 18 de ese mes.<\/p>\n<p><strong>La recomendaci\u00f3n azerbaiyana a Francia<\/strong><\/p>\n<p>El Gobierno de Azerbaiy\u00e1n rechaz\u00f3 categ\u00f3ricamente las declaraciones &#8220;infundadas&#8221; de Darmanin. &#8220;Ser\u00eda m\u00e1s apropiado\u00a0que el ministro del Interior franc\u00e9s recordara la historia de su pa\u00eds, que ha cometido cr\u00edmenes contra la humanidad contra los pueblos locales y el brutal asesinato de millones de personas inocentes como parte de su pol\u00edtica colonial implementada durante muchos a\u00f1os&#8221;,\u00a0<a href=\"https:\/\/mfa.gov.az\/en\/news\/no22024\" target=\"_blank\" rel=\"noopener noreferrer\">comunic\u00f3<\/a>\u00a0la Canciller\u00eda azer\u00ed.<\/p>\n<p>Adem\u00e1s, la parte azerbaiyana inst\u00f3 al ministro\u00a0a &#8220;centrarse en la pol\u00edtica fallida de su pa\u00eds hacia los territorios de ultramar que dio lugar a dichas protestas&#8221;.<\/p>\n<p><strong>Aumento de la violencia<\/strong><\/p>\n<p>En tanto, el archipi\u00e9lago de Nueva Caledonia lleva d\u00edas\u00a0sumido en la violencia a ra\u00edz de las protestas. Seg\u00fan las autoridades francesas, citadas por\u00a0<a href=\"https:\/\/apnews.com\/article\/new-caledonia-france-pacific-unrest-8c05588d36cdafebaa7df9392c20f175\" target=\"_blank\" rel=\"noopener noreferrer\">AP<\/a>, hasta el momento han muerto al menos cinco personas.<\/p>\n<div class=\"EmbedBlock-root EmbedBlock-twitter\">\n<div class=\"TwitterEmbed\">\n<div class=\"twitter-tweet twitter-tweet-rendered\"><iframe id=\"twitter-widget-0\" class=\"\" title=\"X Post\" src=\"https:\/\/platform.twitter.com\/embed\/Tweet.html?dnt=false&amp;embedId=twitter-widget-0&amp;features=eyJ0ZndfdGltZWxpbmVfbGlzdCI6eyJidWNrZXQiOltdLCJ2ZXJzaW9uIjpudWxsfSwidGZ3X2ZvbGxvd2VyX2NvdW50X3N1bnNldCI6eyJidWNrZXQiOnRydWUsInZlcnNpb24iOm51bGx9LCJ0ZndfdHdlZXRfZWRpdF9iYWNrZW5kIjp7ImJ1Y2tldCI6Im9uIiwidmVyc2lvbiI6bnVsbH0sInRmd19yZWZzcmNfc2Vzc2lvbiI6eyJidWNrZXQiOiJvbiIsInZlcnNpb24iOm51bGx9LCJ0ZndfZm9zbnJfc29mdF9pbnRlcnZlbnRpb25zX2VuYWJsZWQiOnsiYnVja2V0Ijoib24iLCJ2ZXJzaW9uIjpudWxsfSwidGZ3X21peGVkX21lZGlhXzE1ODk3Ijp7ImJ1Y2tldCI6InRyZWF0bWVudCIsInZlcnNpb24iOm51bGx9LCJ0ZndfZXhwZXJpbWVudHNfY29va2llX2V4cGlyYXRpb24iOnsiYnVja2V0IjoxMjA5NjAwLCJ2ZXJzaW9uIjpudWxsfSwidGZ3X3Nob3dfYmlyZHdhdGNoX3Bpdm90c19lbmFibGVkIjp7ImJ1Y2tldCI6Im9uIiwidmVyc2lvbiI6bnVsbH0sInRmd19kdXBsaWNhdGVfc2NyaWJlc190b19zZXR0aW5ncyI6eyJidWNrZXQiOiJvbiIsInZlcnNpb24iOm51bGx9LCJ0ZndfdXNlX3Byb2ZpbGVfaW1hZ2Vfc2hhcGVfZW5hYmxlZCI6eyJidWNrZXQiOiJvbiIsInZlcnNpb24iOm51bGx9LCJ0ZndfdmlkZW9faGxzX2R5bmFtaWNfbWFuaWZlc3RzXzE1MDgyIjp7ImJ1Y2tldCI6InRydWVfYml0cmF0ZSIsInZlcnNpb24iOm51bGx9LCJ0ZndfbGVnYWN5X3RpbWVsaW5lX3N1bnNldCI6eyJidWNrZXQiOnRydWUsInZlcnNpb24iOm51bGx9LCJ0ZndfdHdlZXRfZWRpdF9mcm9udGVuZCI6eyJidWNrZXQiOiJvbiIsInZlcnNpb24iOm51bGx9fQ%3D%3D&amp;frame=false&amp;hideCard=false&amp;hideThread=false&amp;id=1791105512215396621&amp;lang=es&amp;maxWidth=560px&amp;origin=https%3A%2F%2Factualidad.rt.com%2Factualidad%2F509660-francia-intenta-recuperar-control-caledonia&amp;sessionId=4f9f975c0bf9189c045aa109990c7ed8ab88762a&amp;siteScreenName=ActualidadRT&amp;theme=light&amp;widgetsVersion=2615f7e52b7e0%3A1702314776716&amp;width=550px\" frameborder=\"0\" scrolling=\"no\" allowfullscreen=\"allowfullscreen\" data-tweet-id=\"1791105512215396621\" data-mce-fragment=\"1\"><\/iframe><\/div>\n<\/div>\n<\/div>\n<p>En consecuencia, Par\u00eds decret\u00f3 el estado de emergencia y abri\u00f3 un\u00a0<a href=\"https:\/\/esrt.space\/actualidad\/509589-francia-abrir-puente-aereo-nueva-caledonia\" target=\"_blank\" rel=\"noopener noreferrer\">puente a\u00e9reo<\/a>\u00a0para enviar fuerzas adicionales para controlar la situaci\u00f3n.<\/p>\n<div class=\"EmbedBlock-root EmbedBlock-twitter\">\n<div class=\"TwitterEmbed\">\n<div class=\"twitter-tweet twitter-tweet-rendered\"><iframe id=\"twitter-widget-1\" class=\"\" title=\"X Post\" src=\"https:\/\/platform.twitter.com\/embed\/Tweet.html?dnt=false&amp;embedId=twitter-widget-1&amp;features=eyJ0ZndfdGltZWxpbmVfbGlzdCI6eyJidWNrZXQiOltdLCJ2ZXJzaW9uIjpudWxsfSwidGZ3X2ZvbGxvd2VyX2NvdW50X3N1bnNldCI6eyJidWNrZXQiOnRydWUsInZlcnNpb24iOm51bGx9LCJ0ZndfdHdlZXRfZWRpdF9iYWNrZW5kIjp7ImJ1Y2tldCI6Im9uIiwidmVyc2lvbiI6bnVsbH0sInRmd19yZWZzcmNfc2Vzc2lvbiI6eyJidWNrZXQiOiJvbiIsInZlcnNpb24iOm51bGx9LCJ0ZndfZm9zbnJfc29mdF9pbnRlcnZlbnRpb25zX2VuYWJsZWQiOnsiYnVja2V0Ijoib24iLCJ2ZXJzaW9uIjpudWxsfSwidGZ3X21peGVkX21lZGlhXzE1ODk3Ijp7ImJ1Y2tldCI6InRyZWF0bWVudCIsInZlcnNpb24iOm51bGx9LCJ0ZndfZXhwZXJpbWVudHNfY29va2llX2V4cGlyYXRpb24iOnsiYnVja2V0IjoxMjA5NjAwLCJ2ZXJzaW9uIjpudWxsfSwidGZ3X3Nob3dfYmlyZHdhdGNoX3Bpdm90c19lbmFibGVkIjp7ImJ1Y2tldCI6Im9uIiwidmVyc2lvbiI6bnVsbH0sInRmd19kdXBsaWNhdGVfc2NyaWJlc190b19zZXR0aW5ncyI6eyJidWNrZXQiOiJvbiIsInZlcnNpb24iOm51bGx9LCJ0ZndfdXNlX3Byb2ZpbGVfaW1hZ2Vfc2hhcGVfZW5hYmxlZCI6eyJidWNrZXQiOiJvbiIsInZlcnNpb24iOm51bGx9LCJ0ZndfdmlkZW9faGxzX2R5bmFtaWNfbWFuaWZlc3RzXzE1MDgyIjp7ImJ1Y2tldCI6InRydWVfYml0cmF0ZSIsInZlcnNpb24iOm51bGx9LCJ0ZndfbGVnYWN5X3RpbWVsaW5lX3N1bnNldCI6eyJidWNrZXQiOnRydWUsInZlcnNpb24iOm51bGx9LCJ0ZndfdHdlZXRfZWRpdF9mcm9udGVuZCI6eyJidWNrZXQiOiJvbiIsInZlcnNpb24iOm51bGx9fQ%3D%3D&amp;frame=false&amp;hideCard=false&amp;hideThread=false&amp;id=1791092119454568854&amp;lang=es&amp;maxWidth=560px&amp;origin=https%3A%2F%2Factualidad.rt.com%2Factualidad%2F509660-francia-intenta-recuperar-control-caledonia&amp;sessionId=4f9f975c0bf9189c045aa109990c7ed8ab88762a&amp;siteScreenName=ActualidadRT&amp;theme=light&amp;widgetsVersion=2615f7e52b7e0%3A1702314776716&amp;width=550px\" frameborder=\"0\" scrolling=\"no\" allowfullscreen=\"allowfullscreen\" data-tweet-id=\"1791092119454568854\" data-mce-fragment=\"1\"><\/iframe><\/div>\n<\/div>\n<\/div>\n<p>&nbsp;<\/p>\n<p><strong>Relaci\u00f3n colonial<\/strong><\/p>\n<p>Francia coloniz\u00f3 el archipi\u00e9lago durante la primera mitad del siglo XIX, y las islas se convirtieron en posesi\u00f3n francesa en 1853.\u00a0En 1998 se firmaron los Acuerdos de Numea, que concedieron a Nueva Caledonia el estatus de colectividad &#8216;sui generis&#8217; y en virtud de los cuales el territorio\u00a0<strong>consigui\u00f3 determinadas competencias<\/strong>, pero no las de defensa, seguridad, justicia y moneda.<\/p>\n<p>El territorio\u00a0ha celebrado ya tres referendos, en los que\u00a0los ciudadanos del archipi\u00e9lago\u00a0<a href=\"https:\/\/actualidad.rt.com\/actualidad\/413388-nueva-caledonia-vota-independencia-francia\" target=\"_blank\" rel=\"nofollow noopener noreferrer\">rechazaron<\/a>\u00a0la independencia. Sin embargo,\u00a0<strong>el apoyo al\u00a0cambio de estatus\u00a0<\/strong>parece seguir siendo\u00a0<a href=\"https:\/\/www.lemonde.fr\/en\/france\/article\/2023\/01\/21\/new-caledonia-s-inner-quest-to-exorcize-colonial-past-and-find-peaceful-future_6012525_7.html\" target=\"_blank\" rel=\"nofollow noopener noreferrer\">elevado<\/a>\u00a0entre la poblaci\u00f3n ind\u00edgena canaca.<\/p>\n<p><strong>Fuente:<\/strong> <a href=\"https:\/\/actualidad.rt.com\/actualidad\/509660-francia-intenta-recuperar-control-caledonia\" target=\"_blank\" rel=\"noopener\"><em>https:\/\/actualidad.rt.com<\/em><\/a><\/p>\n","protected":false},"excerpt":{"rendered":"<p>Las relaciones entre ambos pa\u00edses se han deteriorado en los \u00faltimos a\u00f1os como resultado del apoyo militar y pol\u00edtico franc\u00e9s a Armenia en el marco&hellip; <\/p>\n","protected":false},"author":1,"featured_media":14835,"comment_status":"closed","ping_status":"closed","sticky":false,"template":"","format":"standard","meta":[],"categories":[36,35,28],"tags":[],"_links":{"self":[{"href":"https:\/\/www.fie.undef.edu.ar\/ceptm\/index.php?rest_route=\/wp\/v2\/posts\/14834"}],"collection":[{"href":"https:\/\/www.fie.undef.edu.ar\/ceptm\/index.php?rest_route=\/wp\/v2\/posts"}],"about":[{"href":"https:\/\/www.fie.undef.edu.ar\/ceptm\/index.php?rest_route=\/wp\/v2\/types\/post"}],"author":[{"embeddable":true,"href":"https:\/\/www.fie.undef.edu.ar\/ceptm\/index.php?rest_route=\/wp\/v2\/users\/1"}],"replies":[{"embeddable":true,"href":"https:\/\/www.fie.undef.edu.ar\/ceptm\/index.php?rest_route=%2Fwp%2Fv2%2Fcomments&post=14834"}],"version-history":[{"count":1,"href":"https:\/\/www.fie.undef.edu.ar\/ceptm\/index.php?rest_route=\/wp\/v2\/posts\/14834\/revisions"}],"predecessor-version":[{"id":14836,"href":"https:\/\/www.fie.undef.edu.ar\/ceptm\/index.php?rest_route=\/wp\/v2\/posts\/14834\/revisions\/14836"}],"wp:featuredmedia":[{"embeddable":true,"href":"https:\/\/www.fie.undef.edu.ar\/ceptm\/index.php?rest_route=\/wp\/v2\/media\/14835"}],"wp:attachment":[{"href":"https:\/\/www.fie.undef.edu.ar\/ceptm\/index.php?rest_route=%2Fwp%2Fv2%2Fmedia&parent=14834"}],"wp:term":[{"taxonomy":"category","embeddable":true,"href":"https:\/\/www.fie.undef.edu.ar\/ceptm\/index.php?rest_route=%2Fwp%2Fv2%2Fcategories&post=14834"},{"taxonomy":"post_tag","embeddable":true,"href":"https:\/\/www.fie.undef.edu.ar\/ceptm\/index.php?rest_route=%2Fwp%2Fv2%2Ftags&post=14834"}],"curies":[{"name":"wp","href":"https:\/\/api.w.org\/{rel}","templated":true}]}}