{"id":15673,"date":"2024-10-14T08:23:06","date_gmt":"2024-10-14T11:23:06","guid":{"rendered":"https:\/\/www.fie.undef.edu.ar\/ceptm\/?p=15673"},"modified":"2024-10-14T08:23:06","modified_gmt":"2024-10-14T11:23:06","slug":"unos-333-millones-de-ninos-padecen-pobreza-extrema-y-450-millones-viven-en-zonas-de-conflicto","status":"publish","type":"post","link":"https:\/\/www.fie.undef.edu.ar\/ceptm\/?p=15673","title":{"rendered":"Unos 333 millones de ni\u00f1os padecen pobreza extrema y 450 millones viven en zonas de conflicto"},"content":{"rendered":"<p>Un informe de la ONU, sobre la poblaci\u00f3n infantil vulnerable, los que se llevan la peor parte son los ni\u00f1os desplazados, en particular los que no est\u00e1n acompa\u00f1ados y se han separado de su familia; los ap\u00e1tridas; los internados en instituciones; las ni\u00f1as; los ni\u00f1os con discapacidad; los de minor\u00edas \u00e9tnicas; los ind\u00edgenas; lo que est\u00e1n en la calle; los pobres y los que habitan en zonas afectadas por conflictos o en situaciones de crisis humanitaria. Adem\u00e1s, indica que, a finales de 2022, m\u00e1s de 450 millones de ni\u00f1os, o uno de cada seis, viv\u00edan en zonas de conflicto. Respecto a los ni\u00f1os desplazados, los mismos sumar\u00edan 48 millones. El estudio indica que la crisis clim\u00e1tica multiplica el peligro que afrontan los ni\u00f1os de sufrir violencia y alerta que cerca de mil millones de ni\u00f1os corren ahora un riesgo extremo por ese fen\u00f3meno. Sobre la violencia armada, el texto refiere que la circulaci\u00f3n de armas, la delincuencia organizada y el aumento de las disparidades sociales la agravan. Adem\u00e1s, dice que Am\u00e9rica enfrentar\u00eda un mayor riesgo de asesinatos con una tasa de 15 v\u00edctimas por cada 100.000 habitantes.<\/p>\n<hr \/>\n<p>La\u00a0<strong>vulnerabilidad de los ni\u00f1os ante la violencia se agudiza<\/strong>\u00a0en todo el mundo debido a m\u00faltiples crisis superpuestas, adem\u00e1s de que 333 millones viven en la pobreza extrema y mil millones sufren pobreza multidimensional.<\/p>\n<p>El\u00a0<a class=\"ext\" title=\"(opens in a new window)\" href=\"https:\/\/undocs.org\/Home\/Mobile?FinalSymbol=A%2F79%2F242&amp;Language=E&amp;DeviceType=Desktop&amp;LangRequested=False\" target=\"_blank\" rel=\"noopener noreferrer\" data-extlink=\"\">informe anual de la representante especial de la ONU sobre la violencia contra los ni\u00f1os<\/a>\u00a0explica que esa pobreza no es privativa de los pa\u00edses m\u00e1s atrasados y detalla que el\u00a0<strong>20% de la poblaci\u00f3n infantil de las naciones m\u00e1s ricas del mundo vive en la pobreza<\/strong>.<\/p>\n<p>Agrega que si bien los niveles globales de hambre e inseguridad alimentaria se estabilizaron en 2022,\u00a0<strong>148 millones de ni\u00f1os menores de cinco a\u00f1os sufren un retraso del crecimiento<\/strong>, adem\u00e1s de que el n\u00famero global de ni\u00f1os sin escolarizar ha aumentado en seis millones a partir de 2021, para llegar ahora a 250 millones.<\/p>\n<p>Entre las crisis que afectan desproporcionadamente a la ni\u00f1ez mundial, el estudio lista el\u00a0<strong>aumento de la pobreza, las desigualdades sociales y econ\u00f3micas<\/strong>, los desplazamientos forzados, los conflictos, el cambio clim\u00e1tico, la inseguridad alimentaria, la violencia generalizada -incluida la violencia sexual-, la inestabilidad pol\u00edtica y la naturaleza cambiante de la delincuencia organizada nacional y transnacional.<\/p>\n<p><strong>Ning\u00fan pa\u00eds es inmune<\/strong><\/p>\n<p>La representante especial, Najat Maalla M\u2019Jid, afirm\u00f3 en una entrevista con Noticias ONU que la violencia contra los ni\u00f1os es un problema\u00a0<strong>presente en todos los rincones<\/strong>\u00a0del mundo.<\/p>\n<p>\u201cEl problema actual es que\u00a0<strong>no hay ning\u00fan pa\u00eds que sea inmune, ning\u00fan ni\u00f1o es inmune<\/strong>, en todos los pa\u00edses nos encontramos con muchas, muchas formas de violencia\u201d, dijo.<\/p>\n<p>Maalla M\u2019Jid apunt\u00f3 que\u00a0<strong>un mismo ni\u00f1o puede ser v\u00edctima de diversas formas de violencia<\/strong>, por ejemplo en l\u00ednea y en distintos entornos, \u201cy puede ser en l\u00ednea y fuera de l\u00ednea\u201d.<\/p>\n<p>En el universo de la poblaci\u00f3n infantil vulnerable, los que se llevan la peor parte de las m\u00faltiples formas de violencia son los ni\u00f1os en movimiento, en particular los que no est\u00e1n acompa\u00f1ados y se han separado de su familia; los ap\u00e1tridas; los internados en una instituci\u00f3n; las ni\u00f1as; los ni\u00f1os con discapacidad; los de minor\u00edas \u00e9tnicas o ling\u00fc\u00edsticas; los ind\u00edgenas; lo que est\u00e1n en situaci\u00f3n de calle; los que viven en la pobreza; y los que habitan en zonas afectadas por conflictos o en situaciones de crisis humanitaria.<\/p>\n<p>El informe indica que a finales de 2022,\u00a0<strong>m\u00e1s de 450 millones de ni\u00f1os, o uno de cada seis, viv\u00edan en zonas de conflicto<\/strong>, el mayor n\u00famero de los \u00faltimos 20 a\u00f1os.<\/p>\n<p>Con respecto a los ni\u00f1os desplazados, los datos sugieren que sumar\u00edan\u00a0<strong>48 millones<\/strong>.<\/p>\n<p>El estudio tambi\u00e9n resalta que la\u00a0<strong>crisis clim\u00e1tica multiplica el peligro<\/strong>\u00a0que afrontan los ni\u00f1os de sufrir violencia y alerta de que cerca de 1000 millones de ni\u00f1os corren ahora un riesgo extremadamente alto de verse afectados por ese fen\u00f3meno.<\/p>\n<p><strong>Violencia armada<\/strong><\/p>\n<p>En el apartado sobre la violencia armada, el texto refiere que la circulaci\u00f3n de armas, la delincuencia organizada y el aumento de las disparidades sociales la agravan, cobr\u00e1ndose un gran n\u00famero de vidas infantiles.<\/p>\n<p><strong>\u201cAlrededor del 15 % de las v\u00edctimas de homicidio en 2021 fueron ni\u00f1os<\/strong>\u201d, apunta, y abunda que\u00a0<strong>Am\u00e9rica se enfrenta a un mayor riesgo de asesinatos que cualquier otra regi\u00f3n<\/strong>\u00a0con una tasa de 15 v\u00edctimas de homicidio por cada 100.000 habitantes.<\/p>\n<figure id=\"attachment_15675\" aria-describedby=\"caption-attachment-15675\" style=\"width: 1171px\" class=\"wp-caption aligncenter\"><img loading=\"lazy\" class=\"size-full wp-image-15675\" src=\"https:\/\/www.fie.undef.edu.ar\/ceptm\/wp-content\/uploads\/2024\/10\/image1170x530cropped-1.jpg\" alt=\"\" width=\"1171\" height=\"530\" srcset=\"https:\/\/www.fie.undef.edu.ar\/ceptm\/wp-content\/uploads\/2024\/10\/image1170x530cropped-1.jpg 1171w, https:\/\/www.fie.undef.edu.ar\/ceptm\/wp-content\/uploads\/2024\/10\/image1170x530cropped-1-300x136.jpg 300w, https:\/\/www.fie.undef.edu.ar\/ceptm\/wp-content\/uploads\/2024\/10\/image1170x530cropped-1-1024x463.jpg 1024w, https:\/\/www.fie.undef.edu.ar\/ceptm\/wp-content\/uploads\/2024\/10\/image1170x530cropped-1-768x348.jpg 768w\" sizes=\"(max-width: 1171px) 100vw, 1171px\" \/><figcaption id=\"caption-attachment-15675\" class=\"wp-caption-text\">\u00a9 UNICEF Muchos ni\u00f1os son sujetos de la violencia en l\u00ednea.<\/figcaption><\/figure>\n<p><strong>Violencia en l\u00ednea y sexual<\/strong><\/p>\n<p>La violencia en l\u00ednea es otro de los grandes problemas para los ni\u00f1os de hoy en todo el mundo pese a las desigualdades en el acceso a internet.<\/p>\n<p>Alrededor de\u00a0<strong>300 millones de ni\u00f1os han sufrido explotaci\u00f3n y abusos sexuales en l\u00ednea<\/strong>\u00a0en los \u00faltimos 12 meses y las tecnolog\u00edas nuevas y en desarrollo, como la inteligencia artificial generativa, plantean nuevos riesgos para la seguridad infantil en l\u00ednea.<\/p>\n<p>Seg\u00fan el informe, hasta un 15% de los ni\u00f1os del mundo declaran haber sido\u00a0<strong>v\u00edctimas de ciberacoso\u00a0<\/strong>y los peligros en l\u00ednea incluyen, entre otros, la exposici\u00f3n a contenidos violentos y sexuales; la promoci\u00f3n del suicidio y las conductas autolesivas; el discurso de odio; la discriminaci\u00f3n, el racismo y la xenofobia; la delincuencia organizada y la circulaci\u00f3n de armas; la trata facilitada por la tecnolog\u00eda; y el reclutamiento en grupos delictivos, armados o extremistas violentos.<\/p>\n<p><strong>Violencia en la casa<\/strong><\/p>\n<p>El reporte sostiene que en muchos casos,\u00a0<strong>quienes someten a los ni\u00f1os a violencia f\u00edsica, emocional o sexual son personas en las que conf\u00edan<\/strong>, como sus padres y cuidadores, compa\u00f1eros, vecinos, maestros u otros miembros de la comunidad.<\/p>\n<p>La disciplina violenta ejercida por los cuidadores es la forma m\u00e1s com\u00fan de violencia contra los ni\u00f1os. Cerca de\u00a0<strong>400 millones de ni\u00f1os<\/strong>\u00a0menores de cinco a\u00f1os en el mundo soportan a menudo\u00a0<strong>agresiones psicol\u00f3gicas o castigos corporales<\/strong>\u00a0en su casa.<\/p>\n<p>En m\u00e1s de un tercio de los pa\u00edses, al menos un 5% de las mujeres j\u00f3venes han dicho haber sufrido\u00a0<strong>violencia sexual en la infancia<\/strong>, y alrededor de una de cada cinco adolescentes ha sufrido recientemente violencia de pareja.<\/p>\n<p><strong>Invertir en los ni\u00f1os<\/strong><\/p>\n<p>La representante especial reconoci\u00f3 que las\u00a0<strong>pr\u00e1cticas nocivas est\u00e1n disminuyendo<\/strong>, pero lament\u00f3 que esa disminuci\u00f3n no mantiene a un ritmo acorde con el crecimiento demogr\u00e1fico.<\/p>\n<p>En este sentido, recalc\u00f3 que al ser la violencia una resultante de muchos factores, \u201c<strong>si no se abordan desde el origen, no se acabar\u00e1 o prevendr\u00e1<\/strong>\u00a0la violencia contra los ni\u00f1os\u201d.<\/p>\n<p>\u201c<strong>Los ni\u00f1os no son un problema que haya que resolver, sino un activo en el que hay que invertir.<\/strong>\u00a0Y creo que, si no cambiamos nuestra mentalidad, no vamos a cumplir nuestra promesa. As\u00ed que espero que lo hagamos\u201d, concluy\u00f3 Najat Maalla M\u2019Jid.<\/p>\n<p><strong>Fuente:<\/strong> <a href=\"https:\/\/news.un.org\/es\/story\/2024\/10\/1533441?utm_source=Noticias+ONU+-+Bolet%C3%ADn&amp;utm_campaign=5fcde2999c-EMAIL_CAMPAIGN_2024_10_11_12_05&amp;utm_medium=email&amp;utm_term=0_e7f6cb3d3c-5fcde2999c-%5BLIST_EMAIL_ID%5D\" target=\"_blank\" rel=\"noopener\"><em>https:\/\/news.un.org<\/em><\/a><\/p>\n","protected":false},"excerpt":{"rendered":"<p>Un informe de la ONU, sobre la poblaci\u00f3n infantil vulnerable, los que se llevan la peor parte son los ni\u00f1os desplazados, en particular los que&hellip; <\/p>\n","protected":false},"author":1,"featured_media":15674,"comment_status":"closed","ping_status":"closed","sticky":false,"template":"","format":"standard","meta":[],"categories":[36],"tags":[],"_links":{"self":[{"href":"https:\/\/www.fie.undef.edu.ar\/ceptm\/index.php?rest_route=\/wp\/v2\/posts\/15673"}],"collection":[{"href":"https:\/\/www.fie.undef.edu.ar\/ceptm\/index.php?rest_route=\/wp\/v2\/posts"}],"about":[{"href":"https:\/\/www.fie.undef.edu.ar\/ceptm\/index.php?rest_route=\/wp\/v2\/types\/post"}],"author":[{"embeddable":true,"href":"https:\/\/www.fie.undef.edu.ar\/ceptm\/index.php?rest_route=\/wp\/v2\/users\/1"}],"replies":[{"embeddable":true,"href":"https:\/\/www.fie.undef.edu.ar\/ceptm\/index.php?rest_route=%2Fwp%2Fv2%2Fcomments&post=15673"}],"version-history":[{"count":1,"href":"https:\/\/www.fie.undef.edu.ar\/ceptm\/index.php?rest_route=\/wp\/v2\/posts\/15673\/revisions"}],"predecessor-version":[{"id":15676,"href":"https:\/\/www.fie.undef.edu.ar\/ceptm\/index.php?rest_route=\/wp\/v2\/posts\/15673\/revisions\/15676"}],"wp:featuredmedia":[{"embeddable":true,"href":"https:\/\/www.fie.undef.edu.ar\/ceptm\/index.php?rest_route=\/wp\/v2\/media\/15674"}],"wp:attachment":[{"href":"https:\/\/www.fie.undef.edu.ar\/ceptm\/index.php?rest_route=%2Fwp%2Fv2%2Fmedia&parent=15673"}],"wp:term":[{"taxonomy":"category","embeddable":true,"href":"https:\/\/www.fie.undef.edu.ar\/ceptm\/index.php?rest_route=%2Fwp%2Fv2%2Fcategories&post=15673"},{"taxonomy":"post_tag","embeddable":true,"href":"https:\/\/www.fie.undef.edu.ar\/ceptm\/index.php?rest_route=%2Fwp%2Fv2%2Ftags&post=15673"}],"curies":[{"name":"wp","href":"https:\/\/api.w.org\/{rel}","templated":true}]}}