{"id":16085,"date":"2024-12-10T07:13:19","date_gmt":"2024-12-10T10:13:19","guid":{"rendered":"https:\/\/www.fie.undef.edu.ar\/ceptm\/?p=16085"},"modified":"2024-12-10T07:13:19","modified_gmt":"2024-12-10T10:13:19","slug":"la-otan-pondra-en-marcha-un-nuevo-centro-cibernetico-en-2028","status":"publish","type":"post","link":"https:\/\/www.fie.undef.edu.ar\/ceptm\/?p=16085","title":{"rendered":"La OTAN pondr\u00e1 en marcha un nuevo centro cibern\u00e9tico en 2028"},"content":{"rendered":"<p>El centro, llamado Centro Integrado de Ciberdefensa de la OTAN, tendr\u00e1 varias ubicaciones, pero su sede estar\u00e1 en Mons, B\u00e9lgica. La entidad conjunta, denominada Centro Integrado de Ciberdefensa de la OTAN, combinar\u00e1 el Centro de Ciberseguridad, el Centro de Ciberoperaciones y la Divisi\u00f3n de An\u00e1lisis de Amenazas Cibern\u00e9ticas de la OTAN, as\u00ed como partes de la oficina del CIO, y este centro tambi\u00e9n planea involucrar a socios de la industria de toda la alianza.<\/p>\n<hr \/>\n<p>NATO EDGE 2024 \u2014\u00a0In order for the alliance to be better equipped at dealing with cyber threats,\u00a0<a href=\"https:\/\/breakingdefense.com\/tag\/nato\/\" target=\"_blank\" rel=\"noopener\">NATO<\/a>\u00a0is in the process of standing up a new cyber center \u2014 to go online by 2028 \u2014\u00a0that will meld parts of its various cyber entities into one, a NATO official told Breaking Defense this week.<\/p>\n<p>\u201cThis center will allow us to better combine the way in which we are\u00a0<a href=\"https:\/\/breakingdefense.com\/2024\/09\/us-allies-warn-of-russian-cyber-sabotage-aimed-at-disrupting-aid-to-ukraine\/\" target=\"_blank\" rel=\"noopener\">monitoring the threat<\/a>, the way we are controlling the attack surface of the enterprise [and] the way we are managing the risk,\u201d Stefano Piermarocchi, head of the Enterprise Cyber Risk Management portfolio within NATO\u2019s chief information office, said in an interview. \u201cSo it\u2019s a way to facilitate the conduction of certain processes and make sure they are at the pace of the security for the enterprise itself.\u201d<\/p>\n<p>Coined the NATO Integrated Cyber Defense Center, the joint entity will combine NATO\u2019s Cyber Security Center, Cyber Operations Center and Cyber Threat Analysis Branch, as well as parts of the CIO\u2019s office, Piermarocchi said. He added that the center plans to engage industry partners from across the alliance as well.<\/p>\n<p>\u201cThe idea of the center is to facilitate the dialogue with the industry, and to be sure that we\u2019re able to speed up certain processes, to increase our ability to communicate \u2026 or to have a really more concrete dialogue with nations,\u201d he said.<\/p>\n<p>Brig. Gen. Sam Raeves, who serves as the assistant chief of staff of J6 Cyberspace at NATO, also expressed the benefits of standing up such a center, saying that combining these existing cyber entities with industry will create \u201ccohesion\u201d in terms of cyber operations.<\/p>\n<p>\u201cPutting all those elements together, instead of having them dispersed all over the alliance, it will really improve the situation and the cohesion of information sharing,\u201d Reeves said during an interview on the sidelines of the NATO Edge 2024 conference.<\/p>\n<p>There will be multiple centers located across NATO countries, Piermarocchi said. But the headquarters will be in Mons, Belgium, NATO CIO\u00a0Manfred Boudreaux-Dehmer, said during a panel at the event.<\/p>\n<p>\u201cIt will be set up as a physical colocation space where people can sit together if an incident happens, people are working together real time,\u201d Boudreaux-Dehmer said. \u201cThat\u2019s a major, major building block in getting us working together more closely and supporting each other in this colocation place.\u201d<\/p>\n<p>Though the idea to stand up such a center was approved by the alliance, Piermarocchi said the center likely won\u2019t be stood up until 2028 as more logistics like hiring need to be sorted out among the 32 countries.<\/p>\n<p>\u201cThere is a need to recruit other people, to have other people on board, because this is one of the challenges that we have, we cannot do all the work that the center has to do, including, for example, 24\/7 capabilities without hiring additional resources,\u201d he said.<\/p>\n<p><strong>Fuente: <\/strong><a href=\"https:\/\/breakingdefense.com\/2024\/12\/nato-to-launch-new-cyber-center-by-2028-official\/\" target=\"_blank\" rel=\"noopener\"><em>https:\/\/breakingdefense.com<\/em><\/a><\/p>\n","protected":false},"excerpt":{"rendered":"<p>El centro, llamado Centro Integrado de Ciberdefensa de la OTAN, tendr\u00e1 varias ubicaciones, pero su sede estar\u00e1 en Mons, B\u00e9lgica. La entidad conjunta, denominada Centro&hellip; <\/p>\n","protected":false},"author":1,"featured_media":16086,"comment_status":"closed","ping_status":"closed","sticky":false,"template":"","format":"standard","meta":[],"categories":[37,23,28],"tags":[],"_links":{"self":[{"href":"https:\/\/www.fie.undef.edu.ar\/ceptm\/index.php?rest_route=\/wp\/v2\/posts\/16085"}],"collection":[{"href":"https:\/\/www.fie.undef.edu.ar\/ceptm\/index.php?rest_route=\/wp\/v2\/posts"}],"about":[{"href":"https:\/\/www.fie.undef.edu.ar\/ceptm\/index.php?rest_route=\/wp\/v2\/types\/post"}],"author":[{"embeddable":true,"href":"https:\/\/www.fie.undef.edu.ar\/ceptm\/index.php?rest_route=\/wp\/v2\/users\/1"}],"replies":[{"embeddable":true,"href":"https:\/\/www.fie.undef.edu.ar\/ceptm\/index.php?rest_route=%2Fwp%2Fv2%2Fcomments&post=16085"}],"version-history":[{"count":1,"href":"https:\/\/www.fie.undef.edu.ar\/ceptm\/index.php?rest_route=\/wp\/v2\/posts\/16085\/revisions"}],"predecessor-version":[{"id":16087,"href":"https:\/\/www.fie.undef.edu.ar\/ceptm\/index.php?rest_route=\/wp\/v2\/posts\/16085\/revisions\/16087"}],"wp:featuredmedia":[{"embeddable":true,"href":"https:\/\/www.fie.undef.edu.ar\/ceptm\/index.php?rest_route=\/wp\/v2\/media\/16086"}],"wp:attachment":[{"href":"https:\/\/www.fie.undef.edu.ar\/ceptm\/index.php?rest_route=%2Fwp%2Fv2%2Fmedia&parent=16085"}],"wp:term":[{"taxonomy":"category","embeddable":true,"href":"https:\/\/www.fie.undef.edu.ar\/ceptm\/index.php?rest_route=%2Fwp%2Fv2%2Fcategories&post=16085"},{"taxonomy":"post_tag","embeddable":true,"href":"https:\/\/www.fie.undef.edu.ar\/ceptm\/index.php?rest_route=%2Fwp%2Fv2%2Ftags&post=16085"}],"curies":[{"name":"wp","href":"https:\/\/api.w.org\/{rel}","templated":true}]}}