{"id":16219,"date":"2024-12-27T10:25:48","date_gmt":"2024-12-27T13:25:48","guid":{"rendered":"https:\/\/www.fie.undef.edu.ar\/ceptm\/?p=16219"},"modified":"2024-12-27T10:25:48","modified_gmt":"2024-12-27T13:25:48","slug":"siete-avances-silenciosos-para-el-clima-y-la-naturaleza-en-2024-que-quizas-te-hayas-perdido","status":"publish","type":"post","link":"https:\/\/www.fie.undef.edu.ar\/ceptm\/?p=16219","title":{"rendered":"Siete avances silenciosos para el clima y la naturaleza en 2024 que quiz\u00e1s te hayas perdido"},"content":{"rendered":"<p>Las temperaturas globales aumentaron y los fen\u00f3menos meteorol\u00f3gicos extremos aumentaron, pero tambi\u00e9n hubo algunos avances significativos para el clima este a\u00f1o. Aqu\u00ed hay siete victorias silenciosas que pueden haber pasado desapercibidas en 2024. La Agencia Internacional de la Energ\u00eda (AIE) espera que el mundo a\u00f1ada 5.500 GW de capacidad de energ\u00eda renovable de aqu\u00ed a 2030 y que crezca Capacidad renovable mundial 2,7 veces en comparaci\u00f3n con 2022, quedando ligeramente por debajo del objetivo de las Naciones Unidas de triplicar la capacidad para 2030. A finales de esta d\u00e9cada, las fuentes de energ\u00eda renovables cubrir\u00e1n casi la mitad de toda la electricidad.<\/p>\n<hr \/>\n<div class=\"sc-18fde0d6-0 dlWCEZ\" data-component=\"text-block\">\n<p class=\"sc-eb7bd5f6-0 fYAfXe\"><b id=\"global-temperatures-rose-and-extreme-weather-ramped-up,-but-there-were-also-some-significant-breakthroughs-for-the-climate-this-year.-here-are-seven-quiet-wins-that-may-have-gone-under-your-radar-in-2024.\" class=\"sc-7dcfb11b-0 kVRnKf\">Global temperatures rose and extreme weather ramped up, but there were also some significant breakthroughs for the climate this year. Here are seven quiet wins that may have gone under your radar in 2024.<\/b><\/p>\n<\/div>\n<div class=\"sc-18fde0d6-0 dlWCEZ\" data-component=\"text-block\">\n<p class=\"sc-eb7bd5f6-0 fYAfXe\">It&#8217;s been another tough year for the climate and nature. From\u00a0<a class=\"sc-c9299ecf-0 bZUiKB\" href=\"https:\/\/www.bbc.co.uk\/news\/articles\/c1dpnxnvv2go\" target=\"_blank\" rel=\"noopener\">the 1.5C threshold set to be breached for a full year<\/a>\u00a0for the first time, to the\u00a0<a class=\"sc-c9299ecf-0 bZUiKB\" href=\"https:\/\/www.bbc.co.uk\/news\/articles\/cp35rrvv2dpo\" target=\"_blank\" rel=\"noopener\">disappointment of vulnerable nations<\/a>\u00a0at this year&#8217;s UN climate summit, it can feel like the challenge is overwhelming. Then there&#8217;s the extreme weather increasingly impacting both\u00a0<a class=\"sc-c9299ecf-0 bZUiKB\" href=\"https:\/\/www.bbc.co.uk\/news\/articles\/cd6qvpe0dxqo\" target=\"_blank\" rel=\"noopener\">poor nations<\/a>\u00a0and\u00a0<a class=\"sc-c9299ecf-0 bZUiKB\" href=\"https:\/\/www.bbc.co.uk\/weather\/articles\/cp87g4p73kxo\" target=\"_blank\" rel=\"noopener\">rich countries<\/a>.<\/p>\n<\/div>\n<div class=\"sc-18fde0d6-0 dlWCEZ\" data-component=\"text-block\">\n<p class=\"sc-eb7bd5f6-0 fYAfXe\">But this year also saw some extraordinary breakthroughs for climate and nature. In case you missed them, we have rounded up some of the biggest wins for our planet from the past year.<\/p>\n<\/div>\n<div class=\"sc-18fde0d6-0 eeiVGB\" data-component=\"subheadline-block\">\n<p class=\"sc-518485e5-0 kRvAla\"><span id=\"the-end-of-coal-in-the-uk\u2026\" class=\"sc-7dcfb11b-0 kPypaC\"><b id=\"the-end-of-coal-in-the-uk\u2026\" class=\"sc-7dcfb11b-0 kVRnKf\">The end of coal in the UK\u2026<\/b><\/span><b id=\"\" class=\"sc-7dcfb11b-0 kVRnKf\"><\/b><\/p>\n<\/div>\n<div class=\"sc-18fde0d6-0 dlWCEZ\" data-component=\"text-block\">\n<p class=\"sc-eb7bd5f6-0 fYAfXe\">The UK closed its\u00a0<a class=\"sc-c9299ecf-0 bZUiKB\" href=\"https:\/\/www.bbc.com\/news\/articles\/c5y35qz73n8o\" target=\"_blank\" rel=\"noopener\">last coal-fired power plant in<\/a>\u00a02024. It was a symbolic moment as the UK was the first country in the world to use coal for public power generation and the fossil fuel was the lifeblood of the industrial revolution.<\/p>\n<\/div>\n<div class=\"sc-18fde0d6-0 dlWCEZ\" data-component=\"text-block\">\n<p class=\"sc-eb7bd5f6-0 fYAfXe\">On 30 September, the turbines at the Ratcliffe-on-Soar power plant in Nottinghamshire fell silent and\u00a0<a class=\"sc-c9299ecf-0 bZUiKB\" href=\"https:\/\/www.bbc.co.uk\/news\/articles\/c886qd2g80xo\" target=\"_blank\" rel=\"noopener\">its chimneys stopped belching out fumes<\/a>. The site will now undergo\u00a0<a class=\"sc-c9299ecf-0 bZUiKB\" href=\"https:\/\/www.bbc.co.uk\/news\/uk-england-nottinghamshire-68912006\" target=\"_blank\" rel=\"noopener\">a two-year decommissioning and demolition<\/a>\u00a0process. It is unclear what the site will become after that, but one proposal is to turn it into a battery storage site.<\/p>\n<\/div>\n<div class=\"sc-18fde0d6-0 dlWCEZ\" data-component=\"text-block\">\n<p class=\"sc-eb7bd5f6-0 fYAfXe\">This has already been done in West Yorkshire, at the decommissioned power plant Ferrybridge C, which has a storage capacity of 150MW, enough to power 250,000 homes. As countries aim to rapidly decarbonise their economies, many former fossil fuel power plants are proving to be promising sites for industrial-scale batteries.<\/p>\n<\/div>\n<div class=\"sc-18fde0d6-0 dlWCEZ\" data-component=\"text-block\">\n<p class=\"sc-eb7bd5f6-0 fYAfXe\">Read more about the UK coal plant that became a giant battery in\u00a0<a class=\"sc-c9299ecf-0 bZUiKB\" href=\"https:\/\/www.bbc.com\/future\/article\/20240927-how-coal-fired-power-stations-are-being-turned-into-batteries\" target=\"_blank\" rel=\"noopener\">this story by Michael Marshall<\/a>.<\/p>\n<figure id=\"attachment_16221\" aria-describedby=\"caption-attachment-16221\" style=\"width: 790px\" class=\"wp-caption aligncenter\"><img loading=\"lazy\" class=\"size-large wp-image-16221\" src=\"https:\/\/www.fie.undef.edu.ar\/ceptm\/wp-content\/uploads\/2024\/12\/p0kbxwn0.jpg-1024x576.webp\" alt=\"\" width=\"790\" height=\"444\" srcset=\"https:\/\/www.fie.undef.edu.ar\/ceptm\/wp-content\/uploads\/2024\/12\/p0kbxwn0.jpg-1024x576.webp 1024w, https:\/\/www.fie.undef.edu.ar\/ceptm\/wp-content\/uploads\/2024\/12\/p0kbxwn0.jpg-300x169.webp 300w, https:\/\/www.fie.undef.edu.ar\/ceptm\/wp-content\/uploads\/2024\/12\/p0kbxwn0.jpg-768x432.webp 768w, https:\/\/www.fie.undef.edu.ar\/ceptm\/wp-content\/uploads\/2024\/12\/p0kbxwn0.jpg-1536x864.webp 1536w, https:\/\/www.fie.undef.edu.ar\/ceptm\/wp-content\/uploads\/2024\/12\/p0kbxwn0.jpg.webp 1920w\" sizes=\"(max-width: 790px) 100vw, 790px\" \/><figcaption id=\"caption-attachment-16221\" class=\"wp-caption-text\">The UK stopped burning coal for power in 2024 (Credit: Getty Images)<\/figcaption><\/figure>\n<div class=\"sc-18fde0d6-0 eeiVGB\" data-component=\"subheadline-block\">\n<p class=\"sc-518485e5-0 kRvAla\"><span id=\"\u2026and-a-global-surge-in-green-power\" class=\"sc-7dcfb11b-0 kPypaC\"><b id=\"\u2026and-a-global-surge-in-green-power\" class=\"sc-7dcfb11b-0 kVRnKf\">\u2026and a global surge in green power<\/b><\/span><\/p>\n<\/div>\n<div class=\"sc-18fde0d6-0 dlWCEZ\" data-component=\"text-block\">\n<p class=\"sc-eb7bd5f6-0 fYAfXe\">Renewable energy sources\u00a0<a class=\"sc-c9299ecf-0 bZUiKB\" href=\"https:\/\/www.bbc.com\/news\/articles\/cwy9dwg7rpeo\" target=\"_blank\" rel=\"noopener\">are growing rapidly around the world<\/a>. In the US,\u00a0<a class=\"sc-c9299ecf-0 bZUiKB\" href=\"https:\/\/www.eia.gov\/todayinenergy\/detail.php?id=62784\" target=\"_blank\" rel=\"noopener\">wind energy generation hit a record in April<\/a>, exceeding coal-fired generation.<\/p>\n<\/div>\n<div class=\"sc-18fde0d6-0 dlWCEZ\" data-component=\"text-block\">\n<p class=\"sc-eb7bd5f6-0 fYAfXe\">The International Energy Agency (IEA) expects the world to add 5,500 GW of renewable energy capacity between now and 2030 and to grow\u00a0<a class=\"sc-c9299ecf-0 bZUiKB\" href=\"https:\/\/www.iea.org\/reports\/renewables-2024\/executive-summary\" target=\"_blank\" rel=\"noopener\">global renewable capacity 2.7 times<\/a>\u00a0compared to 2022, slightly falling short of a UN goal to triple capacity by 2030. By the end of this decade, renewable energy sources are set to meet almost half of all electricity.<\/p>\n<\/div>\n<div class=\"sc-18fde0d6-0 dlWCEZ\" data-component=\"text-block\">\n<p class=\"sc-eb7bd5f6-0 fYAfXe\">The lion&#8217;s share of this growth comes from just one country: China. By 2030, China is forecast to make up at least half of the world&#8217;s cumulative renewable electricity capacity, according to the IEA. Read about China&#8217;s <a class=\"sc-c9299ecf-0 bZUiKB\" href=\"https:\/\/www.bbc.com\/future\/article\/20241113-will-chinas-ultra-high-voltage-grid-pay-off-for-renewable-power\" target=\"_self\" rel=\"noopener\">&#8220;bullet<\/a><a class=\"sc-c9299ecf-0 bZUiKB\" href=\"https:\/\/www.bbc.com\/future\/article\/20241113-will-chinas-ultra-high-voltage-grid-pay-off-for-renewable-power\" target=\"_blank\" rel=\"noopener\">\u00a0train for power&#8221; designed to cope with this growing renewable capacity<\/a>.<\/p>\n<\/div>\n<div class=\"sc-18fde0d6-0 dlWCEZ\" data-component=\"text-block\">\n<p class=\"sc-eb7bd5f6-0 fYAfXe\">Fatih Birol, executive director of the IEA,\u00a0<a class=\"sc-c9299ecf-0 bZUiKB\" href=\"https:\/\/www.iea.org\/events\/renewables-2024\" target=\"_blank\" rel=\"noopener\">noted at a press conference<\/a>\u00a0that the world&#8217;s &#8220;massive growth in renewables&#8221; was mainly driven by economics rather than government policies, as renewables \u2013 especially solar \u2013 were the cheapest option in almost every country in the world. The major expansion was a &#8220;beautiful story&#8221;, he said, which he could sum up in two words: &#8220;China&#8221; and &#8220;solar&#8221;.<\/p>\n<\/div>\n<div class=\"sc-18fde0d6-0 eeiVGB\" data-component=\"subheadline-block\">\n<p class=\"sc-518485e5-0 kRvAla\"><span id=\"the-rivers,-mountains,-waves-and-whales-given-legal-personhood\" class=\"sc-7dcfb11b-0 kPypaC\"><b id=\"the-rivers,-mountains,-waves-and-whales-given-legal-personhood\" class=\"sc-7dcfb11b-0 kVRnKf\">The rivers, mountains, waves and whales given legal personhood<\/b><\/span><\/p>\n<\/div>\n<div class=\"sc-18fde0d6-0 dlWCEZ\" data-component=\"text-block\">\n<p class=\"sc-eb7bd5f6-0 fYAfXe\">Back in 2021, the Ecuadorian government issued a landmark ruling stating that mining in its Los Cedros cloud forest violated the rights of nature. Another ruling in Ecuador stated that\u00a0<a class=\"sc-c9299ecf-0 bZUiKB\" href=\"https:\/\/www.theguardian.com\/world\/article\/2024\/jul\/07\/ecuador-court-river-pollution-violates-rights\" target=\"_blank\" rel=\"noopener\">pollution had violated the rights of the Mach\u00e1ngara River<\/a>\u00a0that runs through the capital, Quito.<\/p>\n<\/div>\n<div class=\"sc-18fde0d6-0 dlWCEZ\" data-component=\"text-block\">\n<p class=\"sc-eb7bd5f6-0 fYAfXe\">This year, a report was published which found that such rulings can indeed\u00a0<a class=\"sc-c9299ecf-0 bZUiKB\" href=\"https:\/\/mothrights.org\/wp-content\/uploads\/2024\/08\/The-Impact-of-the-Rights-of-Nature-.pdf\" target=\"_blank\" rel=\"noopener\">help protect endangered ecosystems<\/a>. Read more about Los Cedros legal personhood in\u00a0<a class=\"sc-c9299ecf-0 bZUiKB\" href=\"https:\/\/www.bbc.com\/future\/article\/20240614-how-los-cedros-forest-in-ecuador-was-granted-legal-personhood\" target=\"_blank\" rel=\"noopener\">this article by Becca Warner<\/a>.<\/p>\n<\/div>\n<div class=\"sc-18fde0d6-0 dlWCEZ\" data-component=\"text-block\">\n<p class=\"sc-eb7bd5f6-0 fYAfXe\">Beyond Ecuador, a growing number of natural features and spaces were granted legal personhood in 2024. In New Zealand, the peaks of Egmont National Park \u2013 renamed Te Papakura o Taranaki \u2013 were recognised as\u00a0<a class=\"sc-c9299ecf-0 bZUiKB\" href=\"https:\/\/www.beehive.govt.nz\/release\/government-honours-taranaki-maunga-deal\" target=\"_blank\" rel=\"noopener\">ancestral mountains and jointly became a legal person<\/a>, known as Te K\u0101hui Tupua.<\/p>\n<\/div>\n<div class=\"sc-18fde0d6-0 dlWCEZ\" data-component=\"text-block\">\n<p class=\"sc-eb7bd5f6-0 fYAfXe\">In Brazil, part of the ocean was given legal personhood \u2013 with the coastal city of Linhares recognising its waves as living beings, granting them <a class=\"sc-c9299ecf-0 bZUiKB\" href=\"https:\/\/ecojurisprudence.org\/initiatives\/municipality-of-linhares-brazil-law-on-the-rights-of-the-waves\/?ref=lawyersfornature.com\" target=\"_blank\" rel=\"noopener\">the right to existence, regeneration and restoration<\/a>. Meanwhile, a new treaty formed by Pacific Indigenous leaders saw\u00a0<a class=\"sc-c9299ecf-0 bZUiKB\" href=\"https:\/\/theconversation.com\/whales-and-dolphins-now-have-legal-personhood-in-the-pacific-but-one-treaty-wont-be-enough-to-protect-them-227615\" target=\"_blank\" rel=\"noopener\">whales and dolphins officially recognised as<\/a>\u00a0&#8220;legal persons&#8221;.<\/p>\n<\/div>\n<div class=\"sc-18fde0d6-0 dlWCEZ\" data-component=\"text-block\">\n<p class=\"sc-eb7bd5f6-0 fYAfXe\">&#8220;A case filed to protect whales from cross-ocean shipping may rely on an individual claiming to be harmed because her ability to whale watch has been diminished,&#8221; says Jacqueline Gallant, a lawyer working in climate change, biodiversity and rights. &#8220;If whales themselves were recognised as legal subjects, the case could more accurately focus on the harms to the whales themselves as opposed to the individual claiming an ancillary harm in order for the court to hear the claim.&#8221;<\/p>\n<\/div>\n<div class=\"sc-18fde0d6-0 dlWCEZ\" data-component=\"text-block\">\n<p class=\"sc-eb7bd5f6-0 fYAfXe\">Gallant, who works for the Earth Rights Research and Action programme at New York University School of Law, says they are pushing the boundaries of legal imagination.<\/p>\n<\/div>\n<div class=\"sc-18fde0d6-0 dlWCEZ\" data-component=\"text-block\">\n<p class=\"sc-eb7bd5f6-0 fYAfXe\">&#8220;Legal personhood provides the understanding that nature and living non-human beings should be understood as subjects [as opposed to objects] \u2013 with intrinsic value and interests and needs of their own,&#8221; she says.<\/p>\n<figure id=\"attachment_16222\" aria-describedby=\"caption-attachment-16222\" style=\"width: 790px\" class=\"wp-caption aligncenter\"><img loading=\"lazy\" class=\"size-large wp-image-16222\" src=\"https:\/\/www.fie.undef.edu.ar\/ceptm\/wp-content\/uploads\/2024\/12\/p0kbxwy3.jpg-1024x576.webp\" alt=\"\" width=\"790\" height=\"444\" srcset=\"https:\/\/www.fie.undef.edu.ar\/ceptm\/wp-content\/uploads\/2024\/12\/p0kbxwy3.jpg-1024x576.webp 1024w, https:\/\/www.fie.undef.edu.ar\/ceptm\/wp-content\/uploads\/2024\/12\/p0kbxwy3.jpg-300x169.webp 300w, https:\/\/www.fie.undef.edu.ar\/ceptm\/wp-content\/uploads\/2024\/12\/p0kbxwy3.jpg-768x432.webp 768w, https:\/\/www.fie.undef.edu.ar\/ceptm\/wp-content\/uploads\/2024\/12\/p0kbxwy3.jpg-1536x864.webp 1536w, https:\/\/www.fie.undef.edu.ar\/ceptm\/wp-content\/uploads\/2024\/12\/p0kbxwy3.jpg.webp 1920w\" sizes=\"(max-width: 790px) 100vw, 790px\" \/><figcaption id=\"caption-attachment-16222\" class=\"wp-caption-text\">Granting animals and other parts of nature legal personhood can lead to stronger protections (Credit: Getty Images)<\/figcaption><\/figure>\n<div class=\"sc-18fde0d6-0 eeiVGB\" data-component=\"subheadline-block\">\n<p class=\"sc-518485e5-0 kRvAla\"><span id=\"new-ocean-protections-for-the-azores\" class=\"sc-7dcfb11b-0 kPypaC\"><b id=\"new-ocean-protections-for-the-azores\" class=\"sc-7dcfb11b-0 kVRnKf\">New ocean protections for the Azores<\/b><\/span><\/p>\n<\/div>\n<div class=\"sc-18fde0d6-0 dlWCEZ\" data-component=\"text-block\">\n<p class=\"sc-eb7bd5f6-0 fYAfXe\">The North Atlantic saw a new marine protected area (MPA) announced by the Azores. When established, it will be the largest in the region, spanning 30% of the sea around the Portuguese archipelago. Half of the 111,000 sq miles (287,000 sq km) protected area will be &#8220;fully protected&#8221;, with no fishing or other natural resource extraction, according to the initiative behind the MPA. The other half will be &#8220;highly protected&#8221;.<\/p>\n<\/div>\n<div class=\"sc-18fde0d6-0 dlWCEZ\" data-component=\"text-block\">\n<p class=\"sc-eb7bd5f6-0 fYAfXe\"><a class=\"sc-c9299ecf-0 bZUiKB\" href=\"https:\/\/588b85c5-60f3-440c-80c6-3b3cbe03d01b.usrfiles.com\/ugd\/588b85_7e2a3e948c82432db1fffed4031e0bef.pdf\" target=\"_blank\" rel=\"noopener\">The area contains<\/a>\u00a0nine hydrothermal vents, 28 species of marine mammals and 560 species of fish, among many others.<\/p>\n<\/div>\n<div class=\"sc-18fde0d6-0 dlWCEZ\" data-component=\"text-block\">\n<p class=\"sc-eb7bd5f6-0 fYAfXe\">MPAs can be highly effective in protecting biodiversity if their restrictions are adequately enforced. Overall, just 2.8% of the world&#8217;s oceans are effectively protected and only 8.3% are conserved, according to a report by\u00a0<a class=\"sc-c9299ecf-0 bZUiKB\" href=\"https:\/\/www.bloomberg.org\/press\/just-2-8-of-the-worlds-ocean-is-protected-effectively\/\" target=\"_blank\" rel=\"noopener\">Bloomberg Philanthropies Ocean Initiative<\/a>.<\/p>\n<\/div>\n<div class=\"sc-18fde0d6-0 dlWCEZ\" data-component=\"text-block\">\n<p class=\"sc-eb7bd5f6-0 fYAfXe\">Read about\u00a0<a class=\"sc-c9299ecf-0 bZUiKB\" href=\"https:\/\/www.bbc.com\/future\/article\/20241024-5-proven-ways-to-reverse-biodiversity-loss\" target=\"_blank\" rel=\"noopener\">how MPAs and other large-scale protections can boost biodiversity<\/a>.<\/p>\n<\/div>\n<div class=\"sc-18fde0d6-0 eeiVGB\" data-component=\"subheadline-block\">\n<p class=\"sc-518485e5-0 kRvAla\"><span id=\"amazon-deforestation-reaches-nine-year-low\" class=\"sc-7dcfb11b-0 kPypaC\"><b id=\"amazon-deforestation-reaches-nine-year-low\" class=\"sc-7dcfb11b-0 kVRnKf\">Amazon deforestation reaches nine-year low<\/b><\/span><b id=\"\" class=\"sc-7dcfb11b-0 kVRnKf\"><\/b><\/p>\n<\/div>\n<div class=\"sc-18fde0d6-0 dlWCEZ\" data-component=\"text-block\">\n<p class=\"sc-eb7bd5f6-0 fYAfXe\">Deforestation in the Brazilian Amazon dropped to a nine-year low in 2024, falling by more than 30% in the 12 months to July, according to\u00a0<a class=\"sc-c9299ecf-0 bZUiKB\" href=\"https:\/\/terrabrasilis.dpi.inpe.br\/app\/dashboard\/deforestation\/biomes\/legal_amazon\/rates\" target=\"_blank\" rel=\"noopener\">data released by Brazil&#8217;s national space research institute<\/a>, INPE. Roughly 2,428 sq miles (6,288 sq km) of the rainforest were destroyed, an area larger than the size of the US state of Delaware. While this area is still vast, it is the lowest annual loss since 2015. Deforestation fell despite the fact that\u00a0<a class=\"sc-c9299ecf-0 bZUiKB\" href=\"https:\/\/terrabrasilis.dpi.inpe.br\/queimadas\/situacao-atual\/estatisticas\/estatisticas_estados\/\" target=\"_blank\" rel=\"noopener\">fires in the Brazilian Amazon increased almost 18-fold<\/a>\u00a0during the same time period following\u00a0<a class=\"sc-c9299ecf-0 bZUiKB\" href=\"https:\/\/www.bbc.com\/news\/articles\/cd6qvpe0dxqo\" target=\"_blank\" rel=\"noopener\">a historic drought<\/a>.<\/p>\n<\/div>\n<div class=\"sc-18fde0d6-0 dlWCEZ\" data-component=\"text-block\">\n<p class=\"sc-eb7bd5f6-0 fYAfXe\">The development comes almost two years after President Luiz Inacio Lula da Silva took office and <a class=\"sc-c9299ecf-0 bZUiKB\" href=\"https:\/\/www.bbc.co.uk\/newsround\/65836536\" target=\"_blank\" rel=\"noopener\">pledged to end deforestation by 2030<\/a>\u00a0and crack down on illegal logging.<\/p>\n<\/div>\n<div class=\"sc-18fde0d6-0 eeiVGB\" data-component=\"subheadline-block\">\n<p class=\"sc-518485e5-0 kRvAla\"><span id=\"conservation-really-can-make-a-difference-to-biodiversity\" class=\"sc-7dcfb11b-0 kPypaC\"><b id=\"conservation-really-can-make-a-difference-to-biodiversity\" class=\"sc-7dcfb11b-0 kVRnKf\">Conservation really can make a difference to biodiversity<\/b><\/span><\/p>\n<\/div>\n<div class=\"sc-18fde0d6-0 dlWCEZ\" data-component=\"text-block\">\n<p class=\"sc-eb7bd5f6-0 fYAfXe\">A major review of conservation initiatives this year found that more often than not\u00a0<a class=\"sc-c9299ecf-0 bZUiKB\" href=\"https:\/\/www.bbc.co.uk\/news\/science-environment-68897433\" target=\"_blank\" rel=\"noopener\">they are effective in slowing or reversing biodiversity loss<\/a>. \u00a0The scientists reviewed 665 trials of conservation measures across the world, including several historic trials, and found they had had a positive effect in two out of every three cases.<\/p>\n<figure id=\"attachment_16223\" aria-describedby=\"caption-attachment-16223\" style=\"width: 790px\" class=\"wp-caption aligncenter\"><img loading=\"lazy\" class=\"size-large wp-image-16223\" src=\"https:\/\/www.fie.undef.edu.ar\/ceptm\/wp-content\/uploads\/2024\/12\/p0kbxx1n.jpg-1024x576.webp\" alt=\"\" width=\"790\" height=\"444\" srcset=\"https:\/\/www.fie.undef.edu.ar\/ceptm\/wp-content\/uploads\/2024\/12\/p0kbxx1n.jpg-1024x576.webp 1024w, https:\/\/www.fie.undef.edu.ar\/ceptm\/wp-content\/uploads\/2024\/12\/p0kbxx1n.jpg-300x169.webp 300w, https:\/\/www.fie.undef.edu.ar\/ceptm\/wp-content\/uploads\/2024\/12\/p0kbxx1n.jpg-768x432.webp 768w, https:\/\/www.fie.undef.edu.ar\/ceptm\/wp-content\/uploads\/2024\/12\/p0kbxx1n.jpg-1536x864.webp 1536w, https:\/\/www.fie.undef.edu.ar\/ceptm\/wp-content\/uploads\/2024\/12\/p0kbxx1n.jpg.webp 1920w\" sizes=\"(max-width: 790px) 100vw, 790px\" \/><figcaption id=\"caption-attachment-16223\" class=\"wp-caption-text\">The saiga antelope was one winner from conservation efforts in 2024 (Credit: Getty Images)<\/figcaption><\/figure>\n<div class=\"sc-18fde0d6-0 dlWCEZ\" data-component=\"text-block\">\n<p class=\"sc-eb7bd5f6-0 fYAfXe\">One example of this is the Altyn Dala Conservation Initiative, which\u00a0<a class=\"sc-c9299ecf-0 bZUiKB\" href=\"https:\/\/earthshotprize.org\/winners-finalists\/altyn-dala-conservation-initiative\/\" target=\"_blank\" rel=\"noopener\">worked in Kazakhstan<\/a>\u00a0with local partners and other international organisations to save the critically endangered Saiga Antelope in the Golden Steppe grassland from extinction. The project used careful, science-based monitoring, tagging and habitat protection and restoration to ensure the best recovery for the Saiga Antelope, which numbered just 20,000 in 2003. Today, 2.86 million of the antelope roam the Golden Steppe, and it has been moved from &#8220;critically endangered&#8221; to &#8220;near threatened&#8221; status on the International Union for Conservation of Nature&#8217;s Red List.<\/p>\n<\/div>\n<div class=\"sc-18fde0d6-0 eeiVGB\" data-component=\"subheadline-block\">\n<p class=\"sc-518485e5-0 kRvAla\"><span id=\"indigenous-led-efforts-replenish-skies-and-rivers\" class=\"sc-7dcfb11b-0 kPypaC\"><b id=\"indigenous-led-efforts-replenish-skies-and-rivers\" class=\"sc-7dcfb11b-0 kVRnKf\">Indigenous-led efforts replenish skies and rivers<\/b><\/span><\/p>\n<\/div>\n<div class=\"sc-18fde0d6-0 dlWCEZ\" data-component=\"text-block\">\n<p class=\"sc-eb7bd5f6-0 fYAfXe\">In California, wildlife has benefited from decades-long drives by the Native American Yurok Tribe to replenish animals on tribal territories. In 2024, this culminated in salmon returning to the Klamath River.<\/p>\n<\/div>\n<div class=\"sc-18fde0d6-0 dlWCEZ\" data-component=\"text-block\">\n<p class=\"sc-eb7bd5f6-0 fYAfXe\">After a 100-year hiatus, the fish were spotted in Oregon&#8217;s Klamath River basin, following an <a class=\"sc-c9299ecf-0 bZUiKB\" href=\"https:\/\/www.bbc.com\/future\/article\/20240903-removing-the-klamath-river-dams-to-restore-the-river-what-happens-next\" target=\"_blank\" rel=\"noopener\">historic dam removal<\/a>\u00a0further downstream in the California stretch of the Klamath. In August, the final of four dams were removed \u2013 in what was America&#8217;s biggest dam removal project \u2013 following pressure from environmentalists and tribes. Read about\u00a0<a class=\"sc-c9299ecf-0 bZUiKB\" href=\"https:\/\/www.bbc.com\/future\/article\/20241122-salmon-return-to-californias-klamath-river-after-dam-removal\" target=\"_blank\" rel=\"noopener\">the return of salmon to the river in Lucy Sherriff&#8217;s story<\/a>.<\/p>\n<\/div>\n<div class=\"sc-18fde0d6-0 dlWCEZ\" data-component=\"text-block\">\n<p class=\"sc-eb7bd5f6-0 fYAfXe\">Tribal members expected salmon to take months to return to the upper stretches of the river, as their numbers had been decimated by poor river health caused by the dam blocking natural water flow. But in October biologists sighted the fish in Oregon tributaries.<\/p>\n<\/div>\n<div class=\"sc-18fde0d6-0 dlWCEZ\" data-component=\"text-block\">\n<p class=\"sc-eb7bd5f6-0 fYAfXe\">&#8220;What&#8217;s surprising is the sheer number of fish that are back, and the geographic range,&#8221; said Barry McCovey, senior fisheries biologist for the Yurok Tribe. &#8220;I couldn&#8217;t believe they&#8217;d been spotted in Oregon. It was incredible news to hear \u2013 it was mind boggling. When I heard, I was like &#8216;wait, already?!&#8217;. They&#8217;ve exceeded any expectations anyone had.&#8221;<\/p>\n<\/div>\n<\/div>\n<\/div>\n<\/div>\n<p><strong>Fuente:<\/strong> <a href=\"https:\/\/www.bbc.com\/future\/article\/20241216-seven-quiet-breakthroughs-for-climate-and-nature-in-2024-you-might-have-missed?at_campaign_type=owned&amp;at_medium=emails&amp;at_objective=awareness&amp;at_ptr_type=email&amp;at_ptr_name=salesforce&amp;at_campaign=essentiallist&amp;at_email_send_date=20241227&amp;at_send_id=4248457&amp;at_link_title=https%3a%2f%2fwww.bbc.com%2ffuture%2farticle%2f20241216-seven-quiet-breakthroughs-for-climate-and-nature-in-2024-you-might-have-missed&amp;at_bbc_team=crm\" target=\"_blank\" rel=\"noopener\"><em>https:\/\/www.bbc.com<\/em><\/a><\/p>\n","protected":false},"excerpt":{"rendered":"<p>Las temperaturas globales aumentaron y los fen\u00f3menos meteorol\u00f3gicos extremos aumentaron, pero tambi\u00e9n hubo algunos avances significativos para el clima este a\u00f1o. Aqu\u00ed hay siete victorias&hellip; <\/p>\n","protected":false},"author":1,"featured_media":16220,"comment_status":"closed","ping_status":"closed","sticky":false,"template":"","format":"standard","meta":[],"categories":[36,35,28],"tags":[],"_links":{"self":[{"href":"https:\/\/www.fie.undef.edu.ar\/ceptm\/index.php?rest_route=\/wp\/v2\/posts\/16219"}],"collection":[{"href":"https:\/\/www.fie.undef.edu.ar\/ceptm\/index.php?rest_route=\/wp\/v2\/posts"}],"about":[{"href":"https:\/\/www.fie.undef.edu.ar\/ceptm\/index.php?rest_route=\/wp\/v2\/types\/post"}],"author":[{"embeddable":true,"href":"https:\/\/www.fie.undef.edu.ar\/ceptm\/index.php?rest_route=\/wp\/v2\/users\/1"}],"replies":[{"embeddable":true,"href":"https:\/\/www.fie.undef.edu.ar\/ceptm\/index.php?rest_route=%2Fwp%2Fv2%2Fcomments&post=16219"}],"version-history":[{"count":1,"href":"https:\/\/www.fie.undef.edu.ar\/ceptm\/index.php?rest_route=\/wp\/v2\/posts\/16219\/revisions"}],"predecessor-version":[{"id":16224,"href":"https:\/\/www.fie.undef.edu.ar\/ceptm\/index.php?rest_route=\/wp\/v2\/posts\/16219\/revisions\/16224"}],"wp:featuredmedia":[{"embeddable":true,"href":"https:\/\/www.fie.undef.edu.ar\/ceptm\/index.php?rest_route=\/wp\/v2\/media\/16220"}],"wp:attachment":[{"href":"https:\/\/www.fie.undef.edu.ar\/ceptm\/index.php?rest_route=%2Fwp%2Fv2%2Fmedia&parent=16219"}],"wp:term":[{"taxonomy":"category","embeddable":true,"href":"https:\/\/www.fie.undef.edu.ar\/ceptm\/index.php?rest_route=%2Fwp%2Fv2%2Fcategories&post=16219"},{"taxonomy":"post_tag","embeddable":true,"href":"https:\/\/www.fie.undef.edu.ar\/ceptm\/index.php?rest_route=%2Fwp%2Fv2%2Ftags&post=16219"}],"curies":[{"name":"wp","href":"https:\/\/api.w.org\/{rel}","templated":true}]}}