{"id":16280,"date":"2025-01-13T10:55:23","date_gmt":"2025-01-13T13:55:23","guid":{"rendered":"https:\/\/www.fie.undef.edu.ar\/ceptm\/?p=16280"},"modified":"2025-01-13T10:55:23","modified_gmt":"2025-01-13T13:55:23","slug":"con-el-derrumbe-de-la-cueva-de-jimbo-ushuaia-perdio-uno-de-los-principales-atractivos-turisticos","status":"publish","type":"post","link":"https:\/\/www.fie.undef.edu.ar\/ceptm\/?p=16280","title":{"rendered":"Con el derrumbe de la Cueva de Jimbo, Ushuaia perdi\u00f3 uno de los principales atractivos tur\u00edsticos"},"content":{"rendered":"<p>Final anunciado: La Cueva del Jimbo, un popular destino tur\u00edstico en el Parque Nacional Tierra del Fuego, colaps\u00f3 por completo y ahora resulta completamente inaccesible. El hecho caus\u00f3 una fuerte conmoci\u00f3n en turistas, monta\u00f1eses y exploradores, que tomaban como punto de referencia al lugar. Por el hecho, no se registraron heridos. Cabe destacar que el Servicio Meteorol\u00f3gico Nacional viene alertando por una importante ola de calor en la Patagonia que afecta no s\u00f3lo a provincias como Chubut y Santa Cruz, sino tambi\u00e9n -y m\u00e1s importante en este caso- a Tierra del Fuego. Esta podr\u00eda ser una de las causas que hayan aportado mayor riesgo al derrumbe de la Cueva del Jimbo, la cual necesita indefectiblemente del fr\u00edo para mantenerse erguida.<\/p>\n<hr \/>\n<p>En un rinc\u00f3n pr\u00f3ximo al imponente\u00a0<strong>Ca\u00f1ad\u00f3n de la Oveja<\/strong>, se extend\u00eda un espacio que parec\u00eda extra\u00eddo de un cuento. Este lugar no solo era un refugio para quienes buscaban tranquilidad, sino tambi\u00e9n el escenario de festivales y encuentros culturales que lo llenaban de vida y color. Con el tiempo,\u00a0<strong>se convirti\u00f3 en un punto de encuentro<\/strong>\u00a0para los amantes de\u00a0<a href=\"https:\/\/www.perfil.com\/noticias\/actualidad\/un-avion-de-aerolineas-argentinas-aterrizo-de-emergencia-por-un-protocolo-antibombas.phtml\" target=\"_blank\" rel=\"noopener\" data-t=\"{&quot;n&quot;:&quot;destination&quot;,&quot;t&quot;:13,&quot;b&quot;:1,&quot;c.t&quot;:7}\">Ushuaia<\/a>.<\/p>\n<figure id=\"attachment_16281\" aria-describedby=\"caption-attachment-16281\" style=\"width: 768px\" class=\"wp-caption aligncenter\"><a href=\"https:\/\/www.fie.undef.edu.ar\/ceptm\/wp-content\/uploads\/2025\/01\/BB1rksRh.jpg\"><img loading=\"lazy\" class=\"wp-image-16281 size-full\" src=\"https:\/\/www.fie.undef.edu.ar\/ceptm\/wp-content\/uploads\/2025\/01\/BB1rksRh.jpg\" alt=\"\" width=\"768\" height=\"431\" srcset=\"https:\/\/www.fie.undef.edu.ar\/ceptm\/wp-content\/uploads\/2025\/01\/BB1rksRh.jpg 768w, https:\/\/www.fie.undef.edu.ar\/ceptm\/wp-content\/uploads\/2025\/01\/BB1rksRh-300x168.jpg 300w\" sizes=\"(max-width: 768px) 100vw, 768px\" \/><\/a><figcaption id=\"caption-attachment-16281\" class=\"wp-caption-text\">Foto de @argentinapatago de la Cueva del Jimbo<\/figcaption><\/figure>\n<p>Llegar hasta all\u00ed tiene su complejidad, aunque hoy s\u00f3lo sirve para<strong>\u00a0observar los restos de lo que alguna vez fue<\/strong>. Se puede seguir la senda Ca\u00f1ad\u00f3n de la Oveja, de 9,09 km de distancia y posee un desnivel positivo de 731 metros. La dificultad de llegada es moderada: se tarda unas 3 horas y 43 minutos para alcanzar la meta.<\/p>\n<p data-t=\"{&quot;n&quot;:&quot;blueLinks&quot;}\">De alguna manera, el derrumbe de la Cueva del Jimbo\u00a0<strong>era la cr\u00f3nica de una muerte anunciada.<\/strong>\u00a0Y es que, desde 2021, las autoridades del Parque Nacional\u00a0<strong>ya hab\u00edan advertido sobre el peligro de acercarse<\/strong>, motivo por el que el acceso al lugar estaba prohibido.<\/p>\n<p data-t=\"{&quot;n&quot;:&quot;blueLinks&quot;}\">La medida se debi\u00f3, principalmente, a los estudios cient\u00edficos del\u00a0<strong>Centro Austral de Investigaciones Cient\u00edficos<\/strong>, quienes confirmaron que el lugar se encontraba en \u201cpeligro de colapso\u201d y que era habitual que trozos de hielo y piedras cayeran desde la parte superior.<\/p>\n<figure id=\"attachment_16282\" aria-describedby=\"caption-attachment-16282\" style=\"width: 768px\" class=\"wp-caption aligncenter\"><img loading=\"lazy\" class=\"size-full wp-image-16282\" src=\"https:\/\/www.fie.undef.edu.ar\/ceptm\/wp-content\/uploads\/2025\/01\/BB1rkhXk.jpg\" alt=\"\" width=\"768\" height=\"668\" srcset=\"https:\/\/www.fie.undef.edu.ar\/ceptm\/wp-content\/uploads\/2025\/01\/BB1rkhXk.jpg 768w, https:\/\/www.fie.undef.edu.ar\/ceptm\/wp-content\/uploads\/2025\/01\/BB1rkhXk-300x261.jpg 300w\" sizes=\"(max-width: 768px) 100vw, 768px\" \/><figcaption id=\"caption-attachment-16282\" class=\"wp-caption-text\">Usuarios de X comparten im\u00e1genes de lo que fue la Cueva del Jimbo<\/figcaption><\/figure>\n<p>Las autoridades locales advirtieron que las formaciones rocosas de la zona\u00a0<a href=\"https:\/\/www.perfil.com\/noticias\/actualidad\/el-iceberg-mas-grande-del-mundo-no-se-fragmento-y-va-camino-a-las-islas-georgias-del-sur.phtml\" target=\"_blank\" rel=\"noopener\" data-t=\"{&quot;n&quot;:&quot;destination&quot;,&quot;t&quot;:13,&quot;b&quot;:1,&quot;c.t&quot;:7}\"><strong>enfrentaban un deterioro progresivo<\/strong><\/a>\u00a0debido a la acci\u00f3n de la erosi\u00f3n y otros elementos naturales, lo que pon\u00eda en riesgo su estructura con el paso del tiempo.<\/p>\n<p>Cabe destacar que el Servicio Meteorol\u00f3gico Nacional viene alertando por una<strong>\u00a0importante ola de calor en la Patagonia<\/strong>\u00a0que afecta no s\u00f3lo a provincias como Chubut y Santa Cruz, sino tambi\u00e9n -y m\u00e1s importante en este caso- a Tierra del Fuego. Esta podr\u00eda ser\u00a0<strong>una de las causas<\/strong>\u00a0que hayan aportado mayor riesgo al derrumbe de la Cueva del Jimbo, la cual necesita indefectiblemente del fr\u00edo para mantenerse erguida.<\/p>\n<figure id=\"attachment_16283\" aria-describedby=\"caption-attachment-16283\" style=\"width: 768px\" class=\"wp-caption aligncenter\"><img loading=\"lazy\" class=\"size-full wp-image-16283\" src=\"https:\/\/www.fie.undef.edu.ar\/ceptm\/wp-content\/uploads\/2025\/01\/BB1rkhXl.jpg\" alt=\"\" width=\"768\" height=\"431\" srcset=\"https:\/\/www.fie.undef.edu.ar\/ceptm\/wp-content\/uploads\/2025\/01\/BB1rkhXl.jpg 768w, https:\/\/www.fie.undef.edu.ar\/ceptm\/wp-content\/uploads\/2025\/01\/BB1rkhXl-300x168.jpg 300w\" sizes=\"(max-width: 768px) 100vw, 768px\" \/><figcaption id=\"caption-attachment-16283\" class=\"wp-caption-text\">La advertencia del SMN sobre las altas temperaturas en la Patagonia<\/figcaption><\/figure>\n<p class=\"article-sub-heading\"><strong>Cueva de la tragedia<\/strong><\/p>\n<p data-t=\"{&quot;n&quot;:&quot;blueLinks&quot;}\">En 2022,<a href=\"https:\/\/www.perfil.com\/noticias\/video\/tragedia-en-ushuaia-un-turista-brasileno-entro-a-una-cueva-prohibida-y-murio-aplastado-por-un-pedazo-de-hielo.phtml\" target=\"_blank\" rel=\"noopener\" data-t=\"{&quot;n&quot;:&quot;destination&quot;,&quot;t&quot;:13,&quot;b&quot;:1,&quot;c.t&quot;:7}\">\u00a0un turista brasile\u00f1o hab\u00eda fallecido\u00a0al entrar en el lugar<\/a>.\u00a0<strong>No estaba autorizado a hacerlo<\/strong>, ya que su expedici\u00f3n fue llevada a cabo un a\u00f1o despu\u00e9s de que las autoridades locales prohibieran el ingreso por peligro de derrumbe.<\/p>\n<p data-t=\"{&quot;n&quot;:&quot;blueLinks&quot;}\">El momento fatal fue registrado por uno de los excursionistas que acompa\u00f1aba al hombre. All\u00ed, se puede ver c\u00f3mo un grupo de cinco personas se fue acercando al interior de la cueva lentamente, hasta que\u00a0<strong>un gran trozo de hielo<\/strong>\u00a0se desprende de la pared superior y cae justo sobre uno de los j\u00f3venes que ya se encontraba m\u00e1s pr\u00f3ximo a la parte peligrosa de la cueva.<\/p>\n<p data-t=\"{&quot;n&quot;:&quot;blueLinks&quot;}\">Segundos despu\u00e9s, se escucha como todos los presentes se desesperan y comienzan a gritar mientras corren hacia donde estaba su compa\u00f1ero accidentado.<strong>\u00a0La muerte del afectado fue confirmada horas m\u00e1s tarde\u00a0<\/strong>por integrantes de la<strong>\u00a0Comisi\u00f3n de Auxilio<\/strong>, quienes se acercaron al lugar y constataron que el cuerpo pudo ser rescatado y trasladado durante la madrugada.<\/p>\n<p><strong>Fuente:<\/strong> <a href=\"https:\/\/www.msn.com\/es-ar\/viajes\/actividades-al-aire-libre\/con-el-derrumbe-de-la-cueva-de-jimbo-ushuaia-perdi%C3%B3-uno-de-los-principales-atractivos-tur%C3%ADsticos\/ar-BB1rkxYp?ocid=msedgntp&amp;pc=U531&amp;cvid=564416352dee4eb180c12aff6593eb79&amp;ei=22\" target=\"_blank\" rel=\"noopener\"><em>https:\/\/www.msn.com<\/em><\/a><\/p>\n","protected":false},"excerpt":{"rendered":"<p>Final anunciado: La Cueva del Jimbo, un popular destino tur\u00edstico en el Parque Nacional Tierra del Fuego, colaps\u00f3 por completo y ahora resulta completamente inaccesible.&hellip; <\/p>\n","protected":false},"author":1,"featured_media":0,"comment_status":"closed","ping_status":"closed","sticky":false,"template":"","format":"standard","meta":[],"categories":[36,35,28],"tags":[],"_links":{"self":[{"href":"https:\/\/www.fie.undef.edu.ar\/ceptm\/index.php?rest_route=\/wp\/v2\/posts\/16280"}],"collection":[{"href":"https:\/\/www.fie.undef.edu.ar\/ceptm\/index.php?rest_route=\/wp\/v2\/posts"}],"about":[{"href":"https:\/\/www.fie.undef.edu.ar\/ceptm\/index.php?rest_route=\/wp\/v2\/types\/post"}],"author":[{"embeddable":true,"href":"https:\/\/www.fie.undef.edu.ar\/ceptm\/index.php?rest_route=\/wp\/v2\/users\/1"}],"replies":[{"embeddable":true,"href":"https:\/\/www.fie.undef.edu.ar\/ceptm\/index.php?rest_route=%2Fwp%2Fv2%2Fcomments&post=16280"}],"version-history":[{"count":1,"href":"https:\/\/www.fie.undef.edu.ar\/ceptm\/index.php?rest_route=\/wp\/v2\/posts\/16280\/revisions"}],"predecessor-version":[{"id":16284,"href":"https:\/\/www.fie.undef.edu.ar\/ceptm\/index.php?rest_route=\/wp\/v2\/posts\/16280\/revisions\/16284"}],"wp:attachment":[{"href":"https:\/\/www.fie.undef.edu.ar\/ceptm\/index.php?rest_route=%2Fwp%2Fv2%2Fmedia&parent=16280"}],"wp:term":[{"taxonomy":"category","embeddable":true,"href":"https:\/\/www.fie.undef.edu.ar\/ceptm\/index.php?rest_route=%2Fwp%2Fv2%2Fcategories&post=16280"},{"taxonomy":"post_tag","embeddable":true,"href":"https:\/\/www.fie.undef.edu.ar\/ceptm\/index.php?rest_route=%2Fwp%2Fv2%2Ftags&post=16280"}],"curies":[{"name":"wp","href":"https:\/\/api.w.org\/{rel}","templated":true}]}}