{"id":16459,"date":"2025-02-03T07:20:54","date_gmt":"2025-02-03T10:20:54","guid":{"rendered":"https:\/\/www.fie.undef.edu.ar\/ceptm\/?p=16459"},"modified":"2025-02-03T07:20:54","modified_gmt":"2025-02-03T10:20:54","slug":"el-gasto-publico-vinculado-con-el-cambio-climatico-en-america-latina","status":"publish","type":"post","link":"https:\/\/www.fie.undef.edu.ar\/ceptm\/?p=16459","title":{"rendered":"El gasto p\u00fablico vinculado con el cambio clim\u00e1tico en Am\u00e9rica Latina"},"content":{"rendered":"<p>Las cuestiones clim\u00e1ticas abarcan diversas \u00e1reas de gobierno, en este informe se adopta un enfoque transversal, analizando el gasto\/inversi\u00f3n p\u00fablica para la adaptaci\u00f3n al cambio clim\u00e1tico y su mitigaci\u00f3n en seis pa\u00edses de Am\u00e9rica Latina: Argentina, Colombia, Honduras, M\u00e9xico, Nicaragua y Per\u00fa. Adem\u00e1s, se plantean orientaciones para fortalecer las estad\u00edsticas derivadas, con un panorama actualizado de las finanzas p\u00fablicas para abordar los desaf\u00edos en materia clim\u00e1tica.<\/p>\n<hr \/>\n<p><b>\u00cdndice<\/b><\/p>\n<ul>\n<li>Introducci\u00f3n.<\/li>\n<li>I. Revisi\u00f3n de los principales enfoques internacionales para definir los marcadores o etiquetado del gasto p\u00fablico asociado al cambio clim\u00e1tico.<\/li>\n<li>II. S\u00edntesis y comparaci\u00f3n de las metodolog\u00edas nacionales para la medici\u00f3n del gasto p\u00fablico transversal vinculado con el cambio clim\u00e1tico en seis pa\u00edses latinoamericanos.<\/li>\n<li>III. Propuesta de clasificaci\u00f3n del gasto p\u00fablico transversal vinculado con el cambio clim\u00e1tico.<\/li>\n<li>IV. El gasto del gobierno en protecci\u00f3n del medio ambiente.<\/li>\n<li>V. Cuantificaci\u00f3n del gasto p\u00fablico transversal vinculado con el cambio clim\u00e1tico en seis pa\u00edses latinoamericanos.<\/li>\n<li>VI. Conclusiones.<\/li>\n<\/ul>\n<p><a href=\"https:\/\/www.fie.undef.edu.ar\/ceptm\/wp-content\/uploads\/2025\/02\/S2400866_es.pdf\" target=\"_blank\" rel=\"noopener\"><img loading=\"lazy\" class=\"aligncenter wp-image-5168\" src=\"https:\/\/www.fie.undef.edu.ar\/ceptm\/wp-content\/uploads\/2020\/02\/icono-PDF-1-243x300.png\" alt=\"Descargar archivo pdf\" width=\"75\" height=\"93\" srcset=\"https:\/\/www.fie.undef.edu.ar\/ceptm\/wp-content\/uploads\/2020\/02\/icono-PDF-1-243x300.png 243w, https:\/\/www.fie.undef.edu.ar\/ceptm\/wp-content\/uploads\/2020\/02\/icono-PDF-1.png 310w\" sizes=\"(max-width: 75px) 100vw, 75px\" \/><\/a><strong>Fuente:<\/strong> <a href=\"https:\/\/repositorio.cepal.org\/server\/api\/core\/bitstreams\/a32c7682-c00e-4492-9db0-e1014cb30e83\/content\" target=\"_blank\" rel=\"noopener\"><em>https:\/\/repositorio.cepal.org<\/em><\/a><\/p>\n","protected":false},"excerpt":{"rendered":"<p>Las cuestiones clim\u00e1ticas abarcan diversas \u00e1reas de gobierno, en este informe se adopta un enfoque transversal, analizando el gasto\/inversi\u00f3n p\u00fablica para la adaptaci\u00f3n al cambio&hellip; <\/p>\n","protected":false},"author":1,"featured_media":16461,"comment_status":"closed","ping_status":"closed","sticky":false,"template":"","format":"standard","meta":[],"categories":[36,35,28],"tags":[],"_links":{"self":[{"href":"https:\/\/www.fie.undef.edu.ar\/ceptm\/index.php?rest_route=\/wp\/v2\/posts\/16459"}],"collection":[{"href":"https:\/\/www.fie.undef.edu.ar\/ceptm\/index.php?rest_route=\/wp\/v2\/posts"}],"about":[{"href":"https:\/\/www.fie.undef.edu.ar\/ceptm\/index.php?rest_route=\/wp\/v2\/types\/post"}],"author":[{"embeddable":true,"href":"https:\/\/www.fie.undef.edu.ar\/ceptm\/index.php?rest_route=\/wp\/v2\/users\/1"}],"replies":[{"embeddable":true,"href":"https:\/\/www.fie.undef.edu.ar\/ceptm\/index.php?rest_route=%2Fwp%2Fv2%2Fcomments&post=16459"}],"version-history":[{"count":1,"href":"https:\/\/www.fie.undef.edu.ar\/ceptm\/index.php?rest_route=\/wp\/v2\/posts\/16459\/revisions"}],"predecessor-version":[{"id":16462,"href":"https:\/\/www.fie.undef.edu.ar\/ceptm\/index.php?rest_route=\/wp\/v2\/posts\/16459\/revisions\/16462"}],"wp:featuredmedia":[{"embeddable":true,"href":"https:\/\/www.fie.undef.edu.ar\/ceptm\/index.php?rest_route=\/wp\/v2\/media\/16461"}],"wp:attachment":[{"href":"https:\/\/www.fie.undef.edu.ar\/ceptm\/index.php?rest_route=%2Fwp%2Fv2%2Fmedia&parent=16459"}],"wp:term":[{"taxonomy":"category","embeddable":true,"href":"https:\/\/www.fie.undef.edu.ar\/ceptm\/index.php?rest_route=%2Fwp%2Fv2%2Fcategories&post=16459"},{"taxonomy":"post_tag","embeddable":true,"href":"https:\/\/www.fie.undef.edu.ar\/ceptm\/index.php?rest_route=%2Fwp%2Fv2%2Ftags&post=16459"}],"curies":[{"name":"wp","href":"https:\/\/api.w.org\/{rel}","templated":true}]}}