{"id":16486,"date":"2025-02-10T07:39:48","date_gmt":"2025-02-10T10:39:48","guid":{"rendered":"https:\/\/www.fie.undef.edu.ar\/ceptm\/?p=16486"},"modified":"2025-02-10T07:39:48","modified_gmt":"2025-02-10T10:39:48","slug":"los-incendios-en-corrientes-ya-consumieron-20-mil-hectareas-y-hay-un-fallecido","status":"publish","type":"post","link":"https:\/\/www.fie.undef.edu.ar\/ceptm\/?p=16486","title":{"rendered":"Los incendios en Corrientes ya consumieron 20 mil hect\u00e1reas y hay un fallecido"},"content":{"rendered":"<p>Bomberos voluntarios, brigadistas y aeronaves buscan sofocar las llamas en las zonas rurales de las localidades de La Cruz, Estaci\u00f3n Solari y Mantilla. El NEA se encuentra bajo alerta Naranja.<\/p>\n<hr \/>\n<p>Los\u00a0<a href=\"https:\/\/www.mdzol.com\/sociedad\/2025\/1\/28\/ya-son-7000-las-hectareas-consumidas-por-el-fuego-en-el-parque-nahuel-huapi-1184042.html\" target=\"_blank\" rel=\"noopener\"><strong>incendios<\/strong>\u00a0<\/a>forestales que afectan a la\u00a0provincia de\u00a0<strong><a href=\"https:\/\/www.mdzol.com\/sociedad\/2025\/2\/6\/incendios-en-corrientes-se-encontraron-tres-focos-en-la-provincia-1186306.html\" target=\"_blank\" rel=\"noopener\">Corrientes<\/a>\u00a0<\/strong>desde hace varios d\u00edas ya se cobraron unas 20 mil hect\u00e1reas afectadas<strong>\u00a0<\/strong>en las localidades de La Cruz, Estaci\u00f3n Solari y Mantilla. A pesar de los esfuerzos de bomberos voluntarios, brigadistas y aeronaves, el fuego se cobr\u00f3 adem\u00e1s\u00a0la vida de una directora de escuela que intentaba proteger la vivienda de su padre.<\/p>\n<p>Los factores climatol\u00f3gicos contin\u00faan siendo una grave dificultad para lograr contener estos siniestros. Ayer, viernes, se logr\u00f3 desactivar dos focos en las ciudades de Gobernador Mart\u00ednez y Perugorr\u00eda, pero la situaci\u00f3n sigue siendo cr\u00edtica las otras zonas de la provincia.<\/p>\n<p>Por tal raz\u00f3n, se conform\u00f3 un Comando Operativo de Emergencias para\u00a0<strong>Corrientes<\/strong>, cuya tarea permite coordinar las acciones de dos aviones hidrantes como as\u00ed tambi\u00e9n de las distintas dotaciones de\u00a0bomberos voluntarios y brigadas de incendios que est\u00e1n abocadas a\u00a0combatir las llamas.<\/p>\n<p><strong>Una v\u00edctima mortal<\/strong><\/p>\n<p>A pesar de la coordinaci\u00f3n y la lucha que vienen realizando los voluntarios y brigadistas contra los\u00a0<strong>incendios<\/strong>, el fuego ya se cobr\u00f3 una v\u00edctima fatal. Se trata de una mujer que fue identificada como Cintia Alejandra Mendoza, una directora de escuela de 30 a\u00f1os que se encontraba en la localidad de Estaci\u00f3n Solari. ayudando a combatir el fuego que se propagaba hacia la vivienda de su padre. Su tr\u00e1gica muerte conmocion\u00f3 a la comunidad y evidenci\u00f3 la gravedad de la situaci\u00f3n.<\/p>\n<p>En la localidad de La Cruz, en tanto, el incendio forestal se propag\u00f3 r\u00e1pidamente sobre una plantaci\u00f3n de pino, una especie no nativa que favorece la combusti\u00f3n. Bomberos voluntarios y un helic\u00f3ptero del Sistema Nacional de Manejo del Fuego trabajan en conjunto este s\u00e1bado para evitar que las llamas se extiendan hacia otras \u00e1reas.<\/p>\n<p>Por su parte, en Mantilla, las llamas\u00a0se iniciaron\u00a0el mi\u00e9rcoles \u00faltimo en una plantaci\u00f3n de eucalipto y avanz\u00f3\u00a0r\u00e1pidamente impulsado por los fuertes vientos, la vegetaci\u00f3n seca y las\u00a0condiciones clim\u00e1ticas desfavorables.<\/p>\n<p>Bomberos de distintas localidades de la provincia, como 9 de Julio, Chavarr\u00eda, Mantilla, Bella Vista, Saladas y Santa Rosa, redoblan sus esfuerzos para lograr contener las llamas.<\/p>\n<p><strong>Bomberos y brigadista\u00a0<\/strong><\/p>\n<p>Ante la magnitud de los\u00a0<strong>incendios<\/strong>, las autoridades provinciales solicitaron a la poblaci\u00f3n extremar las medidas\u00a0y evitar iniciar cualquier tipo de quema, ya sea de pastizales o de basura. Seg\u00fan expresaron, la colaboraci\u00f3n de los vecinos es fundamental para evitar la propagaci\u00f3n del fuego y proteger la vida y los bienes de los correntinos.<\/p>\n<p>Adem\u00e1s de los bomberos, brigadistas y aviones hidrantes, en la zona tambi\u00e9n se encuentran trabajando efectivos de la Polic\u00eda, el Ministerio de Salud \u2013asistiendo a bomberos y voluntarios\u2013 y Vialidad provincial. Adem\u00e1s, se sumaron brigadistas\u00a0de los municipios de Mercedes y de Curuz\u00fa Cuati\u00e1. Todos unidos en un esfuerzo por controlar los incendios y minimizar sus consecuencias.<\/p>\n<p>La situaci\u00f3n en\u00a0<strong>Corrientes\u00a0<\/strong>es cr\u00edtica y requiere de la m\u00e1xima atenci\u00f3n. Se busca\u00a0evitar tragedias como la ocurrida en la localidad de Estaci\u00f3n Solari.<\/p>\n<p>Seg\u00fan los datos del Servicio Nacional del Manejo del Fuego, la regi\u00f3n del NEA se encuentra en situaci\u00f3n de aviso II por peligros de\u00a0<strong>incendios<\/strong>. Esto incluye a parte de Formosa, Misiones, Chaco, Corrientes, Santa Fe y Entre R\u00edos.<\/p>\n<p>Se espera que la alerta m\u00e1xima\u00a0contin\u00fae durante la tarde del s\u00e1bado debido a las altas temperaturas y bajos valores de humedad.\u00a0Los indicadores de disponibilidad de combustible se encuentran elevados.<\/p>\n<p>Cabe recordar que desde el Servicio Meteorol\u00f3gico Nacional lanzaron una alerta Naranja en\u00a0<strong>Corrientes<\/strong>\u00a0por temperaturas extremas, y anticipan que la m\u00e1xima superar\u00e1\u00a0los 41\u00ba.<\/p>\n<p><strong>Fuente:<\/strong> <a href=\"https:\/\/www.mdzol.com\/sociedad\/2025\/2\/8\/los-incendios-en-corrientes-ya-consumieron-20-mil-hectareas-hay-un-fallecido-1186744.html\" target=\"_blank\" rel=\"noopener\"><em>https:\/\/www.mdzol.com<\/em><\/a><\/p>\n","protected":false},"excerpt":{"rendered":"<p>Bomberos voluntarios, brigadistas y aeronaves buscan sofocar las llamas en las zonas rurales de las localidades de La Cruz, Estaci\u00f3n Solari y Mantilla. El NEA&hellip; <\/p>\n","protected":false},"author":1,"featured_media":16487,"comment_status":"closed","ping_status":"closed","sticky":false,"template":"","format":"standard","meta":[],"categories":[36,28],"tags":[],"_links":{"self":[{"href":"https:\/\/www.fie.undef.edu.ar\/ceptm\/index.php?rest_route=\/wp\/v2\/posts\/16486"}],"collection":[{"href":"https:\/\/www.fie.undef.edu.ar\/ceptm\/index.php?rest_route=\/wp\/v2\/posts"}],"about":[{"href":"https:\/\/www.fie.undef.edu.ar\/ceptm\/index.php?rest_route=\/wp\/v2\/types\/post"}],"author":[{"embeddable":true,"href":"https:\/\/www.fie.undef.edu.ar\/ceptm\/index.php?rest_route=\/wp\/v2\/users\/1"}],"replies":[{"embeddable":true,"href":"https:\/\/www.fie.undef.edu.ar\/ceptm\/index.php?rest_route=%2Fwp%2Fv2%2Fcomments&post=16486"}],"version-history":[{"count":1,"href":"https:\/\/www.fie.undef.edu.ar\/ceptm\/index.php?rest_route=\/wp\/v2\/posts\/16486\/revisions"}],"predecessor-version":[{"id":16488,"href":"https:\/\/www.fie.undef.edu.ar\/ceptm\/index.php?rest_route=\/wp\/v2\/posts\/16486\/revisions\/16488"}],"wp:featuredmedia":[{"embeddable":true,"href":"https:\/\/www.fie.undef.edu.ar\/ceptm\/index.php?rest_route=\/wp\/v2\/media\/16487"}],"wp:attachment":[{"href":"https:\/\/www.fie.undef.edu.ar\/ceptm\/index.php?rest_route=%2Fwp%2Fv2%2Fmedia&parent=16486"}],"wp:term":[{"taxonomy":"category","embeddable":true,"href":"https:\/\/www.fie.undef.edu.ar\/ceptm\/index.php?rest_route=%2Fwp%2Fv2%2Fcategories&post=16486"},{"taxonomy":"post_tag","embeddable":true,"href":"https:\/\/www.fie.undef.edu.ar\/ceptm\/index.php?rest_route=%2Fwp%2Fv2%2Ftags&post=16486"}],"curies":[{"name":"wp","href":"https:\/\/api.w.org\/{rel}","templated":true}]}}