{"id":16650,"date":"2025-03-07T07:00:48","date_gmt":"2025-03-07T10:00:48","guid":{"rendered":"https:\/\/www.fie.undef.edu.ar\/ceptm\/?p=16650"},"modified":"2025-03-07T07:00:48","modified_gmt":"2025-03-07T10:00:48","slug":"anuario-estadistico-de-america-latina-y-el-caribe-2024","status":"publish","type":"post","link":"https:\/\/www.fie.undef.edu.ar\/ceptm\/?p=16650","title":{"rendered":"Anuario Estad\u00edstico de Am\u00e9rica Latina y el Caribe 2024"},"content":{"rendered":"<p>En el Anuario Estad\u00edstico de Am\u00e9rica Latina y el Caribe de la CEPAL se presenta un conjunto de estad\u00edsticas b\u00e1sicas que caracterizan la situaci\u00f3n econ\u00f3mica, sociodemogr\u00e1fica y ambiental de la regi\u00f3n referidas a un per\u00edodo particular. Las versiones impresa y web del Anuario incluyen una selecci\u00f3n de cuadros y gr\u00e1ficos orientados a brindar un resumen de la informaci\u00f3n estad\u00edstica desde la perspectiva regional, privilegiando la comparabilidad internacional de los datos, como es el caso de la informaci\u00f3n sobre pobreza y sobre cuentas nacionales en d\u00f3lares elaboradas por la CEPAL.<\/p>\n<hr \/>\n<p>El\u00a0<em>Anuario<\/em>\u00a0consta de tres cap\u00edtulos. El primero, en que se presentan los indicadores demogr\u00e1ficos y sociales, incluye informaci\u00f3n estad\u00edstica sobre poblaci\u00f3n, trabajo, educaci\u00f3n, salud, vivienda y servicios b\u00e1sicos, pobreza y distribuci\u00f3n del ingreso, y g\u00e9nero. En el segundo cap\u00edtulo se re\u00fanen estad\u00edsticas econ\u00f3micas de comercio internacional, balanza de pagos y precios internos, as\u00ed como de cuentas nacionales (expresadas en d\u00f3lares).<\/p>\n<p>En el tercer cap\u00edtulo se presenta la informaci\u00f3n cuantitativa disponible sobre medio ambiente referida a condiciones f\u00edsicas, cobertura terrestre, biodiversidad, calidad ambiental, recursos energ\u00e9ticos, biol\u00f3gicos e h\u00eddricos, emisiones al aire, eventos naturales extremos y desastres, regulaci\u00f3n y gobernanza ambiental, y asentamientos humanos. La abundante informaci\u00f3n \u2014a menudo diversa y en ocasiones contradictoria\u2014 a la que los usuarios pueden acceder obliga a prestar particular atenci\u00f3n a los aspectos t\u00e9cnicos, como la documentaci\u00f3n del origen de los datos, su definici\u00f3n y cobertura. Esta referencia se presenta en un cuarto cap\u00edtulo incluido en la versi\u00f3n web de este Anuario, dedicado a la metodolog\u00eda y los metadatos, lo que complementa la informaci\u00f3n m\u00e1s espec\u00edfica que figura en las notas y fuentes al pie de los cuadros y gr\u00e1ficos.<\/p>\n<p><a href=\"https:\/\/www.fie.undef.edu.ar\/ceptm\/wp-content\/uploads\/2025\/03\/S2400933_mu.pdf\" target=\"_blank\" rel=\"noopener\"><img loading=\"lazy\" class=\"aligncenter wp-image-5168\" src=\"https:\/\/www.fie.undef.edu.ar\/ceptm\/wp-content\/uploads\/2020\/02\/icono-PDF-1-243x300.png\" alt=\"Descargar archivo pdf\" width=\"75\" height=\"93\" srcset=\"https:\/\/www.fie.undef.edu.ar\/ceptm\/wp-content\/uploads\/2020\/02\/icono-PDF-1-243x300.png 243w, https:\/\/www.fie.undef.edu.ar\/ceptm\/wp-content\/uploads\/2020\/02\/icono-PDF-1.png 310w\" sizes=\"(max-width: 75px) 100vw, 75px\" \/><\/a><strong>Fuente: <\/strong><a href=\"https:\/\/statistics.cepal.org\/yearbook\/2024\/\" target=\"_blank\" rel=\"noopener\"><em>https:\/\/statistics.cepal.org<\/em><\/a><\/p>\n","protected":false},"excerpt":{"rendered":"<p>En el Anuario Estad\u00edstico de Am\u00e9rica Latina y el Caribe de la CEPAL se presenta un conjunto de estad\u00edsticas b\u00e1sicas que caracterizan la situaci\u00f3n econ\u00f3mica,&hellip; <\/p>\n","protected":false},"author":1,"featured_media":16651,"comment_status":"closed","ping_status":"closed","sticky":false,"template":"","format":"standard","meta":[],"categories":[35],"tags":[],"_links":{"self":[{"href":"https:\/\/www.fie.undef.edu.ar\/ceptm\/index.php?rest_route=\/wp\/v2\/posts\/16650"}],"collection":[{"href":"https:\/\/www.fie.undef.edu.ar\/ceptm\/index.php?rest_route=\/wp\/v2\/posts"}],"about":[{"href":"https:\/\/www.fie.undef.edu.ar\/ceptm\/index.php?rest_route=\/wp\/v2\/types\/post"}],"author":[{"embeddable":true,"href":"https:\/\/www.fie.undef.edu.ar\/ceptm\/index.php?rest_route=\/wp\/v2\/users\/1"}],"replies":[{"embeddable":true,"href":"https:\/\/www.fie.undef.edu.ar\/ceptm\/index.php?rest_route=%2Fwp%2Fv2%2Fcomments&post=16650"}],"version-history":[{"count":1,"href":"https:\/\/www.fie.undef.edu.ar\/ceptm\/index.php?rest_route=\/wp\/v2\/posts\/16650\/revisions"}],"predecessor-version":[{"id":16653,"href":"https:\/\/www.fie.undef.edu.ar\/ceptm\/index.php?rest_route=\/wp\/v2\/posts\/16650\/revisions\/16653"}],"wp:featuredmedia":[{"embeddable":true,"href":"https:\/\/www.fie.undef.edu.ar\/ceptm\/index.php?rest_route=\/wp\/v2\/media\/16651"}],"wp:attachment":[{"href":"https:\/\/www.fie.undef.edu.ar\/ceptm\/index.php?rest_route=%2Fwp%2Fv2%2Fmedia&parent=16650"}],"wp:term":[{"taxonomy":"category","embeddable":true,"href":"https:\/\/www.fie.undef.edu.ar\/ceptm\/index.php?rest_route=%2Fwp%2Fv2%2Fcategories&post=16650"},{"taxonomy":"post_tag","embeddable":true,"href":"https:\/\/www.fie.undef.edu.ar\/ceptm\/index.php?rest_route=%2Fwp%2Fv2%2Ftags&post=16650"}],"curies":[{"name":"wp","href":"https:\/\/api.w.org\/{rel}","templated":true}]}}