{"id":16701,"date":"2025-03-13T16:24:33","date_gmt":"2025-03-13T19:24:33","guid":{"rendered":"https:\/\/www.fie.undef.edu.ar\/ceptm\/?p=16701"},"modified":"2025-03-13T16:24:33","modified_gmt":"2025-03-13T19:24:33","slug":"11-cables-del-baltico-danados-en-15-meses-obligan-a-la-otan-a-reforzar-la-seguridad","status":"publish","type":"post","link":"https:\/\/www.fie.undef.edu.ar\/ceptm\/?p=16701","title":{"rendered":"11 cables del B\u00e1ltico da\u00f1ados en 15 meses obligan a la OTAN a reforzar la seguridad"},"content":{"rendered":"<p>Con su potente c\u00e1mara , el avi\u00f3n de vigilancia de la Marina francesa que recorr\u00eda el Mar B\u00e1ltico se acerc\u00f3 a un buque de carga que navegaba en las aguas de abajo, cada vez m\u00e1s cerca, hasta que el operador de la c\u00e1mara pudo distinguir detalles de la cubierta delantera del buque y el humo que sal\u00eda de su chimenea.La mera presencia del vuelo en los cielos sobre ese mar estrat\u00e9gico la semana pasada, combinada con barcos militares patrullando esas aguas , tambi\u00e9n envi\u00f3 un mensaje inequ\u00edvoco: la alianza de la OTAN est\u00e1 reforzando su guardia contra los presuntos intentos de sabotear los cables y tuber\u00edas submarinos de energ\u00eda y datos que cruzan el B\u00e1ltico, impulsados por un cat\u00e1logo creciente de incidentes que los han da\u00f1ado.<\/p>\n<hr \/>\n<p class=\"Paragraph-sc-1tqpf5s-0 bFwqVI body-paragraph body-paragraph\">ABOARD A FRENCH NAVY FLIGHT OVER THE BALTIC SEA \u2014 With\u00a0<a href=\"https:\/\/apnews.com\/video\/new-nato-patrols-watch-over-infrastructure-under-the-baltic-sea-ap-explains-c5f634ed10c541939def641d60a3d522\" target=\"_blank\" rel=\"noopener\">its powerful camera<\/a>, the French Navy surveillance plane scouring\u00a0<a href=\"https:\/\/www.defensenews.com\/global\/europe\/2025\/01\/14\/nato-launches-baltic-patrol-mission-eyes-standard-for-detaining-ships\/\" target=\"_blank\" rel=\"noopener\">the Baltic Sea<\/a>\u00a0zoomed in on a cargo ship plowing the waters below \u2014 closer, closer and closer still until the camera operator could make out details on the vessel\u2019s front deck and smoke pouring from its chimney.<\/p>\n<p class=\"Paragraph-sc-1tqpf5s-0 bFwqVI body-paragraph body-paragraph\">The long-range Atlantique 2 aircraft on a new mission for\u00a0<a href=\"https:\/\/apnews.com\/hub\/nato\" target=\"_blank\" rel=\"noopener\">NATO<\/a>\u00a0then shifted its high-tech gaze onto another target, and another after that until, after more than five hours on patrol, the plane&#8217;s array of sensors had scoped out the bulk of the Baltic \u2014 from Germany in the west to Estonia in the northeast, bordering Russia.<\/p>\n<p>The flight\u2019s mere presence in the skies above the strategic sea last week, combined with\u00a0<a href=\"https:\/\/www.defensenews.com\/global\/europe\/2025\/01\/14\/sweden-joins-nato-push-to-boost-baltic-sea-naval-presence\/\" target=\"_blank\" rel=\"noopener\">military ships patrolling on the waters<\/a>, also sent an unmistakable message: The NATO alliance is ratcheting up its guard against suspected attempts to sabotage underwater energy and data cables and pipelines that crisscross the Baltic, prompted by a growing catalogue of incidents that have damaged them.<\/p>\n<p class=\"Paragraph-sc-1tqpf5s-0 bFwqVI body-paragraph body-paragraph\">\u201cWe will do everything in our power to make sure that we fight back, that we are able to see what is happening and then take the next steps to make sure that it doesn\u2019t happen again. And our adversaries should know this,\u201d NATO Secretary-General Mark Rutte\u00a0<a href=\"https:\/\/www.defensenews.com\/global\/europe\/2025\/01\/14\/nato-launches-baltic-patrol-mission-eyes-standard-for-detaining-ships\/\" target=\"_blank\" rel=\"noopener\">said this month<\/a>\u00a0in announcing a new alliance mission, dubbed \u201cBaltic Sentry,\u201d to protect the underwater infrastructure vital to the economic well-being of Baltic-region nations.<\/p>\n<p class=\"heading__StyledHeading-sc-123v3ct-0 gpyzAH a-heading2\"><strong>What\u2019s under the Baltic?<\/strong><\/p>\n<p class=\"Paragraph-sc-1tqpf5s-0 bFwqVI body-paragraph body-paragraph\"><a href=\"https:\/\/apnews.com\/article\/russia-ukraine-business-economy-baltic-sea-82d5453f9b4a20b858cb61d83cd84a7c\" target=\"_blank\" rel=\"noopener\">Power and communications cables and gas pipelines<\/a>\u00a0stitch together the nine countries with shores on the Baltic, a relatively shallow and nearly landlocked sea. A few examples are the 94-mile Balticconnector pipeline that carries gas between Finland and Estonia, the high-voltage Baltic Cable connecting the power grids of Sweden and Germany, and the 729-mile C-Lion1 telecommunications cable between Finland and Germany.<\/p>\n<p class=\"heading__StyledHeading-sc-123v3ct-0 gpyzAH a-heading2\"><strong>Why are cables important?<\/strong><\/p>\n<p class=\"Paragraph-sc-1tqpf5s-0 bFwqVI body-paragraph body-paragraph\">Undersea pipes and cables help power economies, keep houses warm and connect billions of people. More than 807,800 miles of fiber optic cables \u2014 more than enough to stretch to the moon and back \u2014 span the world\u2019s oceans and seas, according to TeleGeography, which tracks and\u00a0<a href=\"https:\/\/www.submarinecablemap.com\/\" target=\"_blank\" rel=\"noopener\">maps<\/a>\u00a0the vital communication networks. The cables are typically the width of a garden hose. But 97% of the world\u2019s communications, including trillions of dollars of financial transactions, pass through them each day.<\/p>\n<p class=\"Paragraph-sc-1tqpf5s-0 bFwqVI body-paragraph body-paragraph\">\u201cIn the last two months alone, we have seen damage to a cable connecting Lithuania and Sweden, another connecting Germany and Finland, and most recently, a number of cables linking Estonia and Finland. Investigations of all of these cases are still ongoing. But there is reason for grave concern,&#8221; Rutte said on Jan. 14.<\/p>\n<figure id=\"attachment_16703\" aria-describedby=\"caption-attachment-16703\" style=\"width: 1024px\" class=\"wp-caption aligncenter\"><img loading=\"lazy\" class=\"wp-image-16703 size-full\" src=\"https:\/\/www.fie.undef.edu.ar\/ceptm\/wp-content\/uploads\/2025\/03\/4RGJ6OHOOZD6HODT7XIEZCOQWM.jpg\" alt=\"\" width=\"1024\" height=\"682\" srcset=\"https:\/\/www.fie.undef.edu.ar\/ceptm\/wp-content\/uploads\/2025\/03\/4RGJ6OHOOZD6HODT7XIEZCOQWM.jpg 1024w, https:\/\/www.fie.undef.edu.ar\/ceptm\/wp-content\/uploads\/2025\/03\/4RGJ6OHOOZD6HODT7XIEZCOQWM-300x200.jpg 300w, https:\/\/www.fie.undef.edu.ar\/ceptm\/wp-content\/uploads\/2025\/03\/4RGJ6OHOOZD6HODT7XIEZCOQWM-768x512.jpg 768w\" sizes=\"(max-width: 1024px) 100vw, 1024px\" \/><figcaption id=\"caption-attachment-16703\" class=\"wp-caption-text\">Crew members aboard a French Navy Atlantique 2 surveillance plane patrol Thursday over the Baltic Sea as part of NATO&#8217;s &#8220;Baltic Sentry&#8221; mission. (John Leicester\/AP)<\/figcaption><\/figure>\n<p class=\"heading__StyledHeading-sc-123v3ct-0 gpyzAH a-heading2\"><strong>What&#8217;s causing alarm?<\/strong><\/p>\n<p class=\"Paragraph-sc-1tqpf5s-0 bFwqVI body-paragraph body-paragraph\">At least 11 Baltic cables have been damaged since October 2023 \u2014 the most recent being a fiber optic cable connecting Latvia and the Swedish island of Gotland, reported to have\u00a0<a href=\"https:\/\/apnews.com\/article\/latvia-denmark-underwater-cable-damage-investigation-63da5ef0d577bca12bbe118d527d3a14\" target=\"_blank\" rel=\"noopener\">ruptured on Sunday.<\/a>\u00a0Although cable operators note that subsea cable damage is commonplace, the frequency and concentration of incidents in the Baltic heightened suspicions that damage might have been deliberate.<\/p>\n<p class=\"Paragraph-sc-1tqpf5s-0 bFwqVI body-paragraph body-paragraph\">There also are fears that Russia could target cables as part of\u00a0<a href=\"https:\/\/apnews.com\/article\/russia-estonia-baltics-sabotage-spying-kallas-62835b00fdb31f648ebe2259908ca2a1\" target=\"_blank\" rel=\"noopener\">a wider campaign<\/a>\u00a0of so-called \u201chybrid warfare\u201d to destabilize European nations helping Ukraine defend itself against\u00a0<a href=\"https:\/\/www.militarytimes.com\/flashpoints\/ukraine\/\" target=\"_blank\" rel=\"noopener\">the full-scale invasion<\/a>\u00a0that Moscow has been pursuing since 2022.<\/p>\n<p class=\"Paragraph-sc-1tqpf5s-0 bFwqVI body-paragraph body-paragraph\">Without specifically blaming Russia, Rutte said: \u201cHybrid means sabotage. Hybrid means cyber-attacks. Hybrid means sometimes even assassination attacks, attempts, and in this case, it means hitting on our critical undersea infrastructure.\u201d<\/p>\n<p class=\"Paragraph-sc-1tqpf5s-0 bFwqVI body-paragraph body-paragraph\">Finnish police suspect that\u00a0<a href=\"https:\/\/apnews.com\/article\/finland-estonia-russia-cable-undersea-sabotage-nato-c676c2ddb89db3dba60c96cfea4a0679\" target=\"_blank\" rel=\"noopener\">the Eagle S<\/a>, an oil tanker that damaged the Estlink 2 power cable and two other communications cables linking Finland and Estonia on Dec. 25th, is part of\u00a0<a href=\"https:\/\/apnews.com\/article\/russia-sanctions-shadow-fleet-oil-baltic-ukraine-76b66900d599d6e49692643674907fc0\" target=\"_blank\" rel=\"noopener\">Moscow\u2019s \u201cshadow fleet\u201d<\/a>\u00a0used to avoid war-related\u00a0<a href=\"https:\/\/apnews.com\/article\/eu-sanctions-russia-ukraine-hungary-gas-oil-c91fc1110bb2f3b33ad9904fca41b408\" target=\"_blank\" rel=\"noopener\">sanctions<\/a>\u00a0on Russian oil exports.<\/p>\n<p class=\"Paragraph-sc-1tqpf5s-0 bFwqVI body-paragraph body-paragraph\">Finnish authorities\u00a0<a href=\"https:\/\/apnews.com\/article\/eu-finland-estonia-baltic-sea-power-cable-6741ef1ce9130602abac6214d7297717\" target=\"_blank\" rel=\"noopener\">seized the tanker<\/a>\u00a0shortly after it left a Russian port and apparently cut the cables by dragging its anchor. Finnish investigators allege the ship left an almost 62-mile-long anchor trail on the seabed.<\/p>\n<p class=\"heading__StyledHeading-sc-123v3ct-0 gpyzAH a-heading2\"><strong>Intelligence agencies\u2019 doubts<\/strong><\/p>\n<p class=\"Paragraph-sc-1tqpf5s-0 bFwqVI body-paragraph body-paragraph\">Several Western intelligence officials, speaking on condition of anonymity because of the sensitive nature of their work, told The Associated Press that recent damage was most likely accidental, seemingly caused by anchors being dragged by ships that were poorly maintained and poorly crewed.<\/p>\n<p class=\"Paragraph-sc-1tqpf5s-0 bFwqVI body-paragraph body-paragraph\">One senior intelligence official told AP that ships\u2019 logs and mechanical failures with ships\u2019 anchors were among \u201cmultiple indications\u201d pointing away from Russian sabotage. The official said Russian cables were also severed. Another Western official, also speaking anonymously to discuss intelligence matters, said Russia sent an intelligence-gathering vessel to the site of one cable rupture to investigate the damage.<\/p>\n<p class=\"Paragraph-sc-1tqpf5s-0 bFwqVI body-paragraph body-paragraph\">The Washington Post first reported on the emerging consensus among U.S. and European security services that maritime accidents likely caused recent damage.<\/p>\n<p class=\"heading__StyledHeading-sc-123v3ct-0 gpyzAH a-heading2\"><strong>Cable operators advise caution<\/strong><\/p>\n<p class=\"Paragraph-sc-1tqpf5s-0 bFwqVI body-paragraph body-paragraph\">The European Subsea Cables Association, representing cable owners and operators, noted in November after faults were reported on two Baltic links that, on average, a subsea cable is damaged somewhere in the world every three days. In northern European waters, the main causes of damage are commercial fishing or ship anchors, it said.<\/p>\n<figure id=\"attachment_16704\" aria-describedby=\"caption-attachment-16704\" style=\"width: 1024px\" class=\"wp-caption aligncenter\"><img loading=\"lazy\" class=\"size-full wp-image-16704\" src=\"https:\/\/www.fie.undef.edu.ar\/ceptm\/wp-content\/uploads\/2025\/03\/N5XVWEQKARF3TGD54JVGFXN2OQ.jpg\" alt=\"\" width=\"1024\" height=\"682\" srcset=\"https:\/\/www.fie.undef.edu.ar\/ceptm\/wp-content\/uploads\/2025\/03\/N5XVWEQKARF3TGD54JVGFXN2OQ.jpg 1024w, https:\/\/www.fie.undef.edu.ar\/ceptm\/wp-content\/uploads\/2025\/03\/N5XVWEQKARF3TGD54JVGFXN2OQ-300x200.jpg 300w, https:\/\/www.fie.undef.edu.ar\/ceptm\/wp-content\/uploads\/2025\/03\/N5XVWEQKARF3TGD54JVGFXN2OQ-768x512.jpg 768w\" sizes=\"(max-width: 1024px) 100vw, 1024px\" \/><figcaption id=\"caption-attachment-16704\" class=\"wp-caption-text\">The cargo ship Vezhen is anchored outside Karlskrona, Sweden, on Monday for examination by Swedish authorities. (Johan Nilsson\/TT News Agency via AP)<\/figcaption><\/figure>\n<p class=\"Paragraph-sc-1tqpf5s-0 bFwqVI body-paragraph body-paragraph\">In the fiber-optic cable rupture on Sunday connecting Latvia and Sweden, Swedish authorities detained a Maltese-flagged ship bound for South America with a cargo of fertilizer.<\/p>\n<p class=\"Paragraph-sc-1tqpf5s-0 bFwqVI body-paragraph body-paragraph\">Navibulgar, a Bulgarian company that owns the Vezhen, said\u00a0<a href=\"https:\/\/apnews.com\/article\/bulgaria-sweden-latvia-ship-sabotage-cable-vezhen-0f1d8be9fa61f8ff7e8aed8256d3b8b2\" target=\"_blank\" rel=\"noopener\">any damage was unintentional<\/a>\u00a0and that the ship\u2019s crew discovered while navigating in extremely bad weather that its left anchor appeared to have dragged on the seabed.<\/p>\n<p class=\"heading__StyledHeading-sc-123v3ct-0 gpyzAH a-heading2\"><strong>NATO\u2019s \u2018Baltic Sentry\u2019 mission<\/strong><\/p>\n<p class=\"Paragraph-sc-1tqpf5s-0 bFwqVI body-paragraph body-paragraph\">The alliance is deploying warships, maritime patrol aircraft and naval drones for the mission to provide \u201cenhanced surveillance and deterrence.\u201d<\/p>\n<p class=\"Paragraph-sc-1tqpf5s-0 bFwqVI body-paragraph body-paragraph\">Aboard the French Navy surveillance flight, the 14-member crew cross-checked ships they spotted from the air against lists of vessels they had been ordered to watch for.<\/p>\n<p class=\"Paragraph-sc-1tqpf5s-0 bFwqVI body-paragraph body-paragraph\">\u201cIf we witness some suspicious activities from ships as sea \u2014 for example, ships at very low speed or at anchorage in a position that they shouldn\u2019t be at this time \u2014 so this is something we can see,\u201d said the flight commander, Lt. Alban, whose surname was withheld by the French military for security reasons.<\/p>\n<p class=\"Paragraph-sc-1tqpf5s-0 bFwqVI body-paragraph body-paragraph\">\u201cWe can have a very close look with our sensors to see what is happening.\u201d<\/p>\n<p><strong>Fuente:<\/strong> <a href=\"https:\/\/www.c4isrnet.com\/global\/europe\/2025\/01\/28\/11-baltic-cables-damaged-in-15-months-pushing-nato-to-boost-security\/\" target=\"_blank\" rel=\"noopener\"><em>https:\/\/www.c4isrnet.com<\/em><\/a><\/p>\n","protected":false},"excerpt":{"rendered":"<p>Con su potente c\u00e1mara , el avi\u00f3n de vigilancia de la Marina francesa que recorr\u00eda el Mar B\u00e1ltico se acerc\u00f3 a un buque de carga&hellip; <\/p>\n","protected":false},"author":1,"featured_media":16702,"comment_status":"closed","ping_status":"closed","sticky":false,"template":"","format":"standard","meta":[],"categories":[28],"tags":[],"_links":{"self":[{"href":"https:\/\/www.fie.undef.edu.ar\/ceptm\/index.php?rest_route=\/wp\/v2\/posts\/16701"}],"collection":[{"href":"https:\/\/www.fie.undef.edu.ar\/ceptm\/index.php?rest_route=\/wp\/v2\/posts"}],"about":[{"href":"https:\/\/www.fie.undef.edu.ar\/ceptm\/index.php?rest_route=\/wp\/v2\/types\/post"}],"author":[{"embeddable":true,"href":"https:\/\/www.fie.undef.edu.ar\/ceptm\/index.php?rest_route=\/wp\/v2\/users\/1"}],"replies":[{"embeddable":true,"href":"https:\/\/www.fie.undef.edu.ar\/ceptm\/index.php?rest_route=%2Fwp%2Fv2%2Fcomments&post=16701"}],"version-history":[{"count":1,"href":"https:\/\/www.fie.undef.edu.ar\/ceptm\/index.php?rest_route=\/wp\/v2\/posts\/16701\/revisions"}],"predecessor-version":[{"id":16705,"href":"https:\/\/www.fie.undef.edu.ar\/ceptm\/index.php?rest_route=\/wp\/v2\/posts\/16701\/revisions\/16705"}],"wp:featuredmedia":[{"embeddable":true,"href":"https:\/\/www.fie.undef.edu.ar\/ceptm\/index.php?rest_route=\/wp\/v2\/media\/16702"}],"wp:attachment":[{"href":"https:\/\/www.fie.undef.edu.ar\/ceptm\/index.php?rest_route=%2Fwp%2Fv2%2Fmedia&parent=16701"}],"wp:term":[{"taxonomy":"category","embeddable":true,"href":"https:\/\/www.fie.undef.edu.ar\/ceptm\/index.php?rest_route=%2Fwp%2Fv2%2Fcategories&post=16701"},{"taxonomy":"post_tag","embeddable":true,"href":"https:\/\/www.fie.undef.edu.ar\/ceptm\/index.php?rest_route=%2Fwp%2Fv2%2Ftags&post=16701"}],"curies":[{"name":"wp","href":"https:\/\/api.w.org\/{rel}","templated":true}]}}