{"id":17031,"date":"2025-05-24T09:28:11","date_gmt":"2025-05-24T12:28:11","guid":{"rendered":"https:\/\/www.fie.undef.edu.ar\/ceptm\/?p=17031"},"modified":"2025-05-24T09:28:11","modified_gmt":"2025-05-24T12:28:11","slug":"alerta-maxima-una-tormenta-solar-extrema-impactara-en-la-tierra-en-los-proximos-dias-y-provocaria-apagones-masivos","status":"publish","type":"post","link":"https:\/\/www.fie.undef.edu.ar\/ceptm\/?p=17031","title":{"rendered":"Alerta m\u00e1xima, una tormenta solar extrema impactar\u00e1 en la Tierra en los pr\u00f3ximos d\u00edas y provocar\u00eda apagones masivos"},"content":{"rendered":"<p>La NASA (Administraci\u00f3n Nacional de Aeron\u00e1utica y el Espacio) lanz\u00f3 una advertencia sobre el efecto que tienen las tormentas solares, luego de que fue detectada desde el pasado mi\u00e9rcoles 14 de mayo una poderosa llamarada del Sol que fue clasificada en la clase X2.7. Las actividades del Sol mantienen altas temperaturas nucleares que en ocasiones libera una fracci\u00f3n de su intensidad que son presentadas en forma de las tormentas solares, una de ellas fue captada por el Solar Dynamics Observatory de la NASA, que debido a su fuerza, traer\u00eda consecuencias al planeta Tierra. A pesar de que las explosiones originadas dentro del Sol se encuentran a millones de kil\u00f3metros de la Tierra, causa severas afectaciones que impactan en las actividades humanas, sobre todo en el campo de las comunicaciones.<\/p>\n<hr \/>\n<p>La\u00a0<a href=\"https:\/\/www.cronista.com\/informacion-gral\/descubrimiento-en-malvinas-cientificos-de-la-nasa-descifraron-el-fenomeno-de-las-aguas-color-turquesa\/\" target=\"_blank\" rel=\"noopener\"><b>NASA<\/b><\/a>\u00a0lanz\u00f3 una advertencia tras detectar una potente\u00a0<b>tormenta solar<\/b>\u00a0que se dirige hacia la Tierra y podr\u00eda impactar en los pr\u00f3ximos d\u00edas. El fen\u00f3meno fue detectado por el Observatorio de Din\u00e1mica Solar el pasado 14 de mayo, cuando se registr\u00f3 una\u00a0<b>erupci\u00f3n solar de clase X2.7<\/b>, la categor\u00eda m\u00e1s alta en la escala de\u00a0<a href=\"https:\/\/www.cronista.com\/informacion-gral\/1393220\/\" target=\"_blank\" rel=\"noopener\">actividad solar<\/a>.<\/p>\n<p>Esta llamarada, considerada la m\u00e1s intensa en a\u00f1os, no solo provoc\u00f3\u00a0<b>fallas temporales en comunicaciones de alta frecuencia<\/b>, sino que tambi\u00e9n estuvo acompa\u00f1ada por una\u00a0<b>eyecci\u00f3n de masa coronal<\/b>. Su forma particular llam\u00f3 la atenci\u00f3n de la comunidad cient\u00edfica, la cual decidi\u00f3 bautizarla como &#8220;<b>Ala de P\u00e1jaro<\/b>&#8220;.<\/p>\n<p id=\"que-son-las-tormentas-solares\"><strong>\u00bfQu\u00e9 son las tormentas solares?<\/strong><\/p>\n<p>Las\u00a0<a href=\"https:\/\/www.cronista.com\/informacion-gral\/cambia-la-ciencia-para-siempre-descubren-una-inteligencia-artificial-capaz-de-predecir-los-fenomenos-astronomicos-mas-extranos\/\" target=\"_blank\" rel=\"noopener\"><b>tormentas solares<\/b><\/a>\u00a0son fen\u00f3menos generados por el\u00a0<a href=\"https:\/\/www.cronista.com\/informacion-gral\/es-tenebroso-la-nasa-descubrio-como-suena-el-sol\/\" target=\"_blank\" rel=\"noopener\">Sol<\/a>\u00a0cuando libera grandes cantidades de energ\u00eda en forma de radiaci\u00f3n y part\u00edculas cargadas. Esto puede ocurrir a trav\u00e9s de erupciones solares y eyecciones de masa coronal, que viajan por el espacio y,\u00a0si se dirigen hacia la Tierra, pueden impactar la magnetosfera.<\/p>\n<p><img loading=\"lazy\" class=\"aligncenter size-full wp-image-17033\" src=\"https:\/\/www.fie.undef.edu.ar\/ceptm\/wp-content\/uploads\/2025\/05\/66310dcdb0be8_728_403.jpg\" alt=\"\" width=\"728\" height=\"403\" srcset=\"https:\/\/www.fie.undef.edu.ar\/ceptm\/wp-content\/uploads\/2025\/05\/66310dcdb0be8_728_403.jpg 728w, https:\/\/www.fie.undef.edu.ar\/ceptm\/wp-content\/uploads\/2025\/05\/66310dcdb0be8_728_403-300x166.jpg 300w\" sizes=\"(max-width: 728px) 100vw, 728px\" \/><\/p>\n<p>Estas part\u00edculas\u00a0<b>pueden alterar el<\/b>\u00a0<a href=\"https:\/\/www.cronista.com\/mexico\/actualidad-mx\/cientificos-descubren-la-prueba-mas-antigua-del-campo-magnetico-de-la-tierra\/\" target=\"_blank\" rel=\"noopener\"><b>campo magn\u00e9tico<\/b><\/a>\u00a0<b>del planeta<\/b>, afectando de manera directa sistemas tecnol\u00f3gicos como redes el\u00e9ctricas, sat\u00e9lites, comunicaciones por radio e incluso se\u00f1ales GPS. Cuanto mayor es la magnitud de la tormenta, m\u00e1s severas son las consecuencias sobre infraestructura clave.<\/p>\n<p id=\"cuales-son-sus-consecuencias-sobre-la-tierra\"><strong>\u00bfCu\u00e1les son sus consecuencias sobre la Tierra?<\/strong><\/p>\n<p>Una\u00a0<a href=\"https:\/\/www.cronista.com\/informacion-gral\/un-fuerte-tormenta-sacudira-al-pais-con-abundante-caida-de-agua-y-granizo-a-que-provincias-afectara\/\" target=\"_blank\" rel=\"noopener\">tormenta solar de alta intensidad<\/a>\u00a0puede provocar apagones el\u00e9ctricos masicos en regiones de alta magnitud, fallos en sat\u00e9lites de navegaci\u00f3n y comunicaci\u00f3n, y p\u00e9rdidas temporales de conectividad en sistemas de GPS.<\/p>\n<p>Tambi\u00e9n puede interrumpir las se\u00f1ales de radio de onda corta, fundamentales para la aeronavegaci\u00f3n y los servicios de emergencia. Adem\u00e1s, se incrementa la posibilidad de observar\u00a0<b>auroras boreales<\/b>\u00a0<b>y australes<\/b>\u00a0en regiones poco habituales, como el norte de Europa o el sur de Sudam\u00e9rica.<\/p>\n<p><img loading=\"lazy\" class=\"aligncenter size-full wp-image-17034\" src=\"https:\/\/www.fie.undef.edu.ar\/ceptm\/wp-content\/uploads\/2025\/05\/6569f0f0d7222_728_403.jpg\" alt=\"\" width=\"728\" height=\"403\" srcset=\"https:\/\/www.fie.undef.edu.ar\/ceptm\/wp-content\/uploads\/2025\/05\/6569f0f0d7222_728_403.jpg 728w, https:\/\/www.fie.undef.edu.ar\/ceptm\/wp-content\/uploads\/2025\/05\/6569f0f0d7222_728_403-300x166.jpg 300w\" sizes=\"(max-width: 728px) 100vw, 728px\" \/><\/p>\n<p>El evento del 14 de mayo, conocido como &#8220;Ala de P\u00e1jaro&#8221;,\u00a0super\u00f3 los\u00a0<b>967.000 kil\u00f3metros de extensi\u00f3n<\/b>, m\u00e1s de 75 veces el di\u00e1metro de la Tierra, y ya afect\u00f3 a varios sat\u00e9lites.<\/p>\n<p>&#8220;Estamos recibiendo un impacto rasante de la enorme tormenta solar \u2018Ala de P\u00e1jaro&#8217;, que pasa principalmente al norte de nosotros. Esper\u00e1bamos alguna perturbaci\u00f3n, pero es una tormenta tan grande que est\u00e1 dejando una estela muy fuerte. Es posible que se registren nuevamente niveles G2. Se esperan condiciones turbulentas durante los pr\u00f3ximos d\u00edas&#8221;, se\u00f1al\u00f3 la f\u00edsica espacial Tamitha Skov.<\/p>\n<p id=\"cuando-ocurrira-la-proxima-tormenta-solar\"><strong>\u00bfCu\u00e1ndo ocurrir\u00e1 la pr\u00f3xima tormenta solar?<\/strong><\/p>\n<p>La \u00faltima tormenta solar severa comparable a este evento ocurri\u00f3 en\u00a0<b>1989<\/b>, provocando un apag\u00f3n masivo en Quebec. M\u00e1s atr\u00e1s en el tiempo, el famoso Evento Carrington de\u00a0<b>1859<\/b>\u00a0dej\u00f3 fuera de servicio la red telegr\u00e1fica global. Hoy, el riesgo de impactos catastr\u00f3ficos es m\u00e1s alto.<\/p>\n<p>Seg\u00fan la NASA y otras\u00a0<a href=\"https:\/\/www.cronista.com\/informacion-gral\/hallazgo-historico-la-nasa-descubrio-la-bandera-argentina-dibujada-en-el-cielo-de-las-islas-malvinas\/\" target=\"_blank\" rel=\"noopener\">agencias espaciales<\/a>\u00a0como la NOAA,\u00a0se detectaron nuevas regiones activas en la superficie del Sol que giran hacia la Tierra, incluyendo una zona de magnetismo unipolar con alto potencial eruptivo. Esto indica que\u00a0<b>podr\u00edan registrarse m\u00e1s tormentas solares en los pr\u00f3ximos d\u00edas<\/b>, cuyas consecuencias podr\u00edan ser apagones masivos.<\/p>\n<p><img loading=\"lazy\" class=\"aligncenter size-full wp-image-17035\" src=\"https:\/\/www.fie.undef.edu.ar\/ceptm\/wp-content\/uploads\/2025\/05\/654122e6d81c0_728_511.jpg\" alt=\"\" width=\"728\" height=\"511\" srcset=\"https:\/\/www.fie.undef.edu.ar\/ceptm\/wp-content\/uploads\/2025\/05\/654122e6d81c0_728_511.jpg 728w, https:\/\/www.fie.undef.edu.ar\/ceptm\/wp-content\/uploads\/2025\/05\/654122e6d81c0_728_511-300x211.jpg 300w\" sizes=\"(max-width: 728px) 100vw, 728px\" \/><\/p>\n<p>El 17 de mayo, la Tierra estableci\u00f3 una conexi\u00f3n con un agujero coronal ubicado en el hemisferio sur del Sol, lo que incrementa a\u00fan m\u00e1s la probabilidad de nuevas eyecciones de masa coronal.<\/p>\n<p>Los especialistas advierten que este patr\u00f3n prolongado de actividad solar extrema es propio del actual m\u00e1ximo solar, un per\u00edodo donde los polos magn\u00e9ticos del Sol se invierten y la frecuencia de tormentas aumenta.<\/p>\n<p><strong>Fuente:<\/strong> <a href=\"https:\/\/www.cronista.com\/informacion-gral\/alerta-maxima-una-tormenta-solar-extrema-impactara-en-la-tierra-en-los-proximos-dias-y-provocaria-apagones-masivos\/\" target=\"_blank\" rel=\"noopener\"><em>https:\/\/www.cronista.com<\/em><\/a><\/p>\n","protected":false},"excerpt":{"rendered":"<p>La NASA (Administraci\u00f3n Nacional de Aeron\u00e1utica y el Espacio) lanz\u00f3 una advertencia sobre el efecto que tienen las tormentas solares, luego de que fue detectada&hellip; <\/p>\n","protected":false},"author":1,"featured_media":17032,"comment_status":"closed","ping_status":"closed","sticky":false,"template":"","format":"standard","meta":[],"categories":[35,28],"tags":[],"_links":{"self":[{"href":"https:\/\/www.fie.undef.edu.ar\/ceptm\/index.php?rest_route=\/wp\/v2\/posts\/17031"}],"collection":[{"href":"https:\/\/www.fie.undef.edu.ar\/ceptm\/index.php?rest_route=\/wp\/v2\/posts"}],"about":[{"href":"https:\/\/www.fie.undef.edu.ar\/ceptm\/index.php?rest_route=\/wp\/v2\/types\/post"}],"author":[{"embeddable":true,"href":"https:\/\/www.fie.undef.edu.ar\/ceptm\/index.php?rest_route=\/wp\/v2\/users\/1"}],"replies":[{"embeddable":true,"href":"https:\/\/www.fie.undef.edu.ar\/ceptm\/index.php?rest_route=%2Fwp%2Fv2%2Fcomments&post=17031"}],"version-history":[{"count":1,"href":"https:\/\/www.fie.undef.edu.ar\/ceptm\/index.php?rest_route=\/wp\/v2\/posts\/17031\/revisions"}],"predecessor-version":[{"id":17036,"href":"https:\/\/www.fie.undef.edu.ar\/ceptm\/index.php?rest_route=\/wp\/v2\/posts\/17031\/revisions\/17036"}],"wp:featuredmedia":[{"embeddable":true,"href":"https:\/\/www.fie.undef.edu.ar\/ceptm\/index.php?rest_route=\/wp\/v2\/media\/17032"}],"wp:attachment":[{"href":"https:\/\/www.fie.undef.edu.ar\/ceptm\/index.php?rest_route=%2Fwp%2Fv2%2Fmedia&parent=17031"}],"wp:term":[{"taxonomy":"category","embeddable":true,"href":"https:\/\/www.fie.undef.edu.ar\/ceptm\/index.php?rest_route=%2Fwp%2Fv2%2Fcategories&post=17031"},{"taxonomy":"post_tag","embeddable":true,"href":"https:\/\/www.fie.undef.edu.ar\/ceptm\/index.php?rest_route=%2Fwp%2Fv2%2Ftags&post=17031"}],"curies":[{"name":"wp","href":"https:\/\/api.w.org\/{rel}","templated":true}]}}