{"id":17062,"date":"2025-05-29T07:34:13","date_gmt":"2025-05-29T10:34:13","guid":{"rendered":"https:\/\/www.fie.undef.edu.ar\/ceptm\/?p=17062"},"modified":"2025-05-29T07:34:13","modified_gmt":"2025-05-29T10:34:13","slug":"bill-gates-y-elon-musk-lanzaron-preocupante-prediccion-sobre-un-posible-apagon-global-cuando-podria-ocurrir","status":"publish","type":"post","link":"https:\/\/www.fie.undef.edu.ar\/ceptm\/?p=17062","title":{"rendered":"Bill Gates y Elon Musk lanzaron preocupante predicci\u00f3n sobre un posible apag\u00f3n global. \u00bfCu\u00e1ndo podr\u00eda ocurrir?"},"content":{"rendered":"<p>Durante su participaci\u00f3n en la conferencia tecnol\u00f3gica Bosch Connected World, el empresario Elon Musk, y hoy en d\u00eda funcionario del Gobierno de los Estados Unidos, alert\u00f3 sobre una inminente crisis energ\u00e9tica derivada del aumento exponencial en la demanda de electricidad, especialmente por el desarrollo acelerado de la inteligencia artificial. \u201cLa capacidad de computaci\u00f3n de la IA se multiplica por diez cada seis meses. Nunca he visto nada igual. Si esto sigue as\u00ed, pronto necesitaremos m\u00e1s energ\u00eda que la que puede generar el planeta\u201d, precis\u00f3 el magnate.<\/p>\n<hr \/>\n<div class=\"max-w-screen-md prose prose-lg mx-auto mb-5\">\n<p data-type=\"text\">Los cortes de electricidad masivos se han vuelto una preocupaci\u00f3n creciente a nivel global. Estos apagones no solo interrumpen el suministro el\u00e9ctrico en extensas regiones,<b>\u00a0sino que tambi\u00e9n pueden dejar incomunicadas a poblaciones enteras, afectando servicios esenciales y generando un efecto domin\u00f3 en sectores clave.<\/b><\/p>\n<\/div>\n<div class=\"max-w-screen-md prose prose-lg mx-auto mb-5\">\n<p data-type=\"text\">En este contexto de creciente fragilidad energ\u00e9tica, referentes del sector tecnol\u00f3gico como <b>Elon Musk y Bill Gates han manifestado p\u00fablicamente su inquietud por un posible apag\u00f3n de escala mundial<\/b>, que afectar\u00eda a varias regiones no solo de Estados Unidos, sino adem\u00e1s del mundo entero.<\/p>\n<figure id=\"attachment_17064\" aria-describedby=\"caption-attachment-17064\" style=\"width: 790px\" class=\"wp-caption aligncenter\"><img loading=\"lazy\" class=\"size-large wp-image-17064\" src=\"https:\/\/www.fie.undef.edu.ar\/ceptm\/wp-content\/uploads\/2025\/05\/WHPIVRXERNHUPHYX77ULNYQMSA-1024x576.jpg\" alt=\"\" width=\"790\" height=\"444\" srcset=\"https:\/\/www.fie.undef.edu.ar\/ceptm\/wp-content\/uploads\/2025\/05\/WHPIVRXERNHUPHYX77ULNYQMSA-1024x576.jpg 1024w, https:\/\/www.fie.undef.edu.ar\/ceptm\/wp-content\/uploads\/2025\/05\/WHPIVRXERNHUPHYX77ULNYQMSA-300x169.jpg 300w, https:\/\/www.fie.undef.edu.ar\/ceptm\/wp-content\/uploads\/2025\/05\/WHPIVRXERNHUPHYX77ULNYQMSA-768x432.jpg 768w, https:\/\/www.fie.undef.edu.ar\/ceptm\/wp-content\/uploads\/2025\/05\/WHPIVRXERNHUPHYX77ULNYQMSA.jpg 1280w\" sizes=\"(max-width: 790px) 100vw, 790px\" \/><figcaption id=\"caption-attachment-17064\" class=\"wp-caption-text\">Elon Musk y Bill Gates han manifestado p\u00fablicamente su inquietud por un posible apag\u00f3n de escala mundial. | Foto: Getty Images<\/figcaption><\/figure>\n<div class=\"max-w-screen-md prose prose-lg mx-auto mb-5\">\n<p data-type=\"text\">Durante su participaci\u00f3n en la conferencia tecnol\u00f3gica<i>\u00a0Bosch Connected World<\/i>, el empresario, y hoy en d\u00eda funcionario del Gobierno de los Estados Unidos,<b>\u00a0alert\u00f3 sobre una inminente crisis energ\u00e9tica derivada del aumento exponencial en la demanda de electricidad<\/b>, especialmente por el desarrollo acelerado de la inteligencia artificial.<\/p>\n<\/div>\n<div class=\"max-w-screen-md prose prose-lg mx-auto mb-5\">\n<p data-type=\"text\">\u201cLa capacidad de computaci\u00f3n de la IA se multiplica por diez cada seis meses. Nunca he visto nada igual.<b>\u00a0Si esto sigue as\u00ed, pronto necesitaremos m\u00e1s energ\u00eda que la que puede generar el planeta<\/b>\u201d, precis\u00f3 el magnate.<\/p>\n<div class=\"max-w-screen-md prose prose-lg mx-auto mb-5\">\n<p data-type=\"text\">Por su parte, el ex director ejecutivo de\u00a0<i>Microsoft\u00a0<\/i><b>hizo hincapi\u00e9 en que el sistema el\u00e9ctrico global enfrenta riesgos estructurales, agravados por la intensidad y frecuencia de eventos clim\u00e1ticos extremos<\/b>, los cuales podr\u00edan desencadenar interrupciones a gran escala en cualquier momento.<\/p>\n<\/div>\n<div class=\"max-w-screen-md prose prose-lg mx-auto mb-5\">\n<p data-type=\"header\"><strong>\u00bfCu\u00e1ndo ser\u00e1 el pr\u00f3ximo apag\u00f3n mundial?<\/strong><\/p>\n<\/div>\n<div class=\"max-w-screen-md prose prose-lg mx-auto mb-5\">\n<p data-type=\"text\">Considerando las advertencias realizadas por dos de las figuras m\u00e1s influyentes del \u00e1mbito tecnol\u00f3gico global,\u00a0<b>un colapso energ\u00e9tico a gran escala podr\u00eda no estar tan lejos.<\/b>\u00a0El aumento sostenido en el consumo de electricidad, impulsado por el crecimiento de nuevas tecnolog\u00edas como la inteligencia artificial, podr\u00eda sobrecargar las redes el\u00e9ctricas existentes hasta llevarlas a un punto cr\u00edtico.<\/p>\n<figure id=\"attachment_17065\" aria-describedby=\"caption-attachment-17065\" style=\"width: 790px\" class=\"wp-caption aligncenter\"><img loading=\"lazy\" class=\"size-large wp-image-17065\" src=\"https:\/\/www.fie.undef.edu.ar\/ceptm\/wp-content\/uploads\/2025\/05\/RVMSDNGBANA3PLCHAEC6U7ZWJY-1024x576.jpg\" alt=\"\" width=\"790\" height=\"444\" srcset=\"https:\/\/www.fie.undef.edu.ar\/ceptm\/wp-content\/uploads\/2025\/05\/RVMSDNGBANA3PLCHAEC6U7ZWJY-1024x576.jpg 1024w, https:\/\/www.fie.undef.edu.ar\/ceptm\/wp-content\/uploads\/2025\/05\/RVMSDNGBANA3PLCHAEC6U7ZWJY-300x169.jpg 300w, https:\/\/www.fie.undef.edu.ar\/ceptm\/wp-content\/uploads\/2025\/05\/RVMSDNGBANA3PLCHAEC6U7ZWJY-768x432.jpg 768w, https:\/\/www.fie.undef.edu.ar\/ceptm\/wp-content\/uploads\/2025\/05\/RVMSDNGBANA3PLCHAEC6U7ZWJY.jpg 1280w\" sizes=\"(max-width: 790px) 100vw, 790px\" \/><figcaption id=\"caption-attachment-17065\" class=\"wp-caption-text\">Un apag\u00f3n el\u00e9ctrico podr\u00eda afectar parte de la vida humana. | Foto: Getty Images<\/figcaption><\/figure>\n<div class=\"max-w-screen-md prose prose-lg mx-auto mb-5\">\n<p data-type=\"text\">Esta situaci\u00f3n, seg\u00fan advierten los expertos,\u00a0<b>podr\u00eda derivar en interrupciones de energ\u00eda que afecten simult\u00e1neamente a distintas regiones del planeta.<\/b><\/p>\n<\/div>\n<div class=\"max-w-screen-md prose prose-lg mx-auto mb-5\">\n<p data-type=\"text\">En relaci\u00f3n con lo anterior, Bill Gates subray\u00f3 la urgencia de transformar el sistema energ\u00e9tico mundial hacia alternativas m\u00e1s limpias y eficientes. A su juicio,<b>\u00a0las infraestructuras actuales no est\u00e1n preparadas para enfrentar los desaf\u00edos de una demanda creciente, ni para resistir los embates del clima extremo.<\/b><\/p>\n<div class=\"max-w-screen-md prose prose-lg mx-auto mb-5\">\n<p data-type=\"text\">Aunque un apag\u00f3n global total es poco probable, s\u00ed podr\u00eda desencadenarse una serie de cortes regionales de gran magnitud, ocasionados tanto por desastres naturales como por el uso intensivo de energ\u00eda en momentos cr\u00edticos.<\/p>\n<\/div>\n<div class=\"max-w-screen-md prose prose-lg mx-auto mb-5\">\n<p data-type=\"text\">Por su parte, esta no es la primera vez que el CEO de Tesla y fundador de xAI da a conocer predicciones sobre situaciones que podr\u00edan afectar a la humanidad. Durante una reciente entrevista, el magnate se\u00f1al\u00f3 que:<b>\u00a0\u201cLa gente empezar\u00e1 a tener dificultades con el suministro de energ\u00eda, quiz\u00e1 a mediados del a\u00f1o que viene o a finales\u201d.<\/b><\/p>\n<\/div>\n<\/div>\n<\/div>\n<\/div>\n<\/div>\n<p><strong>Fuente:<\/strong> <a href=\"https:\/\/www.semana.com\/tecnologia\/articulo\/bill-gates-y-elon-musk-lanzaron-preocupante-prediccion-sobre-un-posible-apagon-global-cuando-podria-ocurrir\/202550\/\" target=\"_blank\" rel=\"noopener\"><em>https:\/\/www.semana.com<\/em><\/a><\/p>\n","protected":false},"excerpt":{"rendered":"<p>Durante su participaci\u00f3n en la conferencia tecnol\u00f3gica Bosch Connected World, el empresario Elon Musk, y hoy en d\u00eda funcionario del Gobierno de los Estados Unidos,&hellip; <\/p>\n","protected":false},"author":1,"featured_media":17063,"comment_status":"closed","ping_status":"closed","sticky":false,"template":"","format":"standard","meta":[],"categories":[36,35,23,28],"tags":[],"_links":{"self":[{"href":"https:\/\/www.fie.undef.edu.ar\/ceptm\/index.php?rest_route=\/wp\/v2\/posts\/17062"}],"collection":[{"href":"https:\/\/www.fie.undef.edu.ar\/ceptm\/index.php?rest_route=\/wp\/v2\/posts"}],"about":[{"href":"https:\/\/www.fie.undef.edu.ar\/ceptm\/index.php?rest_route=\/wp\/v2\/types\/post"}],"author":[{"embeddable":true,"href":"https:\/\/www.fie.undef.edu.ar\/ceptm\/index.php?rest_route=\/wp\/v2\/users\/1"}],"replies":[{"embeddable":true,"href":"https:\/\/www.fie.undef.edu.ar\/ceptm\/index.php?rest_route=%2Fwp%2Fv2%2Fcomments&post=17062"}],"version-history":[{"count":1,"href":"https:\/\/www.fie.undef.edu.ar\/ceptm\/index.php?rest_route=\/wp\/v2\/posts\/17062\/revisions"}],"predecessor-version":[{"id":17066,"href":"https:\/\/www.fie.undef.edu.ar\/ceptm\/index.php?rest_route=\/wp\/v2\/posts\/17062\/revisions\/17066"}],"wp:featuredmedia":[{"embeddable":true,"href":"https:\/\/www.fie.undef.edu.ar\/ceptm\/index.php?rest_route=\/wp\/v2\/media\/17063"}],"wp:attachment":[{"href":"https:\/\/www.fie.undef.edu.ar\/ceptm\/index.php?rest_route=%2Fwp%2Fv2%2Fmedia&parent=17062"}],"wp:term":[{"taxonomy":"category","embeddable":true,"href":"https:\/\/www.fie.undef.edu.ar\/ceptm\/index.php?rest_route=%2Fwp%2Fv2%2Fcategories&post=17062"},{"taxonomy":"post_tag","embeddable":true,"href":"https:\/\/www.fie.undef.edu.ar\/ceptm\/index.php?rest_route=%2Fwp%2Fv2%2Ftags&post=17062"}],"curies":[{"name":"wp","href":"https:\/\/api.w.org\/{rel}","templated":true}]}}