{"id":17067,"date":"2025-05-29T07:38:12","date_gmt":"2025-05-29T10:38:12","guid":{"rendered":"https:\/\/www.fie.undef.edu.ar\/ceptm\/?p=17067"},"modified":"2025-05-29T07:38:12","modified_gmt":"2025-05-29T10:38:12","slug":"de-miles-de-millones-a-billones-el-verdadero-costo-de-las-catastrofes-es-diez-veces-mas-alto-de-lo-que-se-creia","status":"publish","type":"post","link":"https:\/\/www.fie.undef.edu.ar\/ceptm\/?p=17067","title":{"rendered":"De miles de millones a billones, el verdadero costo de las cat\u00e1strofes es diez veces mas alto de lo que se cre\u00eda"},"content":{"rendered":"<p>El Informe de Evaluaci\u00f3n Global sobre la Reducci\u00f3n del Riesgo de Desastres (GAR) 2025 pone de relieve que los costos directos de las cat\u00e1strofes han aumentado hasta aproximadamente 202.000 millones de d\u00f3lares anuales, pero su costo real supera los 2,3 billones de d\u00f3lares si se tienen en cuenta los gastos en cascada y el da\u00f1o a los ecosistemas. Jenty Kirsch-Wood, experta de la Oficina de las Naciones Unidas para la Reducci\u00f3n del Riesgo de Desastres (UNDRR) explic\u00f3: \u201cHemos estado subestimando e inframidendo cr\u00f3nicamente el impacto de los desastres en nuestro sistema global y en el progreso hacia el desarrollo sostenible.\u201d\u00a0El informe, titulado &#8220;La resiliencia es rentable: Financiar e invertir para nuestro futuro&#8221;, demuestra que los costos seguir\u00e1n aumentando a medida que empeore la crisis clim\u00e1tica. Adem\u00e1s, los desastres clim\u00e1ticos han aumentado en su frecuencia. Una persona nacida en 1990 tiene un 63% de probabilidades de sufrir una inundaci\u00f3n catastr\u00f3fica en su vida. Para un ni\u00f1o nacido en 2025, esa probabilidad se eleva al 86%.<\/p>\n<hr \/>\n<p>El Informe de\u00a0<a class=\"ext\" title=\"(opens in a new window)\" href=\"https:\/\/www.undrr.org\/gar\/gar2025\" target=\"_blank\" rel=\"noopener noreferrer\" data-extlink=\"\">Evaluaci\u00f3n Global sobre la Reducci\u00f3n del Riesgo de Desastres (GAR) 2025<\/a>\u00a0pone de relieve que los costes directos de las cat\u00e1strofes han aumentado hasta aproximadamente 202.000 millones de d\u00f3lares anuales, pero su coste real supera los 2,3 billones de d\u00f3lares si se tienen en cuenta los gastos en cascada y el da\u00f1o a los ecosistemas.<\/p>\n<p>Jenty Kirsch-Wood, experta de la Oficina de las Naciones Unidas para la Reducci\u00f3n del Riesgo de Desastres (UNDRR) explic\u00f3: \u201cHemos estado subestimando e inframidendo cr\u00f3nicamente el impacto de los desastres en nuestro sistema global y en el progreso hacia el desarrollo sostenible.\u201d<\/p>\n<p>El informe, titulado &#8220;La resiliencia es rentable: Financiar e invertir para nuestro futuro&#8221;, demuestra que los costes seguir\u00e1n aumentando a medida que empeore la crisis clim\u00e1tica.<\/p>\n<p>Adem\u00e1s, los desastres clim\u00e1ticos han aumentado en su frecuencia. Una persona nacida en 1990 tiene un 63% de probabilidades de sufrir una inundaci\u00f3n catastr\u00f3fica en su vida. Para un ni\u00f1o nacido en 2025, esa probabilidad se eleva al 86%.<\/p>\n<p>\u00abEstos fen\u00f3menos nos afectan a todos\u00bb, afirma Kirsch-Wood.<\/p>\n<p>El coste de los fen\u00f3menos meteorol\u00f3gicos extremos no se mide \u00fanicamente en infraestructuras destruidas, sino tambi\u00e9n en a\u00f1os perdidos de salud, educaci\u00f3n y oportunidades.<\/p>\n<p><strong>Los m\u00e1s vulnerales, los m\u00e1s afectados<\/strong><\/p>\n<p><strong>La carga de este coste -y la deuda que genera- recae desproporcionadamente en los pa\u00edses en desarrollo<\/strong>.<\/p>\n<p>Por ejemplo, en 2023, Am\u00e9rica del Norte fue la regi\u00f3n m\u00e1s expuesta econ\u00f3micamente a las cat\u00e1strofes, con 69.570 millones de d\u00f3lares en p\u00e9rdidas directas; sin embargo, \u00e9stas representaban una parte relativamente modesta (0,23%) del PIB. Micronesia, por su parte, sufri\u00f3 una fracci\u00f3n de estas p\u00e9rdidas netas -s\u00f3lo 4300 millones de d\u00f3lares- con un impacto relativo mucho mayor (46,1%) en su PIB subregional.<\/p>\n<p><strong>Respuesta humanitaria insostenible<\/strong><\/p>\n<p>La atenci\u00f3n sanitaria, la educaci\u00f3n y el empleo se ven cada vez m\u00e1s perturbados por las emergencias, lo que aumenta la deuda nacional y ralentiza la recuperaci\u00f3n, sobre todo en los pa\u00edses ya vulnerables.<\/p>\n<p>Esto ha contribuido a \u00abuna respuesta humanitaria insostenible e insoportable\u00bb, a\u00f1adi\u00f3 Kirsch-Wood, mientras los pa\u00edses se enfrentan a crisis clim\u00e1ticas cada vez m\u00e1s frecuentes y graves.<\/p>\n<figure id=\"attachment_17069\" aria-describedby=\"caption-attachment-17069\" style=\"width: 790px\" class=\"wp-caption aligncenter\"><img loading=\"lazy\" class=\"size-large wp-image-17069\" src=\"https:\/\/www.fie.undef.edu.ar\/ceptm\/wp-content\/uploads\/2025\/05\/image1170x530cropped2-1024x464.jpg\" alt=\"\" width=\"790\" height=\"358\" srcset=\"https:\/\/www.fie.undef.edu.ar\/ceptm\/wp-content\/uploads\/2025\/05\/image1170x530cropped2-1024x464.jpg 1024w, https:\/\/www.fie.undef.edu.ar\/ceptm\/wp-content\/uploads\/2025\/05\/image1170x530cropped2-300x136.jpg 300w, https:\/\/www.fie.undef.edu.ar\/ceptm\/wp-content\/uploads\/2025\/05\/image1170x530cropped2-768x348.jpg 768w, https:\/\/www.fie.undef.edu.ar\/ceptm\/wp-content\/uploads\/2025\/05\/image1170x530cropped2.jpg 1170w\" sizes=\"(max-width: 790px) 100vw, 790px\" \/><figcaption id=\"caption-attachment-17069\" class=\"wp-caption-text\">UN Photo\/Rick Bajornas Devastaci\u00f3n causada por el Hurac\u00e1n Irma en Antigua y Barbuda en 2017.<\/figcaption><\/figure>\n<p><strong>Las p\u00e9rdidas se han duplicado<\/strong><\/p>\n<p>Seg\u00fan el UNDRR, las p\u00e9rdidas financieras por cat\u00e1strofes se han duplicado en las dos \u00faltimas d\u00e9cadas.<\/p>\n<p>El nuevo informe de la agencia expone c\u00f3mo la comunidad internacional puede colaborar para realizar inversiones sostenibles que aumenten la resiliencia ante futuros desastres y alivien la presi\u00f3n sobre las finanzas p\u00fablicas.<\/p>\n<p>Kirsch-Wood subray\u00f3 que\u00a0<strong>la mayor parte de los da\u00f1os causados por fen\u00f3menos clim\u00e1ticos pueden prevenirse<\/strong>.<\/p>\n<p>El reto que tenemos por delante, dijo, es \u00abalinear mejor nuestros sistemas de financiaci\u00f3n\u00bb y \u00abutilizar la inversi\u00f3n p\u00fablica y privada para asegurarnos de que estamos reduciendo de forma \u00f3ptima la carga de los gobiernos\u00bb.<\/p>\n<p><strong>Desplazados<\/strong><\/p>\n<p>El documento describe c\u00f3mo\u00a0<strong>los efectos del aumento de los costes de las cat\u00e1strofes ya se dejan sentir en todo el mundo<\/strong>, desde la aparici\u00f3n de zonas consideradas demasiado arriesgadas para que las aseguradoras las cubran, hasta el aumento de las deudas nacionales y las crisis humanitarias recurrentes.<\/p>\n<p>Casi 240 millones de personas fueron desplazadas internamente por desastres entre 2014 y 2023.<\/p>\n<p>China y Filipinas informaron de m\u00e1s de 40 millones de desplazados cada una, mientras que India, Bangladesh y Pakist\u00e1n registraron cifras de entre 10 y 30 millones.<\/p>\n<p>Sin embargo, el documento tambi\u00e9n presenta estudios de casos y recomendaciones pol\u00edticas sobre c\u00f3mo las inversiones en resiliencia pueden ayudar a detener el creciente coste econ\u00f3mico de las cat\u00e1strofes, reducir las necesidades humanitarias y hacer a\u00fan m\u00e1s eficaces los escasos recursos de ayuda internacional.<\/p>\n<p><strong>Doble inversi\u00f3n sistem\u00e1tica<\/strong><\/p>\n<p>&#8220;Una inversi\u00f3n sistem\u00e1tica y mayor en la reducci\u00f3n del riesgo de desastres y la resiliencia no s\u00f3lo puede detener estas tendencias, sino tambi\u00e9n invertirlas&#8221;, declar\u00f3 Kamal Kishore,\u00a0responsalbe\u00a0de UNDRR.<\/p>\n<p>Y puso como ejemplo que &#8220;cuando las comunidades ribere\u00f1as tienen acceso a herramientas cient\u00edficas para planificar el uso de sus tierras, cuando disponen de recursos para construir sistemas de protecci\u00f3n contra las inundaciones y cuando cuentan con sistemas de alerta temprana, no s\u00f3lo reducen los da\u00f1os y las p\u00e9rdidas por inundaciones, sino que\u00a0<strong>tambi\u00e9n crean las condiciones para la prosperidad y el crecimiento sostenible<\/strong>\u00a0de sus comunidades&#8221;.<\/p>\n<p>La cooperaci\u00f3n internacional sigue siendo una laguna cr\u00edtica. A pesar del aumento de la asistencia t\u00e9cnica, s\u00f3lo 17 pa\u00edses en todo el mundo informaron haber recibido apoyo financiero dedicado a la RRD en 2023. Este d\u00e9ficit de financiaci\u00f3n deja a los pa\u00edses en desarrollo mal equipados para prevenir, responder y recuperarse de los desastres.<\/p>\n<p>El informe pide un cambio en las prioridades de inversi\u00f3n mundial para invertir lo que denomina \u00abuna espiral destructiva de desastres, deuda y subdesarrollo\u00bb. Insta a los pa\u00edses y a los inversores a integrar la resiliencia en todos los niveles de la planificaci\u00f3n del desarrollo, se\u00f1alando que cada d\u00f3lar invertido en la reducci\u00f3n del riesgo puede producir rendimientos econ\u00f3micos y humanitarios mucho mayores.<\/p>\n<figure id=\"attachment_17070\" aria-describedby=\"caption-attachment-17070\" style=\"width: 790px\" class=\"wp-caption aligncenter\"><img loading=\"lazy\" class=\"size-large wp-image-17070\" src=\"https:\/\/www.fie.undef.edu.ar\/ceptm\/wp-content\/uploads\/2025\/05\/image1170x530cropped3-1024x464.jpg\" alt=\"\" width=\"790\" height=\"358\" srcset=\"https:\/\/www.fie.undef.edu.ar\/ceptm\/wp-content\/uploads\/2025\/05\/image1170x530cropped3-1024x464.jpg 1024w, https:\/\/www.fie.undef.edu.ar\/ceptm\/wp-content\/uploads\/2025\/05\/image1170x530cropped3-300x136.jpg 300w, https:\/\/www.fie.undef.edu.ar\/ceptm\/wp-content\/uploads\/2025\/05\/image1170x530cropped3-768x348.jpg 768w, https:\/\/www.fie.undef.edu.ar\/ceptm\/wp-content\/uploads\/2025\/05\/image1170x530cropped3.jpg 1170w\" sizes=\"(max-width: 790px) 100vw, 790px\" \/><figcaption id=\"caption-attachment-17070\" class=\"wp-caption-text\">\u00a9 UNICEF\/Claudio Fauvrelle Im\u00e1genes de drones muestran las secuelas del cicl\u00f3n Dikeledi, que azot\u00f3 la provincia mozambique\u00f1a de Nampula en marzo de 2025.<\/figcaption><\/figure>\n<p><strong>Am\u00e9rica Latina enfrenta un aumento del riesgo pero no invierte<\/strong><\/p>\n<p>Am\u00e9rica Latina y el Caribe es cada vez m\u00e1s vulnerables a la escalada del impacto de los desastres, pero sigue careciendo de fondos suficientes para aumentar su resiliencia, seg\u00fan el informe.<\/p>\n<p>La regi\u00f3n ha sido testigo de crecientes p\u00e9rdidas econ\u00f3micas y humanas debidas a desastres exacerbados por el\u00a0<a href=\"https:\/\/news.un.org\/es\/news\/topic\/climate-change\" target=\"_blank\" rel=\"noopener\">cambio clim\u00e1tico<\/a>, la urbanizaci\u00f3n y la degradaci\u00f3n medioambiental.\u00a0<strong>Los desastres peque\u00f1os y recurrentes<\/strong>\u00a0-en particular inundaciones localizadas, deslizamientos de tierra y tormentas-\u00a0<strong>est\u00e1n demostrando ser los m\u00e1s perjudiciales econ\u00f3micamente<\/strong>\u00a0en pa\u00edses como Colombia, donde han costado m\u00e1s de 1000 millones de d\u00f3lares entre 2000 y 2023, a pesar de atraer poca atenci\u00f3n medi\u00e1tica o pol\u00edtica.<\/p>\n<p>\u00abAm\u00e9rica Latina est\u00e1 lidiando con una carga oculta de desastres\u00bb, se\u00f1ala el informe, que destaca c\u00f3mo la mayor parte de los desastres regionales afectan a comunidades rurales y urbanas marginadas, agravando la desigualdad y los retrocesos en el desarrollo. Aunque estos sucesos suelen afectar a menos de 330 personas cada uno, su elevada frecuencia y escasa visibilidad los convierten en devastadores desde el punto de vista econ\u00f3mico y social.<\/p>\n<p>Mientras tanto, el Caribe se enfrenta a crecientes peligros medioambientales como\u00a0<strong>la proliferaci\u00f3n de algas<\/strong>, sobre todo del alga Sargassum, que ha da\u00f1ado los ecosistemas marinos y perturbado las industrias pesquera y tur\u00edstica. A pesar de su importante coste econ\u00f3mico,\u00a0<strong>estas amenazas localizadas suelen quedar excluidas de los modelos globales de cat\u00e1strofes<\/strong>\u00a0y no se informa lo suficiente sobre ellas, advierte la ONU.<\/p>\n<p>\u00abAm\u00e9rica Latina y el Caribe est\u00e1n en primera l\u00ednea de los riesgos agravados\u00bb, concluye el informe. \u00abLa estabilidad y prosperidad futuras de la regi\u00f3n depender\u00e1n de las decisiones que se tomen hoy para priorizar la resiliencia sobre el gasto reactivo\u00bb.<\/p>\n<p>Las conclusiones del informe son especialmente\u00a0<strong>relevantes de cara a la IV Conferencia Internacional sobre la Financiaci\u00f3n para el Desarrollo<\/strong>, y hablan de opciones espec\u00edficas para mejorar la financiaci\u00f3n multilateral con el fin de proteger mejor a las econom\u00edas en desarrollo m\u00e1s peque\u00f1as. El informe tambi\u00e9n muestra c\u00f3mo el sector privado puede desempe\u00f1ar un papel clave a la hora de reducir los da\u00f1os econ\u00f3micos de las cat\u00e1strofes y colmar el d\u00e9ficit de protecci\u00f3n que deja a muchos pa\u00edses sumidos en una espiral cada vez m\u00e1s grave de cat\u00e1strofes repetidas.<\/p>\n<p><strong>Fuente:<\/strong> <a href=\"https:\/\/news.un.org\/es\/story\/2025\/05\/1539011?utm_source=Noticias+ONU+-+Bolet%C3%ADn&amp;utm_campaign=6d0a2365a5-EMAIL_CAMPAIGN_2025_05_28_12_05&amp;utm_medium=email&amp;utm_term=0_e7f6cb3d3c-6d0a2365a5-109068941\" target=\"_blank\" rel=\"noopener\"><em>https:\/\/news.un.org<\/em><\/a><\/p>\n","protected":false},"excerpt":{"rendered":"<p>El Informe de Evaluaci\u00f3n Global sobre la Reducci\u00f3n del Riesgo de Desastres (GAR) 2025 pone de relieve que los costos directos de las cat\u00e1strofes han&hellip; <\/p>\n","protected":false},"author":1,"featured_media":17068,"comment_status":"closed","ping_status":"closed","sticky":false,"template":"","format":"standard","meta":[],"categories":[36,35,28],"tags":[],"_links":{"self":[{"href":"https:\/\/www.fie.undef.edu.ar\/ceptm\/index.php?rest_route=\/wp\/v2\/posts\/17067"}],"collection":[{"href":"https:\/\/www.fie.undef.edu.ar\/ceptm\/index.php?rest_route=\/wp\/v2\/posts"}],"about":[{"href":"https:\/\/www.fie.undef.edu.ar\/ceptm\/index.php?rest_route=\/wp\/v2\/types\/post"}],"author":[{"embeddable":true,"href":"https:\/\/www.fie.undef.edu.ar\/ceptm\/index.php?rest_route=\/wp\/v2\/users\/1"}],"replies":[{"embeddable":true,"href":"https:\/\/www.fie.undef.edu.ar\/ceptm\/index.php?rest_route=%2Fwp%2Fv2%2Fcomments&post=17067"}],"version-history":[{"count":1,"href":"https:\/\/www.fie.undef.edu.ar\/ceptm\/index.php?rest_route=\/wp\/v2\/posts\/17067\/revisions"}],"predecessor-version":[{"id":17071,"href":"https:\/\/www.fie.undef.edu.ar\/ceptm\/index.php?rest_route=\/wp\/v2\/posts\/17067\/revisions\/17071"}],"wp:featuredmedia":[{"embeddable":true,"href":"https:\/\/www.fie.undef.edu.ar\/ceptm\/index.php?rest_route=\/wp\/v2\/media\/17068"}],"wp:attachment":[{"href":"https:\/\/www.fie.undef.edu.ar\/ceptm\/index.php?rest_route=%2Fwp%2Fv2%2Fmedia&parent=17067"}],"wp:term":[{"taxonomy":"category","embeddable":true,"href":"https:\/\/www.fie.undef.edu.ar\/ceptm\/index.php?rest_route=%2Fwp%2Fv2%2Fcategories&post=17067"},{"taxonomy":"post_tag","embeddable":true,"href":"https:\/\/www.fie.undef.edu.ar\/ceptm\/index.php?rest_route=%2Fwp%2Fv2%2Ftags&post=17067"}],"curies":[{"name":"wp","href":"https:\/\/api.w.org\/{rel}","templated":true}]}}