{"id":17261,"date":"2025-07-07T09:07:30","date_gmt":"2025-07-07T12:07:30","guid":{"rendered":"https:\/\/www.fie.undef.edu.ar\/ceptm\/?p=17261"},"modified":"2025-07-07T09:07:30","modified_gmt":"2025-07-07T12:07:30","slug":"el-us-army-crea-carreras-de-profesionales-y-especialistas-en-inteligencia-artificial","status":"publish","type":"post","link":"https:\/\/www.fie.undef.edu.ar\/ceptm\/?p=17261","title":{"rendered":"El US Army crea carreras de profesionales y especialistas en inteligencia artificial"},"content":{"rendered":"<p>Por una iniciativa del Artificial Intelligence Integration Center, el US Army avanza hacia el establecimiento de carreras profesionales de oficiales expertos en Inteligencia Artificial (AI) y Machine Learning (ML). Esta iniciativa marca un paso importante en el plan de modernizaci\u00f3n de esa fuerza, para hacer frente a las exigencias tecnol\u00f3gicas de los nuevos conflictos. Tambi\u00e9n est\u00e1 previsto desarrollar para los suboficiales, la carrera de t\u00e9cnicos especialistas en AI y ML para ser incorporados en las unidades operativas.<\/p>\n<hr \/>\n<p>The US Army is moving to establish new career paths dedicated to artificial intelligence and machine learning, marking a significant step in its broader push to modernize for future conflict.<\/p>\n<p>According to internal documents\u00a0<a href=\"https:\/\/www.military.com\/daily-news\/2025\/07\/02\/army-creating-new-artificial-intelligence-focused-occupational-specialty-and-officer-field.html\" target=\"_blank\" rel=\"noreferrer noopener\">reviewed<\/a>\u00a0by\u00a0<em>Military.com<\/em>, the service plans to create a new enlisted military occupational specialty, designated 49B, focused specifically on AI and machine learning.<\/p>\n<p>A corresponding track for warrant officers is also in development, aimed at placing technical experts within operational units.<\/p>\n<p>In parallel, the US Army intends to formalize an AI-focused area of concentration for officers, allowing personnel in fields such as cyber and signal to build full careers in AI without leaving their core branches.<\/p>\n<p>An internal memo said the new roles are intended to deliver \u201cthe needed agility by integrating processes through dedicated [artificial intelligence and machine learning] operations for evolving mission objectives,\u201d\u00a0<em>Military.com\u00a0<\/em>reported.<\/p>\n<p id=\"focus-on-ai\" class=\"wp-block-heading\"><strong>Focus on AI<\/strong><\/p>\n<p>The initiative builds on the\u00a0<a href=\"https:\/\/www.t2.army.mil\/T2-Laboratories\/Designated-Laboratories\/Artificial-Intelligence-Integration-Center\/?utm_source=chatgpt.com\" target=\"_blank\" rel=\"noreferrer noopener\" data-type=\"link\" data-id=\"https:\/\/www.t2.army.mil\/T2-Laboratories\/Designated-Laboratories\/Artificial-Intelligence-Integration-Center\/?utm_source=chatgpt.com\">Army Artificial Intelligence Integration Center<\/a>\u00a0(originally the 2018 AI Task Force) tasked with accelerating AI integration through workforce development and partnerships with academia and industry.<\/p>\n<p>The career path expansion comes as the army increases its focus on AI, autonomy, and digital infrastructure under the current administration.<\/p>\n<p>However, while service leaders have emphasized the importance of AI in future conflicts, many operational units remain in the early stages of integrating new technologies.<\/p>\n<p>A timeline for finalizing the new AI career fields has not yet been announced.<\/p>\n<p><strong>Fuente:<\/strong> <a href=\"https:\/\/militaryai.ai\/us-army-ai-career-path\/\" target=\"_blank\" rel=\"noopener\"><em>https:\/\/militaryai.ai<\/em><\/a><\/p>\n","protected":false},"excerpt":{"rendered":"<p>Por una iniciativa del Artificial Intelligence Integration Center, el US Army avanza hacia el establecimiento de carreras profesionales de oficiales expertos en Inteligencia Artificial (AI)&hellip; <\/p>\n","protected":false},"author":1,"featured_media":17262,"comment_status":"closed","ping_status":"closed","sticky":false,"template":"","format":"standard","meta":[],"categories":[23,28],"tags":[],"_links":{"self":[{"href":"https:\/\/www.fie.undef.edu.ar\/ceptm\/index.php?rest_route=\/wp\/v2\/posts\/17261"}],"collection":[{"href":"https:\/\/www.fie.undef.edu.ar\/ceptm\/index.php?rest_route=\/wp\/v2\/posts"}],"about":[{"href":"https:\/\/www.fie.undef.edu.ar\/ceptm\/index.php?rest_route=\/wp\/v2\/types\/post"}],"author":[{"embeddable":true,"href":"https:\/\/www.fie.undef.edu.ar\/ceptm\/index.php?rest_route=\/wp\/v2\/users\/1"}],"replies":[{"embeddable":true,"href":"https:\/\/www.fie.undef.edu.ar\/ceptm\/index.php?rest_route=%2Fwp%2Fv2%2Fcomments&post=17261"}],"version-history":[{"count":1,"href":"https:\/\/www.fie.undef.edu.ar\/ceptm\/index.php?rest_route=\/wp\/v2\/posts\/17261\/revisions"}],"predecessor-version":[{"id":17263,"href":"https:\/\/www.fie.undef.edu.ar\/ceptm\/index.php?rest_route=\/wp\/v2\/posts\/17261\/revisions\/17263"}],"wp:featuredmedia":[{"embeddable":true,"href":"https:\/\/www.fie.undef.edu.ar\/ceptm\/index.php?rest_route=\/wp\/v2\/media\/17262"}],"wp:attachment":[{"href":"https:\/\/www.fie.undef.edu.ar\/ceptm\/index.php?rest_route=%2Fwp%2Fv2%2Fmedia&parent=17261"}],"wp:term":[{"taxonomy":"category","embeddable":true,"href":"https:\/\/www.fie.undef.edu.ar\/ceptm\/index.php?rest_route=%2Fwp%2Fv2%2Fcategories&post=17261"},{"taxonomy":"post_tag","embeddable":true,"href":"https:\/\/www.fie.undef.edu.ar\/ceptm\/index.php?rest_route=%2Fwp%2Fv2%2Ftags&post=17261"}],"curies":[{"name":"wp","href":"https:\/\/api.w.org\/{rel}","templated":true}]}}