{"id":17310,"date":"2025-07-17T11:27:29","date_gmt":"2025-07-17T14:27:29","guid":{"rendered":"https:\/\/www.fie.undef.edu.ar\/ceptm\/?p=17310"},"modified":"2025-07-17T11:27:29","modified_gmt":"2025-07-17T14:27:29","slug":"las-enfermedades-no-transmisibles-le-costaran-73-billones-de-dolares-a-america-del-sur","status":"publish","type":"post","link":"https:\/\/www.fie.undef.edu.ar\/ceptm\/?p=17310","title":{"rendered":"Las enfermedades no transmisibles le costar\u00e1n 7,3 billones de d\u00f3lares a Am\u00e9rica del Sur"},"content":{"rendered":"<p>La OPS atribuy\u00f3 estas condiciones al envejecimiento de la poblaci\u00f3n y a la mayor exposici\u00f3n a factores de riesgo prevenibles como el consumo de tabaco, las dietas poco saludables, el sedentarismo, el consumo nocivo de alcohol y la contaminaci\u00f3n del aire. Asimismo, recalc\u00f3 que desde 2000, la obesidad entre los adultos de la regi\u00f3n creci\u00f3 67,5%, la diabetes 53,6% y la inactividad f\u00edsica 24,1%.<\/p>\n<hr \/>\n<p>Durante el periodo 2020-2050 la econom\u00eda de\u00a0<strong>Am\u00e9rica del Sur sumar\u00e1 p\u00e9rdidas de m\u00e1s 7,3 billones de d\u00f3lares<\/strong>, o 4% del Producto Interno Bruto (PIB) regional, a causa de las enfermedades no transmisibles y los trastornos de salud mental, advirti\u00f3 este martes la\u00a0<a class=\"ext\" title=\"(opens in a new window)\" href=\"https:\/\/www.paho.org\/hq\/?lang=es\" target=\"_blank\" rel=\"noopener noreferrer\" data-extlink=\"\">Organizaci\u00f3n Panamericana de la Salud<\/a>\u00a0(<a class=\"ext\" title=\"(opens in a new window)\" href=\"https:\/\/www.paho.org\/hq\/?lang=es\" target=\"_blank\" rel=\"noopener noreferrer\" data-extlink=\"\">OPS<\/a>).<\/p>\n<p>La cifra de p\u00e9rdidas acumuladas\u00a0<strong>equivalente al PIB anual total de toda Am\u00e9rica Latina y el Caribe<\/strong>\u00a0y pone de manifiesto una emergencia econ\u00f3mica y de salud que requiere atenci\u00f3n urgente para prevenir enfermedades y proteger el desarrollo.<\/p>\n<p>Un nuevo\u00a0<a class=\"ext\" title=\"(opens in a new window)\" href=\"https:\/\/iris.paho.org\/handle\/10665.2\/67881\" target=\"_blank\" rel=\"noopener noreferrer\" data-extlink=\"\">informe<\/a>\u00a0de la agencia regional de salud explica que esa cantidad ser\u00e1 el resultado de las\u00a0<strong>p\u00e9rdidas de productividad y los gastos en atenci\u00f3n m\u00e9dica<\/strong>\u00a0generados por padecimientos como los cardiovasculares, el c\u00e1ncer, la diabetes, las enfermedades respiratorias cr\u00f3nicas, el Alzheimer y las demencias relacionadas, la depresi\u00f3n, la ansiedad y los trastornos del espectro autista.<\/p>\n<p>Esas enfermedades son tambi\u00e9n la\u00a0<strong>principal causa mundial de enfermedades prevenibles, discapacidad y muerte<\/strong>, apunta el informe, y refiere que en 2021 seis millones de personas -el 40% menores de 70 a\u00f1os-, murieron como consecuencia de esos males.<\/p>\n<p><strong>Emergencia econ\u00f3mica<\/strong><\/p>\n<p>Las enfermedades cardiovasculares y el c\u00e1ncer representan m\u00e1s de la mitad de las muertes por enfermedades no transmisibles. La\u00a0<strong>diabetes tambi\u00e9n aumenta aceleradamente<\/strong>, con unos 43 millones de personas que no pueden acceder al tratamiento. Los problemas de salud mental, en tanto, se incrementan d\u00eda tras d\u00eda presionando los de por s\u00ed sobrecargados sistemas de salud y la productividad.<\/p>\n<p>En la conferencia de prensa de presentaci\u00f3n del estudio, el director de la OPS subray\u00f3 la necesidad de\u00a0<strong>actuar con celeridad<\/strong>: \u201c[estas]no son solo estad\u00edsticas de salud, sino se\u00f1ales de alerta fiscal\u201d.<\/p>\n<p>\u201cLa creciente carga de enfermedades no transmisibles y las condiciones de salud mental se han convertido en una\u00a0<strong>emergencia econ\u00f3mica<\/strong>, quiz\u00e1s el mayor desastre econ\u00f3mico vinculado a la salud\u201d, dijo Jarbas Barbosa.<\/p>\n<p>De acuerdo con el informe, las p\u00e9rdidas resultadas de las enfermedades cr\u00f3nicas y la salud mental se deben principalmente\u00a0<strong>a muertes prematuras, discapacidad a largo plazo y menor productividad<\/strong>\u00a0de la fuerza laboral.<\/p>\n<p>Las p\u00e9rdidas proyectadas por pa\u00eds para 2020-2050 oscilan entre 88.000 millones de d\u00f3lares en Uruguay y 3,7 billones en Brasil, lo que representa hasta el 4,5% del PIB en algunos pa\u00edses.<\/p>\n<p><strong>Subestimaci\u00f3n de la salud<\/strong><\/p>\n<p>Si bien los responsables de las pol\u00edticas nacionales\u00a0<strong>subestimaron por mucho tiempo el valor de la salud,<\/strong>\u00a0las evidencias los han hecho reconocer cada vez m\u00e1s la importancia un sistema sanitario s\u00f3lido, capaz de atender a todas las personas no solo cuando est\u00e1n enfermas, sino antes de que adquieran las enfermedades.<\/p>\n<p>La OPS atribuy\u00f3 estas condiciones al envejecimiento de la poblaci\u00f3n y a la\u00a0<strong>mayor exposici\u00f3n a factores de riesgo prevenibles<\/strong>\u00a0como el consumo de tabaco, las dietas poco saludables, el sedentarismo, el consumo nocivo de alcohol y la contaminaci\u00f3n del aire.<\/p>\n<p>Asimismo, recalc\u00f3 que desde 2000, la\u00a0<strong>obesidad entre los adultos de la regi\u00f3n creci\u00f3 67,5%<\/strong>, la diabetes 53,6% y la inactividad f\u00edsica 24,1%.<\/p>\n<p>Hoy, alrededor del 67,5% de los adultos en el continente americano tiene sobrepeso, una tasa por encima del promedio mundial del 43,5%, y la regi\u00f3n tiene los niveles m\u00e1s altos de inactividad f\u00edsica a nivel mundial con el 35,6%.<\/p>\n<p><strong>A menudo la gente no sabe que est\u00e1 enferma<\/strong><\/p>\n<p>De no abordarse, estas tendencias,\u00a0<strong>producir\u00e1n un mayor estancamiento econ\u00f3mico, desigualdad<\/strong>\u00a0y sobrecarga del sistema de atenci\u00f3n m\u00e9dica, advirti\u00f3 el director de la OPS.<\/p>\n<p>Barbosa remarc\u00f3 la importancia de la prevenci\u00f3n y la atenci\u00f3n primaria de salud. \u201cEs lamentable que la gente\u00a0<strong>no sepa que padece de alta presi\u00f3n hasta que tiene un accidente cerebrovascular<\/strong>, o que no sepa que es diab\u00e9tica hasta que la enfermedad le afect\u00f3 la visi\u00f3n o debieron amputarle un pie\u201d, acot\u00f3.<\/p>\n<p><strong>Recomendaciones<\/strong><\/p>\n<p>Para hacer frente a la emergencia sanitaria y reducir la p\u00e9rdida de recursos que podr\u00edan dedicarse a avanzar en la agenda de desarrollo, la OPS recomend\u00f3 tres estrategias \u201cprobadas y rentables\u201d:<\/p>\n<ul>\n<li><strong>Prevenci\u00f3n<\/strong>\u00a0para abordar los principales factores de riesgo como el consumo de tabaco, las dietas poco saludables y la inactividad f\u00edsica<\/li>\n<li><strong>Diagn\u00f3stico temprano y tratamiento\u00a0<\/strong>con el fin de aumentar las tasas de supervivencia y productividad econ\u00f3mica<\/li>\n<li><strong>Finaciamiento y compromiso global<\/strong>, lo que puede incluir mediada como impuestos especiales sobre el tabaco, el alcohol y las bebidas azucaradas<\/li>\n<\/ul>\n<p>Al cierre de la presentaci\u00f3n del informe, Jarbas Barbosa tambi\u00e9n se dirigi\u00f3 a la poblaci\u00f3n en general, invit\u00e1ndola a\u00a0<strong>seguir una dieta saludable y a adoptar un estilo de vida activo<\/strong>: &#8220;Una alimentaci\u00f3n saludable y el ejercicio f\u00edsico regular son \u2018medicina\u2019 contra las enfermedades no transmisibles\u201d, concluy\u00f3.<\/p>\n<p><strong>Fuente: <\/strong><a href=\"https:\/\/news.un.org\/es\/story\/2025\/07\/1540174?utm_source=Noticias+ONU+-+Bolet%C3%ADn&amp;utm_campaign=77bea74023-EMAIL_CAMPAIGN_2025_07_16_12_05&amp;utm_medium=email&amp;utm_term=0_e7f6cb3d3c-77bea74023-109068941\" target=\"_blank\" rel=\"noopener\"><em>https:\/\/news.un.org<\/em><\/a><\/p>\n","protected":false},"excerpt":{"rendered":"<p>La OPS atribuy\u00f3 estas condiciones al envejecimiento de la poblaci\u00f3n y a la mayor exposici\u00f3n a factores de riesgo prevenibles como el consumo de tabaco,&hellip; <\/p>\n","protected":false},"author":1,"featured_media":17311,"comment_status":"closed","ping_status":"closed","sticky":false,"template":"","format":"standard","meta":[],"categories":[35,28],"tags":[],"_links":{"self":[{"href":"https:\/\/www.fie.undef.edu.ar\/ceptm\/index.php?rest_route=\/wp\/v2\/posts\/17310"}],"collection":[{"href":"https:\/\/www.fie.undef.edu.ar\/ceptm\/index.php?rest_route=\/wp\/v2\/posts"}],"about":[{"href":"https:\/\/www.fie.undef.edu.ar\/ceptm\/index.php?rest_route=\/wp\/v2\/types\/post"}],"author":[{"embeddable":true,"href":"https:\/\/www.fie.undef.edu.ar\/ceptm\/index.php?rest_route=\/wp\/v2\/users\/1"}],"replies":[{"embeddable":true,"href":"https:\/\/www.fie.undef.edu.ar\/ceptm\/index.php?rest_route=%2Fwp%2Fv2%2Fcomments&post=17310"}],"version-history":[{"count":1,"href":"https:\/\/www.fie.undef.edu.ar\/ceptm\/index.php?rest_route=\/wp\/v2\/posts\/17310\/revisions"}],"predecessor-version":[{"id":17312,"href":"https:\/\/www.fie.undef.edu.ar\/ceptm\/index.php?rest_route=\/wp\/v2\/posts\/17310\/revisions\/17312"}],"wp:featuredmedia":[{"embeddable":true,"href":"https:\/\/www.fie.undef.edu.ar\/ceptm\/index.php?rest_route=\/wp\/v2\/media\/17311"}],"wp:attachment":[{"href":"https:\/\/www.fie.undef.edu.ar\/ceptm\/index.php?rest_route=%2Fwp%2Fv2%2Fmedia&parent=17310"}],"wp:term":[{"taxonomy":"category","embeddable":true,"href":"https:\/\/www.fie.undef.edu.ar\/ceptm\/index.php?rest_route=%2Fwp%2Fv2%2Fcategories&post=17310"},{"taxonomy":"post_tag","embeddable":true,"href":"https:\/\/www.fie.undef.edu.ar\/ceptm\/index.php?rest_route=%2Fwp%2Fv2%2Ftags&post=17310"}],"curies":[{"name":"wp","href":"https:\/\/api.w.org\/{rel}","templated":true}]}}