{"id":17648,"date":"2025-10-21T06:29:46","date_gmt":"2025-10-21T09:29:46","guid":{"rendered":"https:\/\/www.fie.undef.edu.ar\/ceptm\/?p=17648"},"modified":"2025-10-21T06:29:46","modified_gmt":"2025-10-21T09:29:46","slug":"apagon-electrico-en-todo-el-mundo-la-nasa-advierte-por-un-fenomeno-sorpresivo-e-inesperado-se-esta-despertando","status":"publish","type":"post","link":"https:\/\/www.fie.undef.edu.ar\/ceptm\/?p=17648","title":{"rendered":"Apag\u00f3n el\u00e9ctrico en todo el mundo, la NASA advierte por un fen\u00f3meno sorpresivo e inesperado: &#8220;Se est\u00e1 despertando&#8221;"},"content":{"rendered":"<p>Alarma por apag\u00f3n el\u00e9ctrico mundial | La NASA advirti\u00f3: &#8220;Se est\u00e1 despertando el Sol, los estudios presentados indican que una tendencia a la baja se ha revertido: el Sol est\u00e1 cada vez m\u00e1s activo. El fen\u00f3meno tiene oportunidades de derivar en tormentas solares que afecten a nuestro planeta&#8221;. El temor a un apag\u00f3n el\u00e9ctrico que deje a grandes partes del mundo sin energ\u00eda es muy real. Ahora, un estudio de la NASA alienta esa posibilidad por un aumento inesperado de la actividad solar. En un hecho inesperado, estudios indican que el Sol se ha vuelto cada vez m\u00e1s activo en los \u00faltimos 17 a\u00f1os. Seg\u00fan una investigaci\u00f3n que recopila datos del viento solar, una corriente de part\u00edculas cargadas que se irradia desde el Sol. El estudio mostr\u00f3 que, desde 2008, la velocidad del viento solar ha aumentado un 6%, la densidad del viento solar un 26%, la temperatura del viento solar un 29% y la intensidad del campo magn\u00e9tico interplanetario transportado por el viento solar ha aumentado aproximadamente un 31%. Con el aumento de la actividad solar se producen m\u00e1s tormentas geomagn\u00e9ticas; el aumento de las eyecciones de masa coronal y las erupciones de radiaci\u00f3n supone un mayor peligro para los sat\u00e9lites, las estaciones espaciales, los astronautas y hasta las redes el\u00e9ctricas y de comunicaciones en la Tierra.<\/p>\n<hr \/>\n<p data-t=\"{&quot;n&quot;:&quot;blueLinks&quot;,&quot;t&quot;:13,&quot;a&quot;:&quot;click&quot;,&quot;b&quot;:76}\">El temor a un apag\u00f3n el\u00e9ctrico que deje a grandes partes del mundo sin energ\u00eda es muy real. Ahora, un estudio de la NASA alienta esa posibilidad por un aumento\u00a0<a href=\"https:\/\/www.cronista.com\/colombia\/actualidad-co\/el-hallazgo-del-siglo-encuentran-grandes-toneladas-de-oro-a-2000-metros-bajo-el-mar-y-pertenece-todo-a-una-provincia\/\" target=\"_blank\" rel=\"noopener\" data-t=\"{&quot;n&quot;:&quot;destination&quot;,&quot;t&quot;:13,&quot;a&quot;:&quot;click&quot;,&quot;b&quot;:1,&quot;c.t&quot;:7}\">inesperado<\/a>\u00a0de la actividad solar.<\/p>\n<p data-t=\"{&quot;n&quot;:&quot;blueLinks&quot;,&quot;t&quot;:13,&quot;a&quot;:&quot;click&quot;,&quot;b&quot;:76}\">Los estudios presentados indican que una tendencia a la baja se ha revertido: el Sol est\u00e1 cada vez m\u00e1s activo. El\u00a0<a href=\"https:\/\/www.cronista.com\/colombia\/actualidad-co\/que-pasaria-si-el-cometa-3i-atlas-impacta-sobre-la-tierra-segun-chatgpt\/\" target=\"_blank\" rel=\"noopener\" data-t=\"{&quot;n&quot;:&quot;destination&quot;,&quot;t&quot;:13,&quot;a&quot;:&quot;click&quot;,&quot;b&quot;:1,&quot;c.t&quot;:7}\">fen\u00f3meno<\/a>\u00a0tiene chances de derivar en tormentas solares que afecten a nuestro planeta.<\/p>\n<p class=\"article-sub-heading\"><strong>Est\u00e1 confirmado: la actividad solar est\u00e1 creciendo<\/strong><\/p>\n<p class=\"continue-read-break\" data-t=\"{&quot;n&quot;:&quot;blueLinks&quot;,&quot;t&quot;:13,&quot;a&quot;:&quot;click&quot;,&quot;b&quot;:76}\">En un hecho inesperado, estudios indican que el Sol se ha vuelto cada vez m\u00e1s activo en los \u00faltimos 17 a\u00f1os. Esto se contrapone a la tendencia descendente que hab\u00eda llevado a los\u00a0<a href=\"https:\/\/www.cronista.com\/colombia\/curiosidades\/mezclar-vinagre-con-agua-oxigenada-por-que-recomiendan-hacer-esta-mezcla-milagrosa-y-para-que-sirve-9834\/?mrfhud=true\" target=\"_blank\" rel=\"noopener\" data-t=\"{&quot;n&quot;:&quot;destination&quot;,&quot;t&quot;:13,&quot;a&quot;:&quot;click&quot;,&quot;b&quot;:1,&quot;c.t&quot;:7}\">cient\u00edficos<\/a>\u00a0a preguntarse si se encaminaba hacia un nuevo &#8220;gran m\u00ednimo&#8221; como dos siglos atr\u00e1s.<\/p>\n<p class=\"article-sub-heading\"><strong>La NASA prev\u00e9 un aumento de tormentas solares<\/strong><\/p>\n<p data-t=\"{&quot;n&quot;:&quot;blueLinks&quot;,&quot;t&quot;:13,&quot;a&quot;:&quot;click&quot;,&quot;b&quot;:76}\">Jasinski dirige una investigaci\u00f3n que recopila datos del viento solar, una corriente de part\u00edculas cargadas que se irradia desde\u00a0<a href=\"https:\/\/www.cronista.com\/colombia\/curiosidades\/el-descubrimiento-de-todos-los-siglos-confirman-que-hay-en-el-interior-del-sol-y-se-reescribe-la-historia-del-sistema-solar\/\" target=\"_blank\" rel=\"noopener\" data-t=\"{&quot;n&quot;:&quot;destination&quot;,&quot;t&quot;:13,&quot;a&quot;:&quot;click&quot;,&quot;b&quot;:1,&quot;c.t&quot;:7}\">el Sol<\/a>. El estudio mostr\u00f3 que, desde 2008, la velocidad del viento solar ha aumentado un 6%, la densidad del viento solar un 26%, la temperatura del viento solar un 29% y la intensidad del campo magn\u00e9tico interplanetario transportado por el viento solar ha aumentado aproximadamente un 31%.<\/p>\n<figure id=\"attachment_17650\" aria-describedby=\"caption-attachment-17650\" style=\"width: 728px\" class=\"wp-caption aligncenter\"><img loading=\"lazy\" class=\"size-full wp-image-17650\" src=\"https:\/\/www.fie.undef.edu.ar\/ceptm\/wp-content\/uploads\/2025\/10\/AA1OxKAi.img_.jpg\" alt=\"\" width=\"728\" height=\"403\" srcset=\"https:\/\/www.fie.undef.edu.ar\/ceptm\/wp-content\/uploads\/2025\/10\/AA1OxKAi.img_.jpg 728w, https:\/\/www.fie.undef.edu.ar\/ceptm\/wp-content\/uploads\/2025\/10\/AA1OxKAi.img_-300x166.jpg 300w\" sizes=\"(max-width: 728px) 100vw, 728px\" \/><figcaption id=\"caption-attachment-17650\" class=\"wp-caption-text\">Apag\u00f3n el\u00e9ctrico en todo el mundo | La NASA advierte por un fen\u00f3meno inesperado: &#8220;Se est\u00e1 despertando&#8221;<\/figcaption><\/figure>\n<p>Con el aumento de la actividad solar se producen m\u00e1s tormentas geomagn\u00e9ticas que generan auroras en el cielo terrestre; el aumento de las eyecciones de masa coronal y las erupciones de radiaci\u00f3n supone un mayor peligro para los sat\u00e9lites, las estaciones espaciales, los astronautas y hasta las redes el\u00e9ctricas y de comunicaciones en la Tierra.<\/p>\n<p><strong>Fuente:<\/strong> <a href=\"https:\/\/www.msn.com\/es-ar\/noticias\/other\/apag%C3%B3n-el%C3%A9ctrico-en-todo-el-mundo-la-nasa-advierte-por-un-fen%C3%B3meno-inesperado-se-est%C3%A1-despertando\/ar-AA1Oxtrt?ocid=msedgntp&amp;pc=U531&amp;cvid=68f13d8b89c54cca96c1b17ae7698af3&amp;ei=24\" target=\"_blank\" rel=\"noopener\"><em>https:\/\/www.msn.com<\/em><\/a><\/p>\n","protected":false},"excerpt":{"rendered":"<p>Alarma por apag\u00f3n el\u00e9ctrico mundial | La NASA advirti\u00f3: &#8220;Se est\u00e1 despertando el Sol, los estudios presentados indican que una tendencia a la baja se&hellip; <\/p>\n","protected":false},"author":1,"featured_media":17651,"comment_status":"closed","ping_status":"closed","sticky":false,"template":"","format":"standard","meta":[],"categories":[36,35],"tags":[],"_links":{"self":[{"href":"https:\/\/www.fie.undef.edu.ar\/ceptm\/index.php?rest_route=\/wp\/v2\/posts\/17648"}],"collection":[{"href":"https:\/\/www.fie.undef.edu.ar\/ceptm\/index.php?rest_route=\/wp\/v2\/posts"}],"about":[{"href":"https:\/\/www.fie.undef.edu.ar\/ceptm\/index.php?rest_route=\/wp\/v2\/types\/post"}],"author":[{"embeddable":true,"href":"https:\/\/www.fie.undef.edu.ar\/ceptm\/index.php?rest_route=\/wp\/v2\/users\/1"}],"replies":[{"embeddable":true,"href":"https:\/\/www.fie.undef.edu.ar\/ceptm\/index.php?rest_route=%2Fwp%2Fv2%2Fcomments&post=17648"}],"version-history":[{"count":1,"href":"https:\/\/www.fie.undef.edu.ar\/ceptm\/index.php?rest_route=\/wp\/v2\/posts\/17648\/revisions"}],"predecessor-version":[{"id":17652,"href":"https:\/\/www.fie.undef.edu.ar\/ceptm\/index.php?rest_route=\/wp\/v2\/posts\/17648\/revisions\/17652"}],"wp:featuredmedia":[{"embeddable":true,"href":"https:\/\/www.fie.undef.edu.ar\/ceptm\/index.php?rest_route=\/wp\/v2\/media\/17651"}],"wp:attachment":[{"href":"https:\/\/www.fie.undef.edu.ar\/ceptm\/index.php?rest_route=%2Fwp%2Fv2%2Fmedia&parent=17648"}],"wp:term":[{"taxonomy":"category","embeddable":true,"href":"https:\/\/www.fie.undef.edu.ar\/ceptm\/index.php?rest_route=%2Fwp%2Fv2%2Fcategories&post=17648"},{"taxonomy":"post_tag","embeddable":true,"href":"https:\/\/www.fie.undef.edu.ar\/ceptm\/index.php?rest_route=%2Fwp%2Fv2%2Ftags&post=17648"}],"curies":[{"name":"wp","href":"https:\/\/api.w.org\/{rel}","templated":true}]}}