{"id":17711,"date":"2025-10-30T14:51:01","date_gmt":"2025-10-30T17:51:01","guid":{"rendered":"https:\/\/www.fie.undef.edu.ar\/ceptm\/?p=17711"},"modified":"2025-10-30T14:51:01","modified_gmt":"2025-10-30T17:51:01","slug":"las-posibilidades-ilimitadas-del-espacio-obligan-a-la-humanidad-a-colaborar","status":"publish","type":"post","link":"https:\/\/www.fie.undef.edu.ar\/ceptm\/?p=17711","title":{"rendered":"Las posibilidades ilimitadas del espacio obligan a la humanidad a colaborar"},"content":{"rendered":"<p>El divulgador cient\u00edfico y astrof\u00edsico, el profesor Brian Cox, en un interesante art\u00edculo, declar\u00f3 a Noticias ONU que aprovechar\u00e1 esta nominaci\u00f3n para explicar a la mayor audiencia posible por qu\u00e9 el espacio, adem\u00e1s de maravilloso, es de vital importancia. Cox fue nombrado este mi\u00e9rcoles campe\u00f3n del espacio por la Oficina de las Naciones Unidas para Asuntos del Espacio Ultraterrestre (UNOOSA). Ha declarado: \u201cDesde que tengo memoria me ha interesado la astronom\u00eda. Vi el alunizaje del Apolo 11, aunque ten\u00eda alrededor de un a\u00f1o, as\u00ed que no lo recuerdo. El espacio es uno de los sectores clave de crecimiento en la econom\u00eda global. Las cifras son asombrosas. Se estima que la econom\u00eda espacial tendr\u00e1 un valor aproximado de dos billones de d\u00f3lares para 2035, frente a los entre 6000 y 7000 millones de d\u00f3lares actuales\u201d.<\/p>\n<hr \/>\n<p>La exploraci\u00f3n espacial puede abrir un mundo de posibilidades ilimitadas para la humanidad, pero tambi\u00e9n es un \u00e1mbito que obliga a las naciones a colaborar, seg\u00fan el nuevo campe\u00f3n del espacio de las Naciones Unidas.<\/p>\n<p>El divulgador cient\u00edfico y astrof\u00edsico, el profesor Brian Cox, declar\u00f3 a Noticias ONU que aprovechar\u00e1 su nuevo cargo para explicar a la mayor audiencia posible por qu\u00e9 el espacio, adem\u00e1s de maravilloso, es de vital importancia.<\/p>\n<p>Cox fue nombrado este mi\u00e9rcoles campe\u00f3n del espacio por la Oficina de las Naciones Unidas para Asuntos del Espacio Ultraterrestre (UNOOSA).<\/p>\n<p><strong>Brian Cox:<\/strong>\u00a0Desde que tengo memoria me ha interesado la astronom\u00eda. Vi el alunizaje del Apolo 11, aunque ten\u00eda alrededor de un a\u00f1o, as\u00ed que no lo recuerdo.<\/p>\n<p>El espacio es uno de los sectores clave de crecimiento en la econom\u00eda global. Las cifras son asombrosas. Se estima que la econom\u00eda espacial tendr\u00e1 un valor aproximado de dos billones de d\u00f3lares para 2035, frente a los entre 6000 y 7000 millones de d\u00f3lares actuales.<\/p>\n<p>M\u00e1s all\u00e1 de su impacto econ\u00f3mico, el espacio siempre ha sido un \u00e1mbito que une a las personas.<\/p>\n<p>La Estaci\u00f3n Espacial Internacional es uno de los lugares donde colaboramos porque queremos hacerlo.<\/p>\n<p>Pero tambi\u00e9n porque nos vemos obligados a ello, ya que el espacio, evidentemente, no pertenece a ning\u00fan pa\u00eds.<\/p>\n<figure id=\"attachment_17713\" aria-describedby=\"caption-attachment-17713\" style=\"width: 1024px\" class=\"wp-caption aligncenter\"><img loading=\"lazy\" class=\"wp-image-17713 size-full\" src=\"https:\/\/www.fie.undef.edu.ar\/ceptm\/wp-content\/uploads\/2025\/10\/image1024x768.jpg\" alt=\"\" width=\"1024\" height=\"682\" srcset=\"https:\/\/www.fie.undef.edu.ar\/ceptm\/wp-content\/uploads\/2025\/10\/image1024x768.jpg 1024w, https:\/\/www.fie.undef.edu.ar\/ceptm\/wp-content\/uploads\/2025\/10\/image1024x768-300x200.jpg 300w, https:\/\/www.fie.undef.edu.ar\/ceptm\/wp-content\/uploads\/2025\/10\/image1024x768-768x512.jpg 768w\" sizes=\"(max-width: 1024px) 100vw, 1024px\" \/><figcaption id=\"caption-attachment-17713\" class=\"wp-caption-text\">\u00a9 NASA Los sat\u00e9lites son una parte fundamental de la infraestructura espacial.<\/figcaption><\/figure>\n<p>Es un \u00e1mbito en el que podemos expandirnos, con posibilidades pr\u00e1cticamente ilimitadas, pero que tambi\u00e9n nos obliga a colaborar.<\/p>\n<p><strong>Noticias ONU:<\/strong>\u00a0La idea de la colaboraci\u00f3n es fundamental. \u00bfEs esa una de las razones por las que desea trabajar con la ONU?<\/p>\n<p><strong>Brian Cox:<\/strong>\u00a0Para m\u00ed, ciertas iniciativas requieren una perspectiva global. Requieren regulaci\u00f3n y gobernanza globales, pero tambi\u00e9n ambici\u00f3n global. El espacio es, sin duda, una de ellas.<\/p>\n<p>No tiene sentido hablar de defensa planetaria, exploraci\u00f3n lunar, miner\u00eda de asteroides y, posteriormente, de expansi\u00f3n por el sistema solar como si fu\u00e9ramos pa\u00edses aislados. Simplemente no funciona.<\/p>\n<p>Hay ciertos \u00e1mbitos donde la cooperaci\u00f3n global es inevitable. Y creo que es positivo, porque nos obliga a abordar los desaf\u00edos: la diplomacia compleja, las negociaciones t\u00e9cnicas.<\/p>\n<p>Algunos podr\u00edan verlo como una desventaja, pero yo lo considero una gran ventaja del espacio: el hecho de que nos veamos obligados a pensar como un solo mundo.<\/p>\n<p><strong>Noticias ONU:<\/strong>\u00a0\u00bfY qu\u00e9 impacto cree que puede tener personalmente en este nuevo cargo?<\/p>\n<p><strong>Brian Cox:<\/strong>\u00a0Es fundamental que ampliemos nuestro alcance, nuestra econom\u00eda y nuestra ambici\u00f3n en el espacio.<\/p>\n<figure id=\"attachment_17714\" aria-describedby=\"caption-attachment-17714\" style=\"width: 1024px\" class=\"wp-caption aligncenter\"><img loading=\"lazy\" class=\"size-full wp-image-17714\" src=\"https:\/\/www.fie.undef.edu.ar\/ceptm\/wp-content\/uploads\/2025\/10\/image1024x7682.jpg\" alt=\"\" width=\"1024\" height=\"682\" srcset=\"https:\/\/www.fie.undef.edu.ar\/ceptm\/wp-content\/uploads\/2025\/10\/image1024x7682.jpg 1024w, https:\/\/www.fie.undef.edu.ar\/ceptm\/wp-content\/uploads\/2025\/10\/image1024x7682-300x200.jpg 300w, https:\/\/www.fie.undef.edu.ar\/ceptm\/wp-content\/uploads\/2025\/10\/image1024x7682-768x512.jpg 768w\" sizes=\"(max-width: 1024px) 100vw, 1024px\" \/><figcaption id=\"caption-attachment-17714\" class=\"wp-caption-text\">ESA\/NASA\/T. Pesquet Una vista de la Tierra desde la Estaci\u00f3n Espacial Internacional durante la misi\u00f3n Alpha.<\/figcaption><\/figure>\n<p>Mi experiencia, adem\u00e1s de ser una especie de aficionado entusiasta, se centra en contar historias, en intentar comprender y explicar las razones por las que el espacio es tan vital y maravilloso a la mayor audiencia posible.<\/p>\n<p>Y, dicho sea de paso, esa audiencia no es solo el p\u00fablico en general, sino tambi\u00e9n l\u00edderes pol\u00edticos y l\u00edderes de la industria que tal vez desconozcan el potencial del espacio.<\/p>\n<p>La ciencia es uno de los pilares fundamentales de nuestra civilizaci\u00f3n y, por lo tanto, si la gente no conoce sus beneficios, no puede participar en su fortalecimiento y desarrollo.<\/p>\n<p>Si hay una falta de comprensi\u00f3n, es posible que la toma de decisiones no sea la \u00f3ptima.<\/p>\n<p>Si esto suena un poco \u00e1rido, tambi\u00e9n nos planteamos preguntas fundamentales como: \u00bfestamos solos en el universo?<\/p>\n<p><strong>Noticias ONU:<\/strong>\u00a0Supongo que esa es la pregunta que m\u00e1s le hacen.<\/p>\n<p><strong>Brian Cox:<\/strong>\u00a0Es una pregunta excelente. Creo que todos nos la hacemos. La respuesta es que no lo sabemos.<\/p>\n<p>Podr\u00edas formularla de una manera m\u00e1s cient\u00edfica. \u00bfHasta d\u00f3nde tendr\u00edamos que ir m\u00e1s all\u00e1 de la Tierra para detectar vida?<\/p>\n<p>Por el momento, no conocemos la respuesta a esa pregunta, pero estamos intentando encontrarla.<\/p>\n<p><strong>Noticias ONU:<\/strong>\u00a0\u00bfHay alguna idea err\u00f3nea sobre el espacio que le gustar\u00eda aclarar?<\/p>\n<p><strong>Brian Cox:<\/strong>\u00a0Sin duda, existen ideas err\u00f3neas en la percepci\u00f3n que la gente tiene del espacio, que creo que se deben simplemente a la falta de informaci\u00f3n.<\/p>\n<p>La principal es que se trata de una actividad de lujo: la exploraci\u00f3n espacial y la industrializaci\u00f3n de la \u00f3rbita terrestre, para luego extenderla a la Luna y a los asteroides, es algo que podemos dejar para el futuro.<\/p>\n<p>A menudo oigo decir que deber\u00edamos resolver los problemas aqu\u00ed en la Tierra antes de preocuparnos por el espacio.<\/p>\n<p>La respuesta es que el espacio ya es un componente vital para resolver los problemas a los que nos enfrentamos en la Tierra.<\/p>\n<p>Un ejemplo claro ser\u00eda comprender c\u00f3mo est\u00e1 cambiando nuestro clima.<\/p>\n<p>Los datos procedentes de observaciones satelitales de la atm\u00f3sfera y las temperaturas oce\u00e1nicas son un componente vital para comprender c\u00f3mo est\u00e1 cambiando el clima y para gestionar los problemas que enfrentamos actualmente, problemas que creamos en la era preespacial.<\/p>\n<p>El posicionamiento global (GPS) y la navegaci\u00f3n por sat\u00e9lite son de vital importancia, no solo para que la gente pueda encontrar su ubicaci\u00f3n en su tel\u00e9fono, sino tambi\u00e9n para la gesti\u00f3n del tr\u00e1fico a\u00e9reo, la gesti\u00f3n de la cadena de suministro, la optimizaci\u00f3n del transporte de bienes y materiales por todo el planeta, entre otros.<\/p>\n<p>Existen numerosos ejemplos de c\u00f3mo el espacio ya impacta positivamente a la Tierra.<\/p>\n<p>Y estos ejemplos se multiplicar\u00e1n r\u00e1pidamente en el futuro.<\/p>\n<p><strong>Noticias ONU:<\/strong>\u00a0\u00bfC\u00f3mo planea abogar por el uso pac\u00edfico e inclusivo del espacio ultraterrestre, especialmente en lo que respecta a la participaci\u00f3n de los pa\u00edses en desarrollo?<\/p>\n<p><strong>Brian Cox:<\/strong>\u00a0Espero poder contribuir a la democratizaci\u00f3n del espacio y abogar por la participaci\u00f3n no solo de las grandes potencias.<\/p>\n<p>Los argumentos para que todas las naciones tengan voz en la econom\u00eda espacial son los mismos que los que justifican que las naciones tengan voz en la econom\u00eda que existe en la superficie terrestre y en los oc\u00e9anos.<\/p>\n<p>La clave reside en que debemos operar en ciertas \u00e1reas como un solo planeta. El espacio es uno de los mejores ejemplos, pero tambi\u00e9n se puede a\u00f1adir el\u00a0<a href=\"https:\/\/news.un.org\/es\/news\/topic\/climate-change\" target=\"_blank\" rel=\"noopener\">cambio clim\u00e1tico<\/a>, el control de enfermedades pand\u00e9micas o la gesti\u00f3n de la inteligencia artificial.<\/p>\n<p>Estas cuestiones no respetan las fronteras internacionales, por lo que se necesitan organizaciones como las Naciones Unidas.<\/p>\n<p>El espacio es probablemente el ejemplo m\u00e1s evidente de una regi\u00f3n, una parte de nuestra econom\u00eda que no respeta las fronteras nacionales, porque, obviamente, no existen all\u00ed arriba.<\/p>\n<p><strong>Noticias ONU:<\/strong>\u00a0\u00bfY c\u00f3mo cree que los pa\u00edses en desarrollo pueden involucrarse m\u00e1s en la econom\u00eda espacial?<\/p>\n<p><strong>Brian Cox:<\/strong>\u00a0Creo que ahora estamos en una fase de transformaci\u00f3n en lo que respecta a la exploraci\u00f3n m\u00e1s all\u00e1 de la Tierra, a la industrializaci\u00f3n y el uso del espacio. Esto significa que las regulaciones que todos acordamos se est\u00e1n desarrollando ahora.<\/p>\n<p>\u00bfC\u00f3mo gestionamos el tr\u00e1fico a\u00e9reo en el espacio?<\/p>\n<p>\u00bfC\u00f3mo garantizamos un acceso equitativo?<\/p>\n<p>Si comenzamos a construir bases en la Luna, \u00bfc\u00f3mo lo gestionamos?<\/p>\n<p>\u00bfC\u00f3mo gestionamos ese proceso de la misma manera que gestionamos el acceso, por ejemplo, a la Ant\u00e1rtida?<\/p>\n<p>Sin duda, se trata de un debate global. Nos afecta a todos, a todas las naciones.<\/p>\n<p>Todas las naciones deben unirse para desarrollar los marcos que nos permitan convertirnos en una civilizaci\u00f3n multiplanetaria.<\/p>\n<p>Me gustar\u00eda vernos convertidos en una civilizaci\u00f3n interestelar, pero no lo ver\u00e9 en vida.<\/p>\n<p><strong>Fuente:<\/strong> <a href=\"https:\/\/news.un.org\/es\/story\/2025\/10\/1540651?utm_source=Noticias+ONU+-+Bolet%C3%ADn&amp;utm_campaign=54836b8771-EMAIL_CAMPAIGN_2025_10_30_12_05&amp;utm_medium=email&amp;utm_term=0_e7f6cb3d3c-54836b8771-109068941\" target=\"_blank\" rel=\"noopener\"><em>https:\/\/news.un.org<\/em><\/a><\/p>\n","protected":false},"excerpt":{"rendered":"<p>El divulgador cient\u00edfico y astrof\u00edsico, el profesor Brian Cox, en un interesante art\u00edculo, declar\u00f3 a Noticias ONU que aprovechar\u00e1 esta nominaci\u00f3n para explicar a la&hellip; <\/p>\n","protected":false},"author":1,"featured_media":17712,"comment_status":"closed","ping_status":"closed","sticky":false,"template":"","format":"standard","meta":[],"categories":[35,28],"tags":[],"_links":{"self":[{"href":"https:\/\/www.fie.undef.edu.ar\/ceptm\/index.php?rest_route=\/wp\/v2\/posts\/17711"}],"collection":[{"href":"https:\/\/www.fie.undef.edu.ar\/ceptm\/index.php?rest_route=\/wp\/v2\/posts"}],"about":[{"href":"https:\/\/www.fie.undef.edu.ar\/ceptm\/index.php?rest_route=\/wp\/v2\/types\/post"}],"author":[{"embeddable":true,"href":"https:\/\/www.fie.undef.edu.ar\/ceptm\/index.php?rest_route=\/wp\/v2\/users\/1"}],"replies":[{"embeddable":true,"href":"https:\/\/www.fie.undef.edu.ar\/ceptm\/index.php?rest_route=%2Fwp%2Fv2%2Fcomments&post=17711"}],"version-history":[{"count":1,"href":"https:\/\/www.fie.undef.edu.ar\/ceptm\/index.php?rest_route=\/wp\/v2\/posts\/17711\/revisions"}],"predecessor-version":[{"id":17715,"href":"https:\/\/www.fie.undef.edu.ar\/ceptm\/index.php?rest_route=\/wp\/v2\/posts\/17711\/revisions\/17715"}],"wp:featuredmedia":[{"embeddable":true,"href":"https:\/\/www.fie.undef.edu.ar\/ceptm\/index.php?rest_route=\/wp\/v2\/media\/17712"}],"wp:attachment":[{"href":"https:\/\/www.fie.undef.edu.ar\/ceptm\/index.php?rest_route=%2Fwp%2Fv2%2Fmedia&parent=17711"}],"wp:term":[{"taxonomy":"category","embeddable":true,"href":"https:\/\/www.fie.undef.edu.ar\/ceptm\/index.php?rest_route=%2Fwp%2Fv2%2Fcategories&post=17711"},{"taxonomy":"post_tag","embeddable":true,"href":"https:\/\/www.fie.undef.edu.ar\/ceptm\/index.php?rest_route=%2Fwp%2Fv2%2Ftags&post=17711"}],"curies":[{"name":"wp","href":"https:\/\/api.w.org\/{rel}","templated":true}]}}