{"id":17839,"date":"2025-12-01T07:59:27","date_gmt":"2025-12-01T10:59:27","guid":{"rendered":"https:\/\/www.fie.undef.edu.ar\/ceptm\/?p=17839"},"modified":"2025-12-01T07:59:27","modified_gmt":"2025-12-01T10:59:27","slug":"construyen-un-mega-puente-internacional-tendra-900-metros-y-unira-argentina-con-brasil","status":"publish","type":"post","link":"https:\/\/www.fie.undef.edu.ar\/ceptm\/?p=17839","title":{"rendered":"Construyen un mega puente internacional: tendr\u00e1 900 metros y unir\u00e1 Argentina con Brasil"},"content":{"rendered":"<p>El dise\u00f1o del puente se distingue por su modernidad y funcionalidad, pensado para soportar un alto flujo de tr\u00e1nsito internacional con est\u00e1ndares de seguridad avanzados. Las principales caracter\u00edsticas son: Longitud y ancho: 950 metros por 17,40 metros. Altura: 18 metros sobre el nivel del agua. Dos carriles para autos y camiones. Banquinas laterales: 2,5 metros. Se trata del puente San Javier\u2013Porto Xavier, que unir\u00e1 la ciudad misionera de San Javier con Porto Xavier, en el estado brasile\u00f1o de Rio Grande do Sul, atravesando el r\u00edo Uruguay. La construcci\u00f3n comenzar\u00e1 a mediados de 2026 y tendr\u00e1 un plazo estimado de 1.440 d\u00edas consecutivos, por lo que la inauguraci\u00f3n se prev\u00e9 para principios de 2030.<\/p>\n<hr \/>\n<p>El\u00a0<a title=\"https:\/\/www.cronista.com\/informacion-gral\/amplian-el-puente-mas-importante-de-la-ciudad-que-aliviara-el-trafico-y-terminara-con-los-embotellamientos\/\" href=\"https:\/\/www.cronista.com\/informacion-gral\/amplian-el-puente-mas-importante-de-la-ciudad-que-aliviara-el-trafico-y-terminara-con-los-embotellamientos\/\" target=\"_blank\" rel=\"noopener noreferrer\" data-t=\"{&quot;n&quot;:&quot;destination&quot;,&quot;t&quot;:13,&quot;a&quot;:&quot;click&quot;,&quot;b&quot;:1,&quot;c.t&quot;:7}\">puente<\/a>\u00a0San Javier\u2013Porto Xavier es parte del\u00a0<b>corredor bioce\u00e1nico<\/b>, una red estrat\u00e9gica que conectar\u00e1 el Oc\u00e9ano Atl\u00e1ntico con el Pac\u00edfico, atravesando Brasil, Argentina, Paraguay y Chile. Este\u00a0<a title=\"https:\/\/www.cronista.com\/informacion-gral\/arreglaran-un-puente-ferroviario-clave-que-une-dos-barrios-importantes-de-caba-y-se-restringira-el-transito\/\" href=\"https:\/\/www.cronista.com\/informacion-gral\/arreglaran-un-puente-ferroviario-clave-que-une-dos-barrios-importantes-de-caba-y-se-restringira-el-transito\/\" target=\"_blank\" rel=\"noopener noreferrer\" data-t=\"{&quot;n&quot;:&quot;destination&quot;,&quot;t&quot;:13,&quot;a&quot;:&quot;click&quot;,&quot;b&quot;:1,&quot;c.t&quot;:7}\">corredor<\/a>\u00a0permitir\u00e1 agilizar el transporte de mercanc\u00edas y personas, reduciendo costos log\u00edsticos y fortaleciendo la competitividad regional.<\/p>\n<p class=\"\" data-t=\"{&quot;n&quot;:&quot;blueLinks&quot;,&quot;t&quot;:13,&quot;a&quot;:&quot;click&quot;,&quot;b&quot;:76}\">El secretario de Turismo de Porto Xavier, Ovidio Kaiser, destac\u00f3 que la obra generar\u00e1 un\u00a0<b>impacto econ\u00f3mico inmediato<\/b>, con empresas interesadas en invertir en la zona y la creaci\u00f3n de empleo directo durante la\u00a0<a title=\"https:\/\/www.cronista.com\/informacion-gral\/construyen-el-tunel-mas-largo-de-america-latina-el-megaproyecto-tendra-casi-10-km-y-sera-el-orgullo-del-continente-2\/\" href=\"https:\/\/www.cronista.com\/informacion-gral\/construyen-el-tunel-mas-largo-de-america-latina-el-megaproyecto-tendra-casi-10-km-y-sera-el-orgullo-del-continente-2\/\" target=\"_blank\" rel=\"noopener noreferrer\" data-t=\"{&quot;n&quot;:&quot;destination&quot;,&quot;t&quot;:13,&quot;a&quot;:&quot;click&quot;,&quot;b&quot;:1,&quot;c.t&quot;:7}\">construcci\u00f3n<\/a>.<\/p>\n<p data-t=\"{&quot;n&quot;:&quot;blueLinks&quot;,&quot;t&quot;:13,&quot;a&quot;:&quot;click&quot;,&quot;b&quot;:76}\">La\u00a0<a title=\"https:\/\/www.cronista.com\/informacion-gral\/inauguraron-la-obra-mas-esperada-en-la-ruta-40-y-la-historica-carretera-cambia-para-siempre\/\" href=\"https:\/\/www.cronista.com\/informacion-gral\/inauguraron-la-obra-mas-esperada-en-la-ruta-40-y-la-historica-carretera-cambia-para-siempre\/\" target=\"_blank\" rel=\"noopener noreferrer\" data-t=\"{&quot;n&quot;:&quot;destination&quot;,&quot;t&quot;:13,&quot;a&quot;:&quot;click&quot;,&quot;b&quot;:1,&quot;c.t&quot;:7}\">obra<\/a>\u00a0ser\u00e1 financiada por el Gobierno Federal de Brasil, con una inversi\u00f3n superior a los\u00a0<b>214 millones de reales<\/b>. El proyecto se ejecutar\u00e1 bajo un r\u00e9gimen de contrataci\u00f3n integrada, que incluye desde las licencias ambientales hasta la desapropiaci\u00f3n de terrenos y garantiza la finalizaci\u00f3n completa del puente.<\/p>\n<p class=\"article-sub-heading\"><strong>Caracter\u00edsticas del mega puente internacional<\/strong><\/p>\n<p data-t=\"{&quot;n&quot;:&quot;blueLinks&quot;,&quot;t&quot;:13,&quot;a&quot;:&quot;click&quot;,&quot;b&quot;:76}\">El dise\u00f1o del puente se distingue por su\u00a0<b>modernidad y funcionalidad<\/b>, pensado para soportar un alto flujo de\u00a0<a title=\"https:\/\/www.cronista.com\/informacion-gral\/construyen-un-tunel-submarino-que-rompe-todos-los-records-123-km-y-viajes-a-253-kmh\/\" href=\"https:\/\/www.cronista.com\/informacion-gral\/construyen-un-tunel-submarino-que-rompe-todos-los-records-123-km-y-viajes-a-253-kmh\/\" target=\"_blank\" rel=\"noopener noreferrer\" data-t=\"{&quot;n&quot;:&quot;destination&quot;,&quot;t&quot;:13,&quot;a&quot;:&quot;click&quot;,&quot;b&quot;:1,&quot;c.t&quot;:7}\">tr\u00e1nsito internacional<\/a>\u00a0con est\u00e1ndares de seguridad avanzados. Las principales caracter\u00edsticas son:<\/p>\n<div class=\"article-list-slot\">\n<ul>\n<li data-t=\"{&quot;n&quot;:&quot;blueLinks&quot;,&quot;t&quot;:13,&quot;a&quot;:&quot;click&quot;,&quot;b&quot;:76}\"><b>Longitud<\/b>: 950 metros<\/li>\n<li data-t=\"{&quot;n&quot;:&quot;blueLinks&quot;,&quot;t&quot;:13,&quot;a&quot;:&quot;click&quot;,&quot;b&quot;:76}\"><b>Ancho<\/b>: 17,40 metros<\/li>\n<li data-t=\"{&quot;n&quot;:&quot;blueLinks&quot;,&quot;t&quot;:13,&quot;a&quot;:&quot;click&quot;,&quot;b&quot;:76}\"><b>Altura<\/b>: 18 metros sobre el nivel del agua<\/li>\n<li data-t=\"{&quot;n&quot;:&quot;blueLinks&quot;,&quot;t&quot;:13,&quot;a&quot;:&quot;click&quot;,&quot;b&quot;:76}\">Dos\u00a0<b>carriles\u00a0<\/b>para autos y camiones<\/li>\n<li data-t=\"{&quot;n&quot;:&quot;blueLinks&quot;,&quot;t&quot;:13,&quot;a&quot;:&quot;click&quot;,&quot;b&quot;:76}\"><b>Banquinas laterales<\/b>: 2,5 metros<\/li>\n<li data-t=\"{&quot;n&quot;:&quot;blueLinks&quot;,&quot;t&quot;:13,&quot;a&quot;:&quot;click&quot;,&quot;b&quot;:76}\"><b>Ciclov\u00eda<\/b>: 1,60 metros<\/li>\n<li data-t=\"{&quot;n&quot;:&quot;blueLinks&quot;,&quot;t&quot;:13,&quot;a&quot;:&quot;click&quot;,&quot;b&quot;:76}\"><b>Senda peatonal<\/b>: 1,20 metros<\/li>\n<li data-t=\"{&quot;n&quot;:&quot;blueLinks&quot;,&quot;t&quot;:13,&quot;a&quot;:&quot;click&quot;,&quot;b&quot;:76}\"><b>Tecnolog\u00eda<\/b>: iluminaci\u00f3n LED, monitoreo en tiempo real y barandas antivuelco<\/li>\n<\/ul>\n<figure id=\"attachment_17841\" aria-describedby=\"caption-attachment-17841\" style=\"width: 768px\" class=\"wp-caption aligncenter\"><img loading=\"lazy\" class=\"size-full wp-image-17841\" src=\"https:\/\/www.fie.undef.edu.ar\/ceptm\/wp-content\/uploads\/2025\/12\/AA1QnlGe.img_.jpg\" alt=\"\" width=\"768\" height=\"432\" srcset=\"https:\/\/www.fie.undef.edu.ar\/ceptm\/wp-content\/uploads\/2025\/12\/AA1QnlGe.img_.jpg 768w, https:\/\/www.fie.undef.edu.ar\/ceptm\/wp-content\/uploads\/2025\/12\/AA1QnlGe.img_-300x169.jpg 300w\" sizes=\"(max-width: 768px) 100vw, 768px\" \/><figcaption id=\"caption-attachment-17841\" class=\"wp-caption-text\">Construyen el puente m\u00e1s importante del continente y cambiar\u00e1 para siempre el comercio en Sudam\u00e9rica<\/figcaption><\/figure>\n<p class=\"article-sub-heading\"><strong>\u00bfCu\u00e1ndo es la fecha de inauguraci\u00f3n?<\/strong><\/p>\n<p data-t=\"{&quot;n&quot;:&quot;blueLinks&quot;,&quot;t&quot;:13,&quot;a&quot;:&quot;click&quot;,&quot;b&quot;:76}\">La obra se desarrollar\u00e1 en varias etapas. La fase preliminar, que incluye licencias ambientales y desapropiaci\u00f3n de terrenos, demandar\u00e1 cerca de un a\u00f1o. La construcci\u00f3n comenzar\u00e1 a mediados de 2026 y tendr\u00e1 un plazo estimado de 1.440 d\u00edas consecutivos, por lo que la inauguraci\u00f3n se prev\u00e9 para\u00a0<b>principios de 2030<\/b>.<\/p>\n<\/div>\n<p><strong>Fuente:<\/strong> <a href=\"https:\/\/www.msn.com\/es-ar\/noticias\/other\/construyen-un-mega-puente-internacional-tendr%C3%A1-900-metros-y-unir%C3%A1-argentina-con-brasil\/ar-AA1Rrw8N?ocid=msedgntp&amp;pc=U531&amp;cvid=692d64ab8c5e45bb9822d4df4be72f20&amp;ei=13\" target=\"_blank\" rel=\"noopener\"><em>https:\/\/www.msn.com<\/em><\/a><\/p>\n","protected":false},"excerpt":{"rendered":"<p>El dise\u00f1o del puente se distingue por su modernidad y funcionalidad, pensado para soportar un alto flujo de tr\u00e1nsito internacional con est\u00e1ndares de seguridad avanzados.&hellip; <\/p>\n","protected":false},"author":1,"featured_media":17840,"comment_status":"closed","ping_status":"closed","sticky":false,"template":"","format":"standard","meta":[],"categories":[35,28],"tags":[],"_links":{"self":[{"href":"https:\/\/www.fie.undef.edu.ar\/ceptm\/index.php?rest_route=\/wp\/v2\/posts\/17839"}],"collection":[{"href":"https:\/\/www.fie.undef.edu.ar\/ceptm\/index.php?rest_route=\/wp\/v2\/posts"}],"about":[{"href":"https:\/\/www.fie.undef.edu.ar\/ceptm\/index.php?rest_route=\/wp\/v2\/types\/post"}],"author":[{"embeddable":true,"href":"https:\/\/www.fie.undef.edu.ar\/ceptm\/index.php?rest_route=\/wp\/v2\/users\/1"}],"replies":[{"embeddable":true,"href":"https:\/\/www.fie.undef.edu.ar\/ceptm\/index.php?rest_route=%2Fwp%2Fv2%2Fcomments&post=17839"}],"version-history":[{"count":1,"href":"https:\/\/www.fie.undef.edu.ar\/ceptm\/index.php?rest_route=\/wp\/v2\/posts\/17839\/revisions"}],"predecessor-version":[{"id":17842,"href":"https:\/\/www.fie.undef.edu.ar\/ceptm\/index.php?rest_route=\/wp\/v2\/posts\/17839\/revisions\/17842"}],"wp:featuredmedia":[{"embeddable":true,"href":"https:\/\/www.fie.undef.edu.ar\/ceptm\/index.php?rest_route=\/wp\/v2\/media\/17840"}],"wp:attachment":[{"href":"https:\/\/www.fie.undef.edu.ar\/ceptm\/index.php?rest_route=%2Fwp%2Fv2%2Fmedia&parent=17839"}],"wp:term":[{"taxonomy":"category","embeddable":true,"href":"https:\/\/www.fie.undef.edu.ar\/ceptm\/index.php?rest_route=%2Fwp%2Fv2%2Fcategories&post=17839"},{"taxonomy":"post_tag","embeddable":true,"href":"https:\/\/www.fie.undef.edu.ar\/ceptm\/index.php?rest_route=%2Fwp%2Fv2%2Ftags&post=17839"}],"curies":[{"name":"wp","href":"https:\/\/api.w.org\/{rel}","templated":true}]}}