{"id":17856,"date":"2025-12-04T06:47:57","date_gmt":"2025-12-04T09:47:57","guid":{"rendered":"https:\/\/www.fie.undef.edu.ar\/ceptm\/?p=17856"},"modified":"2025-12-04T06:47:57","modified_gmt":"2025-12-04T09:47:57","slug":"el-dron-de-combate-turco-kizilelma-alcanza-un-objetivo-de-prueba-en-una-configuracion-totalmente-nacional","status":"publish","type":"post","link":"https:\/\/www.fie.undef.edu.ar\/ceptm\/?p=17856","title":{"rendered":"El dron de combate turco K\u0131z\u0131lelma alcanza un objetivo de prueba en una configuraci\u00f3n totalmente\u00a0 nacional"},"content":{"rendered":"<p>El quinto prototipo turco del avi\u00f3n no tripulado (UAV) K\u0131z\u0131lelma logr\u00f3 un impacto directo en un objetivo a\u00e9reo con un misil aire-aire m\u00e1s all\u00e1 del alcance visual, seg\u00fan un anuncio del fabricante Baykar y el Ministerio de Defensa de Turqu\u00eda. La prueba del 29Nov25, frente a la costa de Sinop en el Mar Negro, incluy\u00f3 el dron de ataque, equipado con sensores y electr\u00f3nica fabricados por Aselsan, y un misil aire-aire G\u00f6kdo\u011fan fabricado por T\u00dcB\u0130TAK SAGE,, ambas importantes empresas turcas que forman parte de la base Industrial de Defensa de ese pa\u00eds, seg\u00fan expresa el comunicado.<\/p>\n<hr \/>\n<p class=\"Paragraph-sc-1tqpf5s-0 bFwqVI body-paragraph body-paragraph\">ISTANBUL \u2014 Turkey\u2019s fifth prototype of the K\u0131z\u0131lelma unmanned aircraft scored a direct hit on an aerial target with a beyond-visual-range, air-to-air missile, according to an announcement by manufacturer Baykar and the Turkish Ministry of Defense.<\/p>\n<p class=\"Paragraph-sc-1tqpf5s-0 bFwqVI body-paragraph body-paragraph\">The Nov. 29 test, off the coast of Sinop in the Black Sea, included the strike drone, fitted with Aselsan-made sensors and electronics, and a T\u00dcB\u0130TAK SAGE-made G\u00f6kdo\u011fan air-to-air missile, according to the statement.<\/p>\n<p class=\"Paragraph-sc-1tqpf5s-0 bFwqVI body-paragraph body-paragraph\">It marked the first time that the jet-engined K\u0131z\u0131lelma has successfully engaged an aerial target beyond visual range.<\/p>\n<p class=\"Paragraph-sc-1tqpf5s-0 bFwqVI body-paragraph body-paragraph\">According to information shared by Baykar, five F-16 fighter jets departing from the 5th Main Jet Base Command in Merzifon flew in formation with K\u0131z\u0131lelma, demonstrating future air combat concepts through manned\u2013unmanned joint operations.<\/p>\n<p class=\"Paragraph-sc-1tqpf5s-0 bFwqVI body-paragraph body-paragraph\">Ankara-based defense analyst Arda Mevl\u00fcto\u011flu described the test as a milestone toward the Turkish government\u2019s ambitions to have sophisticated defense equipment made at home.<\/p>\n<p class=\"Paragraph-sc-1tqpf5s-0 bFwqVI body-paragraph body-paragraph\">Gen. Ziya Cemal Kad\u0131o\u011flu, commander of the Turkish Air Force, touted the event as heralding \u201ca new era in aviation history.\u201d<\/p>\n<p class=\"Paragraph-sc-1tqpf5s-0 bFwqVI body-paragraph body-paragraph\">\u201cAs the Commander of the Turkish Air Force, I believe we are witnessing a historic day, and when we look back in the future, everyone will better understand what this truly means.\u201d<\/p>\n<p><strong>Fuente:<\/strong> <a href=\"https:\/\/www.c4isrnet.com\/global\/europe\/2025\/12\/01\/turkeys-kizilelma-combat-drone-hits-test-target-in-all-turkish-setup\/\" target=\"_blank\" rel=\"noopener\"><em>https:\/\/www.c4isrnet.com<\/em><\/a><\/p>\n","protected":false},"excerpt":{"rendered":"<p>El quinto prototipo turco del avi\u00f3n no tripulado (UAV) K\u0131z\u0131lelma logr\u00f3 un impacto directo en un objetivo a\u00e9reo con un misil aire-aire m\u00e1s all\u00e1 del&hellip; <\/p>\n","protected":false},"author":1,"featured_media":17857,"comment_status":"closed","ping_status":"closed","sticky":false,"template":"","format":"standard","meta":[],"categories":[18,2,37],"tags":[],"_links":{"self":[{"href":"https:\/\/www.fie.undef.edu.ar\/ceptm\/index.php?rest_route=\/wp\/v2\/posts\/17856"}],"collection":[{"href":"https:\/\/www.fie.undef.edu.ar\/ceptm\/index.php?rest_route=\/wp\/v2\/posts"}],"about":[{"href":"https:\/\/www.fie.undef.edu.ar\/ceptm\/index.php?rest_route=\/wp\/v2\/types\/post"}],"author":[{"embeddable":true,"href":"https:\/\/www.fie.undef.edu.ar\/ceptm\/index.php?rest_route=\/wp\/v2\/users\/1"}],"replies":[{"embeddable":true,"href":"https:\/\/www.fie.undef.edu.ar\/ceptm\/index.php?rest_route=%2Fwp%2Fv2%2Fcomments&post=17856"}],"version-history":[{"count":1,"href":"https:\/\/www.fie.undef.edu.ar\/ceptm\/index.php?rest_route=\/wp\/v2\/posts\/17856\/revisions"}],"predecessor-version":[{"id":17858,"href":"https:\/\/www.fie.undef.edu.ar\/ceptm\/index.php?rest_route=\/wp\/v2\/posts\/17856\/revisions\/17858"}],"wp:featuredmedia":[{"embeddable":true,"href":"https:\/\/www.fie.undef.edu.ar\/ceptm\/index.php?rest_route=\/wp\/v2\/media\/17857"}],"wp:attachment":[{"href":"https:\/\/www.fie.undef.edu.ar\/ceptm\/index.php?rest_route=%2Fwp%2Fv2%2Fmedia&parent=17856"}],"wp:term":[{"taxonomy":"category","embeddable":true,"href":"https:\/\/www.fie.undef.edu.ar\/ceptm\/index.php?rest_route=%2Fwp%2Fv2%2Fcategories&post=17856"},{"taxonomy":"post_tag","embeddable":true,"href":"https:\/\/www.fie.undef.edu.ar\/ceptm\/index.php?rest_route=%2Fwp%2Fv2%2Ftags&post=17856"}],"curies":[{"name":"wp","href":"https:\/\/api.w.org\/{rel}","templated":true}]}}