{"id":17872,"date":"2025-12-10T07:47:42","date_gmt":"2025-12-10T10:47:42","guid":{"rendered":"https:\/\/www.fie.undef.edu.ar\/ceptm\/?p=17872"},"modified":"2025-12-10T07:47:42","modified_gmt":"2025-12-10T10:47:42","slug":"chernobil-no-pudo-detener-una-fuga-de-radiacion-tras-ataque-de-dron-ruso","status":"publish","type":"post","link":"https:\/\/www.fie.undef.edu.ar\/ceptm\/?p=17872","title":{"rendered":"Chern\u00f3bil no pudo detener una fuga de radiaci\u00f3n tras ataque de dron ruso"},"content":{"rendered":"<p>En febrero, un dron abri\u00f3 un agujero en la estructura de la cubierta exterior y provoc\u00f3 un breve incendio alrededor del reactor, que qued\u00f3 destruido en 1986 cuando la central explot\u00f3 y envi\u00f3 radiaci\u00f3n a toda Europa. Sigue siendo el peor accidente nuclear del mundo, en el que murieron 31 personas. Aunque se han llevado a cabo reparaciones, el emplazamiento requiere una \u201crestauraci\u00f3n integral\u201d para \u201cevitar una mayor degradaci\u00f3n y garantizar la seguridad nuclear a largo plazo\u201d, declar\u00f3 Grossi. Por el momento no han aumentado los niveles de radiaci\u00f3n en la regi\u00f3n de Kyiv, seg\u00fan el OIEA, ya que el ataque del avi\u00f3n no tripulado no rompi\u00f3 la carcasa de contenci\u00f3n interior de la planta. Cabe recordar que el escudo se construy\u00f3 en 2016 para evitar la emisi\u00f3n de material radiactivo a la atm\u00f3sfera debido a la cat\u00e1strofe. El \u00faltimo reactor en operaci\u00f3n de la central se cerr\u00f3 en 2000.<\/p>\n<hr \/>\n<p data-t=\"{&quot;n&quot;:&quot;blueLinks&quot;,&quot;t&quot;:13,&quot;a&quot;:&quot;click&quot;,&quot;b&quot;:76}\">El escudo protector de la\u00a0<a href=\"https:\/\/www.independentespanol.com\/tag\/planta-nuclear\" target=\"_blank\" rel=\"noopener\" data-t=\"{&quot;n&quot;:&quot;destination&quot;,&quot;t&quot;:13,&quot;a&quot;:&quot;click&quot;,&quot;b&quot;:1,&quot;c.t&quot;:7}\">planta nuclear<\/a>\u00a0de\u00a0<a href=\"https:\/\/www.independentespanol.com\/tag\/chernobil\" target=\"_blank\" rel=\"noopener\" data-t=\"{&quot;n&quot;:&quot;destination&quot;,&quot;t&quot;:13,&quot;a&quot;:&quot;click&quot;,&quot;b&quot;:1,&quot;c.t&quot;:7}\">Chern\u00f3bil<\/a>\u00a0ya no puede contener material radiactivo debido a los da\u00f1os que caus\u00f3 un ataque con drones a principios de a\u00f1o, seg\u00fan advirti\u00f3 el organismo de control nuclear de la ONU.<\/p>\n<p data-t=\"{&quot;n&quot;:&quot;blueLinks&quot;,&quot;t&quot;:13,&quot;a&quot;:&quot;click&quot;,&quot;b&quot;:76}\">En febrero, la central fue da\u00f1ada por un dron armado con una ojiva, que perfor\u00f3 la cubierta exterior, la cual ayudaba a evitar fugas de radiaci\u00f3n del reactor n\u00famero cuatro de Chern\u00f3bil.\u00a0<a href=\"https:\/\/www.independentespanol.com\/tag\/ucrania\" target=\"_blank\" rel=\"noopener\" data-t=\"{&quot;n&quot;:&quot;destination&quot;,&quot;t&quot;:13,&quot;a&quot;:&quot;click&quot;,&quot;b&quot;:1,&quot;c.t&quot;:7}\">Ucrania<\/a>\u00a0afirm\u00f3 que\u00a0<a href=\"https:\/\/www.independentespanol.com\/tag\/rusia\" target=\"_blank\" rel=\"noopener\" data-t=\"{&quot;n&quot;:&quot;destination&quot;,&quot;t&quot;:13,&quot;a&quot;:&quot;click&quot;,&quot;b&quot;:1,&quot;c.t&quot;:7}\">Rusia<\/a>\u00a0estaba detr\u00e1s del ataque, pero el Kremlin neg\u00f3 su responsabilidad.<\/p>\n<p class=\"continue-read-break\" data-t=\"{&quot;n&quot;:&quot;blueLinks&quot;,&quot;t&quot;:13,&quot;a&quot;:&quot;click&quot;,&quot;b&quot;:76}\">Rafael Grossi, director del Organismo Internacional de la Energ\u00eda At\u00f3mica (OIEA), declar\u00f3 que una inspecci\u00f3n realizada la semana pasada determin\u00f3 que la estructura hab\u00eda \u201cperdido sus funciones primarias de seguridad, incluida la capacidad de confinamiento\u201d. No se han producido da\u00f1os permanentes en las estructuras portantes ni en los sistemas de vigilancia.<\/p>\n<p data-t=\"{&quot;n&quot;:&quot;blueLinks&quot;,&quot;t&quot;:13,&quot;a&quot;:&quot;click&quot;,&quot;b&quot;:76}\">Aunque se han llevado a cabo reparaciones, el emplazamiento requiere una \u201crestauraci\u00f3n integral\u201d para \u201cevitar una mayor degradaci\u00f3n y garantizar la seguridad nuclear a largo plazo\u201d, declar\u00f3 Grossi.<\/p>\n<p data-t=\"{&quot;n&quot;:&quot;blueLinks&quot;,&quot;t&quot;:13,&quot;a&quot;:&quot;click&quot;,&quot;b&quot;:76}\">En febrero, el dron abri\u00f3 un agujero en la estructura de la cubierta exterior y provoc\u00f3 brevemente un incendio alrededor del reactor, que qued\u00f3 destruido en 1986 cuando la central explot\u00f3 y envi\u00f3 radiaci\u00f3n a toda\u00a0<a href=\"https:\/\/www.independentespanol.com\/tag\/europa\" target=\"_blank\" rel=\"noopener\" data-t=\"{&quot;n&quot;:&quot;destination&quot;,&quot;t&quot;:13,&quot;a&quot;:&quot;click&quot;,&quot;b&quot;:1,&quot;c.t&quot;:7}\">Europa<\/a>. Sigue siendo el peor accidente nuclear del mundo, en el que murieron 31 personas.<\/p>\n<p data-t=\"{&quot;n&quot;:&quot;blueLinks&quot;,&quot;t&quot;:13,&quot;a&quot;:&quot;click&quot;,&quot;b&quot;:76}\">No han aumentado los niveles de radiaci\u00f3n en la planta cerrada de la regi\u00f3n de Kyiv, seg\u00fan el OIEA, ya que el ataque del avi\u00f3n no tripulado no rompi\u00f3 la carcasa de contenci\u00f3n interior de la planta.<\/p>\n<p data-t=\"{&quot;n&quot;:&quot;blueLinks&quot;,&quot;t&quot;:13,&quot;a&quot;:&quot;click&quot;,&quot;b&quot;:76}\">El escudo se construy\u00f3 en 2016 para evitar la emisi\u00f3n de material radiactivo a la atm\u00f3sfera debido a la cat\u00e1strofe de Chern\u00f3bil. El \u00faltimo reactor en operaci\u00f3n de la central se cerr\u00f3 en 2000.<\/p>\n<p data-t=\"{&quot;n&quot;:&quot;blueLinks&quot;,&quot;t&quot;:13,&quot;a&quot;:&quot;click&quot;,&quot;b&quot;:76}\">En las primeras semanas de su invasi\u00f3n de febrero de 2022, las fuerzas rusas ocuparon la planta y sus alrededores (que se encuentran a unos 130 km al norte de Kyiv) antes de retirarse del norte de Ucrania a finales de marzo.<\/p>\n<p data-t=\"{&quot;n&quot;:&quot;blueLinks&quot;,&quot;t&quot;:13,&quot;a&quot;:&quot;click&quot;,&quot;b&quot;:76}\">Las fuerzas rusas han sido acusadas por Ucrania y sus aliados europeos de actuar con imprudencia en torno a emplazamientos nucleares clave, entre ellos Chern\u00f3bil y Zaporizhzhia, que es la mayor central nuclear de Europa. Rusia la ha ocupado desde 2022.<\/p>\n<p data-t=\"{&quot;n&quot;:&quot;blueLinks&quot;,&quot;t&quot;:13,&quot;a&quot;:&quot;click&quot;,&quot;b&quot;:76}\">En su intervenci\u00f3n el s\u00e1bado en el Foro de Defensa Nacional Reagan, el enviado saliente de Donald Trump a Ucrania, Keith Kellogg, dijo que los esfuerzos para poner fin a la guerra depend\u00edan de las dos cuestiones pendientes del Donb\u00e1s y la central nuclear de Zaporizhzhia.<\/p>\n<p data-t=\"{&quot;n&quot;:&quot;blueLinks&quot;,&quot;t&quot;:13,&quot;a&quot;:&quot;click&quot;,&quot;b&quot;:76}\">La central de Zaporizhzhia, que no est\u00e1 en servicio, necesita energ\u00eda fiable para enfriar sus seis reactores apagados y el combustible gastado, a fin de evitar cualquier incidente nuclear catastr\u00f3fico.<\/p>\n<p><strong>Fuente:<\/strong> <a href=\"https:\/\/www.msn.com\/es-es\/noticias\/internacional\/chern%C3%B3bil-no-pudo-detener-fuga-de-radiaci%C3%B3n-tras-ataque-de-dron-ruso\/ar-AA1RWJIK?ocid=BingNewsSerp\" target=\"_blank\" rel=\"noopener\"><em>https:\/\/www.msn.com<\/em><\/a><\/p>\n","protected":false},"excerpt":{"rendered":"<p>En febrero, un dron abri\u00f3 un agujero en la estructura de la cubierta exterior y provoc\u00f3 un breve incendio alrededor del reactor, que qued\u00f3 destruido&hellip; <\/p>\n","protected":false},"author":1,"featured_media":17873,"comment_status":"closed","ping_status":"closed","sticky":false,"template":"","format":"standard","meta":[],"categories":[36,24],"tags":[],"_links":{"self":[{"href":"https:\/\/www.fie.undef.edu.ar\/ceptm\/index.php?rest_route=\/wp\/v2\/posts\/17872"}],"collection":[{"href":"https:\/\/www.fie.undef.edu.ar\/ceptm\/index.php?rest_route=\/wp\/v2\/posts"}],"about":[{"href":"https:\/\/www.fie.undef.edu.ar\/ceptm\/index.php?rest_route=\/wp\/v2\/types\/post"}],"author":[{"embeddable":true,"href":"https:\/\/www.fie.undef.edu.ar\/ceptm\/index.php?rest_route=\/wp\/v2\/users\/1"}],"replies":[{"embeddable":true,"href":"https:\/\/www.fie.undef.edu.ar\/ceptm\/index.php?rest_route=%2Fwp%2Fv2%2Fcomments&post=17872"}],"version-history":[{"count":1,"href":"https:\/\/www.fie.undef.edu.ar\/ceptm\/index.php?rest_route=\/wp\/v2\/posts\/17872\/revisions"}],"predecessor-version":[{"id":17874,"href":"https:\/\/www.fie.undef.edu.ar\/ceptm\/index.php?rest_route=\/wp\/v2\/posts\/17872\/revisions\/17874"}],"wp:featuredmedia":[{"embeddable":true,"href":"https:\/\/www.fie.undef.edu.ar\/ceptm\/index.php?rest_route=\/wp\/v2\/media\/17873"}],"wp:attachment":[{"href":"https:\/\/www.fie.undef.edu.ar\/ceptm\/index.php?rest_route=%2Fwp%2Fv2%2Fmedia&parent=17872"}],"wp:term":[{"taxonomy":"category","embeddable":true,"href":"https:\/\/www.fie.undef.edu.ar\/ceptm\/index.php?rest_route=%2Fwp%2Fv2%2Fcategories&post=17872"},{"taxonomy":"post_tag","embeddable":true,"href":"https:\/\/www.fie.undef.edu.ar\/ceptm\/index.php?rest_route=%2Fwp%2Fv2%2Ftags&post=17872"}],"curies":[{"name":"wp","href":"https:\/\/api.w.org\/{rel}","templated":true}]}}