{"id":18113,"date":"2026-01-23T06:38:43","date_gmt":"2026-01-23T09:38:43","guid":{"rendered":"https:\/\/www.fie.undef.edu.ar\/ceptm\/?p=18113"},"modified":"2026-01-23T06:38:43","modified_gmt":"2026-01-23T09:38:43","slug":"choques-de-trenes-de-alta-velocidad-espana-movilidad-alternativa","status":"publish","type":"post","link":"https:\/\/www.fie.undef.edu.ar\/ceptm\/?p=18113","title":{"rendered":"Choques de trenes de alta velocidad Espa\u00f1a, \u00bfmovilidad alternativa?\u00a0"},"content":{"rendered":"<p>Luego del choque de trenes ocurrido el domingo en Adamuz, Espa\u00f1a, que ascendi\u00f3 a 42 personas fallecidas , se han producido otros dos accidentes. Cerrado con un mensaje a medianoche y sin plan alternativo, es lo que se han encontrado las 400.000 personas que a diario toman uno de los trenes de Rodalies en Catalu\u00f1a. El sistema ferroviario se ha detenido por completo despu\u00e9s de que se produjera\u00a0un accidente en Gelida (Barcelona)\u00a0en el que ha muerto un maquinista en pr\u00e1cticas y un segundo tren ha descarrilado, este sin consecuencias, entre las estaciones de Blanes y Ma\u00e7anet (Girona).<\/p>\n<hr \/>\n<p data-mrf-recirculation=\"Article links\"><strong>\u00bfQu\u00e9 ha sucedido?<\/strong>\u00a0Ayer por la noche, Rodalies Catalunya informaba que un tren en la l\u00ednea R4 de Rodalies en Barcelona hab\u00eda sufrido un accidente. En \u00e9l, todo indica, se precipit\u00f3 un muro de contenci\u00f3n sobre el tren cuando \u00e9ste pasaba. En el impacto\u00a0<a href=\"https:\/\/elpais.com\/espana\/catalunya\/2026-01-20\/varios-heridos-por-la-caia-de-un-muro-sobre-un-convoy-de-rodalies-en-gelida-barcelona.html\" target=\"_blank\" rel=\"noopener, noreferrer noopener\" data-mrf-link=\"https:\/\/elpais.com\/espana\/catalunya\/2026-01-20\/varios-heridos-por-la-caia-de-un-muro-sobre-un-convoy-de-rodalies-en-gelida-barcelona.html\">ha fallecido un maquinista en pr\u00e1cticas de 28 a\u00f1os de edad<\/a>\u00a0y se han registrado 37 heridos, de los cuales cinco se encuentran en estado de gravedad.<\/p>\n<p data-mrf-recirculation=\"Article links\">Adem\u00e1s, entre las estaciones de Blanes y Ma\u00e7anet (Girona),\u00a0<a href=\"https:\/\/rodalies.gencat.cat\/es\/detalls\/article\/01_20_Incidencia\" target=\"_blank\" rel=\"noopener, noreferrer noopener\" data-mrf-link=\"https:\/\/rodalies.gencat.cat\/es\/detalls\/article\/01_20_Incidencia\">unas horas antes otro tren hab\u00eda descarrilado<\/a>. Esta vez como consecuencia de un desprendimiento que dej\u00f3 unas rocas en la v\u00eda. En este caso no ha habido que lamentar v\u00edctimas en un tren en el que solo circulaban 10 personas.<\/p>\n<p data-mrf-recirculation=\"Article links\"><strong>Se cierra Rodalies<\/strong>. A unos minutos de la media noche, Adif confirmaba que todas las l\u00edneas de Rodalies en Catalu\u00f1a quedaban suspendidas hasta que se comprobara el estado de todas las l\u00edneas pero aseguraba que, cuando se comprobara que no hab\u00eda obst\u00e1culos en las v\u00edas, el servicio ser\u00eda restablecido.<\/p>\n<p data-mrf-recirculation=\"Article links\">Esta ma\u00f1ana, los trenes no han salido de cocheras.\u00a0<a href=\"https:\/\/x.com\/rodalies\/status\/2013882803771851258\" target=\"_blank\" rel=\"noopener, noreferrer noopener\" data-mrf-link=\"https:\/\/x.com\/rodalies\/status\/2013882803771851258\">Rodalies confirmaba<\/a>\u00a0que el servicio de trenes se mantendr\u00e1 suspendido hasta que Adif compruebe el estado de todas las v\u00edas. Rodalies apunta a los da\u00f1os producidos por el temporal Harry, que ha dejado intensas lluvias en Catalu\u00f1a e, incluso, se ha avisado de inundaciones.<\/p>\n<p data-mrf-recirculation=\"Article links\">El par\u00f3n tambi\u00e9n llega despu\u00e9s de que SEMAF (Sindicato Espa\u00f1ol de Maquinistas Ferroviarios)\u00a0<a href=\"https:\/\/www.semaf.org\/informaciones\/semaf-convoca-huelga-general\/\" target=\"_blank\" rel=\"noopener, noreferrer noopener\" data-mrf-link=\"https:\/\/www.semaf.org\/informaciones\/semaf-convoca-huelga-general\/\">lanzara un comunicado<\/a>\u00a0adelantando que van a convocar una huelga general en el sector y que parar\u00edan el servicio si nos se garantizaba la seguridad en toda la red catalana.<\/p>\n<p data-mrf-recirculation=\"Article links\"><strong>400.000 personas<\/strong>.\u00a0A diario, en Catalu\u00f1a se mueven alrededor de 400.000 personas en el servicio de Rodalies. Hoy, mi\u00e9rcoles 21 de enero, han conocido que\u00a0<a href=\"https:\/\/rodalies.gencat.cat\/es\/detalls\/article\/01_21_Interrump\" target=\"_blank\" rel=\"noopener, noreferrer noopener\" data-mrf-link=\"https:\/\/rodalies.gencat.cat\/es\/detalls\/article\/01_21_Interrump\">no hay trenes<\/a>\u00a0para llegar hasta su puesto de trabajo o dejar a los ni\u00f1os en el colegio. Pero, sobre todo, no hay un plan alternativo que supla a los trenes, por lo que los pasajeros tienen que buscarse sus propios medios para desplazarse.<\/p>\n<p data-mrf-recirculation=\"Article links\">Rodalies cuenta con 134 estaciones y sus 462,7 kil\u00f3metros de v\u00edas cubren el servicio de Cercan\u00edas m\u00e1s extenso de Espa\u00f1a. En total, est\u00e1 conformado por 13 l\u00edneas de Cercan\u00edas y 6 l\u00edneas de trenes regionales. El servicio de Cercan\u00edas de Barcelona, con seis l\u00edneas y dos ramificaciones (R2 Nord y R2 Sud), es el m\u00e1s extenso.<\/p>\n<p data-mrf-recirculation=\"Article links\"><strong>Un reto<\/strong>. La suspensi\u00f3n del servicio sin medidas alternativas anticipaba una jornada ca\u00f3tica en Catalu\u00f1a y, especialmente, en Barcelona. Y las previsiones se han cumplido. En\u00a0<a href=\"https:\/\/elpais.com\/espana\/catalunya\/2026-01-21\/cataluna-afronta-una-manana-de-miercoles-sin-trenes-de-rodalies-400000-usuarios-sin-alternativas.html\" target=\"_blank\" rel=\"noopener, noreferrer noopener\" data-mrf-link=\"https:\/\/elpais.com\/espana\/catalunya\/2026-01-21\/cataluna-afronta-una-manana-de-miercoles-sin-trenes-de-rodalies-400000-usuarios-sin-alternativas.html\"><em>El Pa\u00eds<\/em><\/a>\u00a0recogen que muchos pasajeros no eran conocedores de la medida cuando han llegado a las estaciones y que all\u00ed no se les ha ofrecido ninguna alternativa. En\u00a0<a href=\"https:\/\/www.lavanguardia.com\/local\/catalunya\/20260121\/11445018\/sants-amanece-rodalies-huelga-maquinistas-descarrilamientos-ayer.html\" target=\"_blank\" rel=\"noopener, noreferrer noopener\" data-mrf-link=\"https:\/\/www.lavanguardia.com\/local\/catalunya\/20260121\/11445018\/sants-amanece-rodalies-huelga-maquinistas-descarrilamientos-ayer.html\"><em>La Vanguardia<\/em><\/a>\u00a0recogen las quejas de los pasajeros a los que no se les est\u00e1 diciendo cu\u00e1ndo puede volver el servicio. Algunos de ellos, se\u00f1alan en el diario, han esperado durante una hora en las estaciones a trenes que nunca han llegado. No ha sido hasta las 7:00 cuando las estaciones se han cerrado definitivamente.<\/p>\n<p data-mrf-recirculation=\"Article links\">Desde primera hora de la ma\u00f1ana, los servicios de autob\u00fas est\u00e1n saturados en Barcelona. En\u00a0<a href=\"https:\/\/www.20minutos.es\/cataluna\/barcelona\/accidentes-tren-barcelona-ultima-hora-directo-las-consejeras-territorio-interior-se-han-desplazado-gelida_6923778_6.html\" target=\"_blank\" rel=\"noopener, noreferrer noopener\" data-mrf-link=\"https:\/\/www.20minutos.es\/cataluna\/barcelona\/accidentes-tren-barcelona-ultima-hora-directo-las-consejeras-territorio-interior-se-han-desplazado-gelida_6923778_6.html\"><em>20 Minutos<\/em><\/a>\u00a0recogen la voz de un conductor de Barcelona, quien asegura que &#8220;es un caos. De normal ya vamos siempre llenos, pero hoy a\u00fan m\u00e1s&#8221;. Ante las dificultades de los alumnos para llegar, la Universidad de Barcelona\u00a0<a href=\"https:\/\/web.ub.edu\/es\/\" target=\"_blank\" rel=\"noopener, noreferrer noopener\" data-mrf-link=\"https:\/\/web.ub.edu\/es\/\">ha cancelado todos los ex\u00e1menes<\/a>. El resto de universidades en Catalu\u00f1a\u00a0<a href=\"https:\/\/www.larazon.es\/cataluna\/caos-circulatorio-entradas-barcelona-corte-total-rodalies-cataluna_2026012169709f06f21351044da3e332.html\" target=\"_blank\" rel=\"noopener, noreferrer noopener\" data-mrf-link=\"https:\/\/www.larazon.es\/cataluna\/caos-circulatorio-entradas-barcelona-corte-total-rodalies-cataluna_2026012169709f06f21351044da3e332.html\">mantienen la actividad habitual<\/a>\u00a0aunque han pedido a los alumnos que no pueden desplazarse hasta un examen que se pongan en contacto con su profesor lo antes posible.<\/p>\n<p data-mrf-recirculation=\"Article links\">De momento,\u00a0<a href=\"https:\/\/x.com\/emergenciescat\/status\/2013881364257325082\" target=\"_blank\" rel=\"noopener, noreferrer noopener\" data-mrf-link=\"https:\/\/x.com\/emergenciescat\/status\/2013881364257325082\">la \u00fanica alternativa propuesta por la Generalitat<\/a> es la recomendaci\u00f3n de priorizar el teletrabajo all\u00ed donde se permita o sea posible.<\/p>\n<p data-mrf-recirculation=\"Article links\"><strong>Las carreteras<\/strong>. En las carreteras, Tr\u00e0nsit ha optado por\u00a0<a href=\"https:\/\/x.com\/transit\" target=\"_blank\" rel=\"noopener, noreferrer noopener\" data-mrf-link=\"https:\/\/x.com\/transit\">levantar las barreras de los peajes de la C-32 sur<\/a>\u00a0en ambos sentidos de la marcha. A la suspensi\u00f3n de Rodalies hay que sumar la\u00a0<a href=\"https:\/\/x.com\/transit\" target=\"_blank\" rel=\"noopener, noreferrer noopener\" data-mrf-link=\"https:\/\/x.com\/transit\/status\/2013904224401195052\">afectaci\u00f3n al tr\u00e1fico en quince carreteras<\/a>\u00a0(diez de ellas est\u00e1n cortadas por inundaciones o desprendimientos) como consecuencia del temporal que est\u00e1 azotando a la comunidad aut\u00f3noma.<\/p>\n<p data-mrf-recirculation=\"Article links\"><a href=\"https:\/\/x.com\/transit\" target=\"_blank\" rel=\"noopener, noreferrer noopener\" data-mrf-link=\"https:\/\/www.elperiodico.com\/es\/barcelona\/20260121\/caos-barcelona-descarrilamiento-rodalies-carreteras-buses-125907094\">En\u00a0<em>El Peri\u00f3dico<\/em>\u00a0<\/a>recogen que todos los accesos a Barcelona est\u00e1n atascados o lo han estado a primera hora de la ma\u00f1ana. Adem\u00e1s, diversos accidentes han complicado todav\u00eda m\u00e1s la circulaci\u00f3n.<\/p>\n<p><strong>Fuente: <\/strong><a href=\"https:\/\/www.xataka.com\/movilidad\/rodalies-cataluna-se-enfrenta-a-reto-atascos-buses-colapsados-400-000-personas-alternativa-planificada\" target=\"_blank\" rel=\"noopener\"><em>https:\/\/www.xataka.com<\/em><\/a><\/p>\n","protected":false},"excerpt":{"rendered":"<p>Luego del choque de trenes ocurrido el domingo en Adamuz, Espa\u00f1a, que ascendi\u00f3 a 42 personas fallecidas , se han producido otros dos accidentes. Cerrado&hellip; <\/p>\n","protected":false},"author":1,"featured_media":18114,"comment_status":"closed","ping_status":"closed","sticky":false,"template":"","format":"standard","meta":[],"categories":[36,28],"tags":[],"_links":{"self":[{"href":"https:\/\/www.fie.undef.edu.ar\/ceptm\/index.php?rest_route=\/wp\/v2\/posts\/18113"}],"collection":[{"href":"https:\/\/www.fie.undef.edu.ar\/ceptm\/index.php?rest_route=\/wp\/v2\/posts"}],"about":[{"href":"https:\/\/www.fie.undef.edu.ar\/ceptm\/index.php?rest_route=\/wp\/v2\/types\/post"}],"author":[{"embeddable":true,"href":"https:\/\/www.fie.undef.edu.ar\/ceptm\/index.php?rest_route=\/wp\/v2\/users\/1"}],"replies":[{"embeddable":true,"href":"https:\/\/www.fie.undef.edu.ar\/ceptm\/index.php?rest_route=%2Fwp%2Fv2%2Fcomments&post=18113"}],"version-history":[{"count":1,"href":"https:\/\/www.fie.undef.edu.ar\/ceptm\/index.php?rest_route=\/wp\/v2\/posts\/18113\/revisions"}],"predecessor-version":[{"id":18115,"href":"https:\/\/www.fie.undef.edu.ar\/ceptm\/index.php?rest_route=\/wp\/v2\/posts\/18113\/revisions\/18115"}],"wp:featuredmedia":[{"embeddable":true,"href":"https:\/\/www.fie.undef.edu.ar\/ceptm\/index.php?rest_route=\/wp\/v2\/media\/18114"}],"wp:attachment":[{"href":"https:\/\/www.fie.undef.edu.ar\/ceptm\/index.php?rest_route=%2Fwp%2Fv2%2Fmedia&parent=18113"}],"wp:term":[{"taxonomy":"category","embeddable":true,"href":"https:\/\/www.fie.undef.edu.ar\/ceptm\/index.php?rest_route=%2Fwp%2Fv2%2Fcategories&post=18113"},{"taxonomy":"post_tag","embeddable":true,"href":"https:\/\/www.fie.undef.edu.ar\/ceptm\/index.php?rest_route=%2Fwp%2Fv2%2Ftags&post=18113"}],"curies":[{"name":"wp","href":"https:\/\/api.w.org\/{rel}","templated":true}]}}