{"id":18116,"date":"2026-01-23T06:40:43","date_gmt":"2026-01-23T09:40:43","guid":{"rendered":"https:\/\/www.fie.undef.edu.ar\/ceptm\/?p=18116"},"modified":"2026-01-23T06:42:50","modified_gmt":"2026-01-23T09:42:50","slug":"__trashed-2","status":"publish","type":"post","link":"https:\/\/www.fie.undef.edu.ar\/ceptm\/?p=18116","title":{"rendered":"Daimler Truck y Arquus construir\u00e1n 7.000 camiones militares para Francia"},"content":{"rendered":"<p>Daimler Truck, junto a su socio Arquus, ha recibido un importante pedido del Ministerio de Defensa franc\u00e9s para suministrar 7.000 camiones militares. El contrato prev\u00e9 la entrega de los veh\u00edculos durante un periodo de m\u00e1s de diez a\u00f1os, seg\u00fan informaron las empresas el jueves. Se trata de una variante militar del Mercedes-Benz Zetros, adaptada por Arquus \u2014filial del gru\u00a0 po belga de ingenier\u00eda mec\u00e1nica John Cockerill\u2014 para responder a los requisitos del ej\u00e9rcito franc\u00e9s.<\/p>\n<hr \/>\n<p>Daimler Truck, junto a su socio Arquus, ha recibido un importante pedido del Ministerio de Defensa franc\u00e9s para suministrar 7.000 camiones militares.<\/p>\n<p>El contrato prev\u00e9 la entrega de los veh\u00edculos durante un periodo de m\u00e1s de diez a\u00f1os, seg\u00fan informaron las empresas el jueves. Se trata de una variante militar del Mercedes-Benz Zetros, adaptada por Arquus \u2014filial del grupo belga de ingenier\u00eda mec\u00e1nica John Cockerill\u2014 para responder a los requisitos del ej\u00e9rcito franc\u00e9s. Este programa de adquisici\u00f3n tiene como objetivo mejorar las capacidades log\u00edsticas de las fuerzas armadas francesas.<\/p>\n<p>Los veh\u00edculos base se fabricar\u00e1n en las plantas de Daimler Truck en W\u00f6rth y en la ciudad francesa de Molsheim, mientras que la militarizaci\u00f3n, como el montaje de cabinas blindadas, se realizar\u00e1 en las instalaciones francesas de Arquus. El cami\u00f3n t\u00e1ctico todoterreno, dise\u00f1ado para operaciones militares, tiene una carga \u00fatil de seis toneladas. Puede transportar tropas o material y adaptarse a distintos usos mediante la incorporaci\u00f3n de gr\u00faas o cabrestantes.<\/p>\n<p>Este programa es un ejemplo de lo que puede lograr la cooperaci\u00f3n europea, declar\u00f3 Daniel Zittel, director de ventas de veh\u00edculos de defensa en Daimler Truck. &#8220;Con ello, establecemos un referente para la futura colaboraci\u00f3n en el sector de la defensa&#8221;.<\/p>\n<p><strong>Fuente:<\/strong> <a href=\"https:\/\/es.marketscreener.com\/noticias\/daimler-truck-y-arquus-construir-n-7-000-camiones-militares-para-francia-ce7e58ded98bf223\" target=\"_blank\" rel=\"noopener\"><em>https:\/\/es.marketscreener.com<\/em><\/a><\/p>\n","protected":false},"excerpt":{"rendered":"<p>Daimler Truck, junto a su socio Arquus, ha recibido un importante pedido del Ministerio de Defensa franc\u00e9s para suministrar 7.000 camiones militares. El contrato prev\u00e9&hellip; <\/p>\n","protected":false},"author":1,"featured_media":18121,"comment_status":"closed","ping_status":"closed","sticky":false,"template":"","format":"standard","meta":[],"categories":[11,37],"tags":[],"_links":{"self":[{"href":"https:\/\/www.fie.undef.edu.ar\/ceptm\/index.php?rest_route=\/wp\/v2\/posts\/18116"}],"collection":[{"href":"https:\/\/www.fie.undef.edu.ar\/ceptm\/index.php?rest_route=\/wp\/v2\/posts"}],"about":[{"href":"https:\/\/www.fie.undef.edu.ar\/ceptm\/index.php?rest_route=\/wp\/v2\/types\/post"}],"author":[{"embeddable":true,"href":"https:\/\/www.fie.undef.edu.ar\/ceptm\/index.php?rest_route=\/wp\/v2\/users\/1"}],"replies":[{"embeddable":true,"href":"https:\/\/www.fie.undef.edu.ar\/ceptm\/index.php?rest_route=%2Fwp%2Fv2%2Fcomments&post=18116"}],"version-history":[{"count":2,"href":"https:\/\/www.fie.undef.edu.ar\/ceptm\/index.php?rest_route=\/wp\/v2\/posts\/18116\/revisions"}],"predecessor-version":[{"id":18122,"href":"https:\/\/www.fie.undef.edu.ar\/ceptm\/index.php?rest_route=\/wp\/v2\/posts\/18116\/revisions\/18122"}],"wp:featuredmedia":[{"embeddable":true,"href":"https:\/\/www.fie.undef.edu.ar\/ceptm\/index.php?rest_route=\/wp\/v2\/media\/18121"}],"wp:attachment":[{"href":"https:\/\/www.fie.undef.edu.ar\/ceptm\/index.php?rest_route=%2Fwp%2Fv2%2Fmedia&parent=18116"}],"wp:term":[{"taxonomy":"category","embeddable":true,"href":"https:\/\/www.fie.undef.edu.ar\/ceptm\/index.php?rest_route=%2Fwp%2Fv2%2Fcategories&post=18116"},{"taxonomy":"post_tag","embeddable":true,"href":"https:\/\/www.fie.undef.edu.ar\/ceptm\/index.php?rest_route=%2Fwp%2Fv2%2Ftags&post=18116"}],"curies":[{"name":"wp","href":"https:\/\/api.w.org\/{rel}","templated":true}]}}