{"id":18142,"date":"2026-01-24T07:01:35","date_gmt":"2026-01-24T10:01:35","guid":{"rendered":"https:\/\/www.fie.undef.edu.ar\/ceptm\/?p=18142"},"modified":"2026-01-24T07:01:35","modified_gmt":"2026-01-24T10:01:35","slug":"alerta-por-la-gripe-h3n2-se-detectaron-varios-casos-y-ya-hay-un-muerto-en-nuestro-pais","status":"publish","type":"post","link":"https:\/\/www.fie.undef.edu.ar\/ceptm\/?p=18142","title":{"rendered":"Alerta por la gripe H3N2: se detectaron varios casos y ya hay un muerto en nuestro pa\u00eds"},"content":{"rendered":"<p>La confirmaci\u00f3n de la primera muerte y el aumento de casos en varias provincias reavivan la atenci\u00f3n sobre esta variante viral. La gripe H3N2 es una de las variantes del virus de la influenza A que circulan cada a\u00f1o y suele asociarse a cuadros m\u00e1s intensos que otros tipos de gripe. El subclado K, identificado recientemente en Argentina, presenta una mutaci\u00f3n en la prote\u00edna hemaglutinina, que incrementa un 56% su capacidad de contagio respecto a temporadas previas, seg\u00fan la Organizaci\u00f3n Panamericana de la Salud (OPS).<\/p>\n<hr \/>\n<p>La confirmaci\u00f3n de la\u00a0<a title=\"https:\/\/www.infobae.com\/salud\/2026\/01\/20\/super-gripe-h3n2-en-argentina-ya-se-detectaron-28-casos-en-14-provincias\/\" href=\"https:\/\/www.infobae.com\/salud\/2026\/01\/20\/super-gripe-h3n2-en-argentina-ya-se-detectaron-28-casos-en-14-provincias\/\" target=\"_blank\" rel=\"noopener noreferrer\" data-mrf-link=\"https:\/\/www.infobae.com\/salud\/2026\/01\/20\/super-gripe-h3n2-en-argentina-ya-se-detectaron-28-casos-en-14-provincias\/\">primera muerte<\/a>\u00a0por<b>\u00a0gripe H3N2\u00a0<\/b><a title=\"https:\/\/www.infobae.com\/tag\/subclado-k\/\" href=\"https:\/\/www.infobae.com\/tag\/subclado-k\/\" target=\"_blank\" rel=\"noopener noreferrer\" data-mrf-link=\"https:\/\/www.infobae.com\/tag\/subclado-k\/\"><b>subclado K<\/b><\/a><b>\u00a0<\/b>en Mendoza encendi\u00f3 las alertas en el sistema sanitario argentino. Las autoridades mendocinas\u00a0<a title=\"https:\/\/www.infobae.com\/salud\/2026\/01\/20\/super-gripe-h3n2-en-argentina-ya-se-detectaron-28-casos-en-14-provincias\/\" href=\"https:\/\/www.infobae.com\/salud\/2026\/01\/20\/super-gripe-h3n2-en-argentina-ya-se-detectaron-28-casos-en-14-provincias\/\" target=\"_blank\" rel=\"noopener noreferrer\" data-mrf-link=\"https:\/\/www.infobae.com\/salud\/2026\/01\/20\/super-gripe-h3n2-en-argentina-ya-se-detectaron-28-casos-en-14-provincias\/\">informaron ayer\u00a0<\/a>el deceso de un hombre de 74 a\u00f1os que resid\u00eda en Espa\u00f1a y hab\u00eda llegado al pa\u00eds en diciembre.<\/p>\n<p class=\"paragraph\" data-mrf-recirculation=\"Links inline\">Adem\u00e1s, ya se notificaron casos en 14 provincias y la expansi\u00f3n territorial de la variante obligan a reforzar la informaci\u00f3n y las medidas de prevenci\u00f3n.<\/p>\n<p class=\"paragraph\" data-mrf-recirculation=\"Links inline\">Las autoridades y los especialistas insisten en<b>\u00a0la importancia de identificar los s\u00edntomas, mantener la vacunaci\u00f3n al d\u00eda y consultar precozmente<\/b>\u00a0ante cuadros sospechosos, especialmente en los grupos de mayor riesgo.<\/p>\n<p><strong>\u00bfQu\u00e9 es la gripe H3N2 y qu\u00e9 particularidades tiene el subclado K?<\/strong><\/p>\n<figure id=\"attachment_18144\" aria-describedby=\"caption-attachment-18144\" style=\"width: 992px\" class=\"wp-caption aligncenter\"><img loading=\"lazy\" class=\"size-full wp-image-18144\" src=\"https:\/\/www.fie.undef.edu.ar\/ceptm\/wp-content\/uploads\/2026\/01\/XVODS4BQINDFFDNDRNV54RKZWE.jpg\" alt=\"\" width=\"992\" height=\"661\" srcset=\"https:\/\/www.fie.undef.edu.ar\/ceptm\/wp-content\/uploads\/2026\/01\/XVODS4BQINDFFDNDRNV54RKZWE.jpg 992w, https:\/\/www.fie.undef.edu.ar\/ceptm\/wp-content\/uploads\/2026\/01\/XVODS4BQINDFFDNDRNV54RKZWE-300x200.jpg 300w, https:\/\/www.fie.undef.edu.ar\/ceptm\/wp-content\/uploads\/2026\/01\/XVODS4BQINDFFDNDRNV54RKZWE-768x512.jpg 768w\" sizes=\"(max-width: 992px) 100vw, 992px\" \/><figcaption id=\"caption-attachment-18144\" class=\"wp-caption-text\">El subclado K de la gripe H3N2 presenta una mayor capacidad de contagio respecto a temporadas anteriores (Europa Press)<\/figcaption><\/figure>\n<p class=\"paragraph\" data-mrf-recirculation=\"Links inline\">La\u00a0<b>gripe H3N2<\/b>\u00a0es una de las variantes del virus de la influenza A que circulan cada a\u00f1o y suele asociarse a cuadros m\u00e1s intensos que otros tipos de gripe.<\/p>\n<p class=\"paragraph\" data-mrf-recirculation=\"Links inline\"><b>El subclado K<\/b>, identificado recientemente en Argentina, presenta<b>\u00a0una mutaci\u00f3n en la prote\u00edna hemaglutinina<\/b>, que\u00a0<b>incrementa un 56% su capacidad de contagio<\/b>\u00a0respecto a temporadas previas, seg\u00fan la Organizaci\u00f3n Panamericana de la Salud (OPS).<\/p>\n<p class=\"paragraph\" data-mrf-recirculation=\"Links inline\"><b>Esta caracter\u00edstica favorece la r\u00e1pida diseminaci\u00f3n<\/b>, aun entre personas previamente vacunadas o con infecciones anteriores.<\/p>\n<p class=\"paragraph\" data-mrf-recirculation=\"Links inline\">En la \u00faltima semana, el Ministerio de Salud confirm\u00f3 28 casos de influenza A(H3N2) subclado K en 14 provincias, superando el 100% de aumento de contagios respecto al informe anterior. La expansi\u00f3n territorial alcanz\u00f3 a Buenos Aires, Ciudad Aut\u00f3noma de Buenos Aires, Chubut, C\u00f3rdoba, Corrientes, Entre R\u00edos, La Pampa, La Rioja, Mendoza, Neuqu\u00e9n, R\u00edo Negro, Santa Cruz, Santa Fe y Tierra del Fuego, reflejando una circulaci\u00f3n m\u00e1s amplia que la habitual para esta \u00e9poca del a\u00f1o.<\/p>\n<p class=\"paragraph\" data-mrf-recirculation=\"Links inline\">Los datos de\u00a0<b>Google Trends\u00a0<\/b>muestran que\u00a0<b>el inter\u00e9s por la gripe H3N2 viene en aumento sostenido en la Argentina durante el \u00faltimo mes, con picos marcados en los \u00faltimos d\u00edas.<\/b>\u00a0Las b\u00fasquedas vinculadas a \u201c<b>gripe H3N2 Argentina<\/b>\u201d, \u201c<b>s\u00edntomas gripe H3N2<\/b>\u201d y, especialmente, a la \u201c<b>vacuna gripe H3N2<\/b>\u201d registraron subas significativas, algunas superiores al 200%, lo que sugiere<b>\u00a0una creciente preocupaci\u00f3n de la poblaci\u00f3n frente al avance de los casos y una mayor demanda de informaci\u00f3n para la prevenci\u00f3n.<\/b>\u00a0El gr\u00e1fico de inter\u00e9s a lo largo del tiempo refleja adem\u00e1s repuntes abruptos, un patr\u00f3n habitual cuando se combinan circulaci\u00f3n viral, consultas m\u00e9dicas y cobertura medi\u00e1tica.<\/p>\n<figure id=\"attachment_18145\" aria-describedby=\"caption-attachment-18145\" style=\"width: 992px\" class=\"wp-caption aligncenter\"><img loading=\"lazy\" class=\"size-full wp-image-18145\" src=\"https:\/\/www.fie.undef.edu.ar\/ceptm\/wp-content\/uploads\/2026\/01\/V45BP3Q6FBF3XBPAZSRBQ7HYSU.jpg\" alt=\"\" width=\"992\" height=\"384\" srcset=\"https:\/\/www.fie.undef.edu.ar\/ceptm\/wp-content\/uploads\/2026\/01\/V45BP3Q6FBF3XBPAZSRBQ7HYSU.jpg 992w, https:\/\/www.fie.undef.edu.ar\/ceptm\/wp-content\/uploads\/2026\/01\/V45BP3Q6FBF3XBPAZSRBQ7HYSU-300x116.jpg 300w, https:\/\/www.fie.undef.edu.ar\/ceptm\/wp-content\/uploads\/2026\/01\/V45BP3Q6FBF3XBPAZSRBQ7HYSU-768x297.jpg 768w\" sizes=\"(max-width: 992px) 100vw, 992px\" \/><figcaption id=\"caption-attachment-18145\" class=\"wp-caption-text\">La curva de b\u00fasquedas del t\u00e9rmino &#8220;gripe H3N2&#8221; en Argentina durante los \u00faltimos 30 d\u00edas, seg\u00fan Google Trends.<\/figcaption><\/figure>\n<p>En paralelo, dentro de las\u00a0<b>tendencias actuales<\/b>, el t\u00e9rmino \u201c<b>super gripe H3N2<\/b>\u201d\u00a0<b>apareci\u00f3 entre las b\u00fasquedas m\u00e1s activas en las \u00faltimas horas en el pa\u00eds<\/b>, con un crecimiento cercano al 300%, coincidiendo con el conocimiento de la primera v\u00edctima fatal en Argentina. Esto indica no solo un aumento por la preocupaci\u00f3n por la circulaci\u00f3n del virus, sino tambi\u00e9n un\u00a0<b>cambio en el lenguaje de las consultas, asociado a cuadros percibidos como m\u00e1s intensos o prolongados<\/b>. Para los especialistas, este comportamiento digital suele anticipar mayor presi\u00f3n sobre el sistema de salud y refuerza la importancia de reconocer s\u00edntomas, completar esquemas de vacunaci\u00f3n y consultar de manera oportuna, especialmente en los grupos de riesgo.<\/p>\n<figure id=\"attachment_18146\" aria-describedby=\"caption-attachment-18146\" style=\"width: 992px\" class=\"wp-caption aligncenter\"><img loading=\"lazy\" class=\"size-full wp-image-18146\" src=\"https:\/\/www.fie.undef.edu.ar\/ceptm\/wp-content\/uploads\/2026\/01\/ASXMUMQUQJEKDAXCDDMR2VZEBY.jpg\" alt=\"\" width=\"992\" height=\"438\" srcset=\"https:\/\/www.fie.undef.edu.ar\/ceptm\/wp-content\/uploads\/2026\/01\/ASXMUMQUQJEKDAXCDDMR2VZEBY.jpg 992w, https:\/\/www.fie.undef.edu.ar\/ceptm\/wp-content\/uploads\/2026\/01\/ASXMUMQUQJEKDAXCDDMR2VZEBY-300x132.jpg 300w, https:\/\/www.fie.undef.edu.ar\/ceptm\/wp-content\/uploads\/2026\/01\/ASXMUMQUQJEKDAXCDDMR2VZEBY-768x339.jpg 768w\" sizes=\"(max-width: 992px) 100vw, 992px\" \/><figcaption id=\"caption-attachment-18146\" class=\"wp-caption-text\">&#8220;Super gripe H3N2&#8221; aparece como uno de los t\u00e9rminos activos m\u00e1s buscados este mi\u00e9rcoles, seg\u00fan Google Trends.<\/figcaption><\/figure>\n<p><strong>Cu\u00e1les son los s\u00edntomas de la gripe H3N2 y c\u00f3mo diferenciarlos de otros cuadros respiratorios<\/strong><\/p>\n<figure id=\"attachment_18147\" aria-describedby=\"caption-attachment-18147\" style=\"width: 992px\" class=\"wp-caption aligncenter\"><img loading=\"lazy\" class=\"size-full wp-image-18147\" src=\"https:\/\/www.fie.undef.edu.ar\/ceptm\/wp-content\/uploads\/2026\/01\/FB5JP7SMKFE7DMNKCJ65Y6FK6U.jpg\" alt=\"\" width=\"992\" height=\"558\" srcset=\"https:\/\/www.fie.undef.edu.ar\/ceptm\/wp-content\/uploads\/2026\/01\/FB5JP7SMKFE7DMNKCJ65Y6FK6U.jpg 992w, https:\/\/www.fie.undef.edu.ar\/ceptm\/wp-content\/uploads\/2026\/01\/FB5JP7SMKFE7DMNKCJ65Y6FK6U-300x169.jpg 300w, https:\/\/www.fie.undef.edu.ar\/ceptm\/wp-content\/uploads\/2026\/01\/FB5JP7SMKFE7DMNKCJ65Y6FK6U-768x432.jpg 768w\" sizes=\"(max-width: 992px) 100vw, 992px\" \/><figcaption id=\"caption-attachment-18147\" class=\"wp-caption-text\">Solo el 21% de los pacientes confirmados hab\u00eda recibido la vacuna antigripal, seg\u00fan datos oficiales (Freepik)<\/figcaption><\/figure>\n<p class=\"paragraph\" data-mrf-recirculation=\"Links inline\">Seg\u00fan advirti\u00f3 ante la consulta de\u00a0<b>Infobae<\/b>\u00a0el m\u00e9dico infect\u00f3logo\u00a0<b>Roberto Debbag<\/b>\u00a0(MN 60253), vicepresidente de la Sociedad Latinoamericana de Vacunolog\u00eda,<b>\u00a0\u201cel cuadro suele comenzar con tos persistente, seguida de congesti\u00f3n nasal y luego, entre las 24 y 48 horas, da paso a s\u00edntomas gripales cl\u00e1sicos como fiebre alta, decaimiento y molestias pulmonares\u201d.<\/b><\/p>\n<p class=\"paragraph\" data-mrf-recirculation=\"Links inline\">El especialista sostuvo que es fundamental prestar atenci\u00f3n a estos signos en los grupos de mayor riesgo, ya que pueden confundirse con otras infecciones respiratorias, como COVID-19.<\/p>\n<p class=\"paragraph\" data-mrf-recirculation=\"Links inline\">El cansancio extremo puede prolongarse incluso despu\u00e9s de que la fiebre cede.<\/p>\n<p class=\"paragraph\" data-mrf-recirculation=\"Links inline\">Ante la aparici\u00f3n de fiebre alta acompa\u00f1ada de decaimiento, dolores musculares y tos persistente, especialmente en personas de riesgo, se recomienda consultar al m\u00e9dico para un diagn\u00f3stico adecuado.<\/p>\n<p class=\"paragraph\" data-mrf-recirculation=\"Links inline\">Para Debbag,\u00a0<b>la consulta temprana ante fiebre elevada, cansancio intenso y dificultades respiratorias ayuda a evitar complicaciones y permite un diagn\u00f3stico oportuno.<\/b><\/p>\n<p class=\"header headline-class-h2 headline\"><strong>\u00bfQui\u00e9nes tienen mayor riesgo de complicaciones por gripe H3N2?<\/strong><\/p>\n<figure id=\"attachment_18148\" aria-describedby=\"caption-attachment-18148\" style=\"width: 992px\" class=\"wp-caption aligncenter\"><img loading=\"lazy\" class=\"size-full wp-image-18148\" src=\"https:\/\/www.fie.undef.edu.ar\/ceptm\/wp-content\/uploads\/2026\/01\/IWWSRJB2ZVFZ7DOWZBQSSFNVBU.jpg\" alt=\"\" width=\"992\" height=\"558\" srcset=\"https:\/\/www.fie.undef.edu.ar\/ceptm\/wp-content\/uploads\/2026\/01\/IWWSRJB2ZVFZ7DOWZBQSSFNVBU.jpg 992w, https:\/\/www.fie.undef.edu.ar\/ceptm\/wp-content\/uploads\/2026\/01\/IWWSRJB2ZVFZ7DOWZBQSSFNVBU-300x169.jpg 300w, https:\/\/www.fie.undef.edu.ar\/ceptm\/wp-content\/uploads\/2026\/01\/IWWSRJB2ZVFZ7DOWZBQSSFNVBU-768x432.jpg 768w\" sizes=\"(max-width: 992px) 100vw, 992px\" \/><figcaption id=\"caption-attachment-18148\" class=\"wp-caption-text\">Quienes presentan s\u00edntomas respiratorios deben evitar el contacto social hasta al menos 24 horas sin fiebre (Freepik)<\/figcaption><\/figure>\n<p class=\"paragraph\" data-mrf-recirculation=\"Links inline\">La mayor parte de los casos detectados en Argentina afecta a\u00a0<b>personas mayores de sesenta a\u00f1os y menores de diez<\/b>, dos grupos que presentan mayor vulnerabilidad ante la infecci\u00f3n. Entre los afectados, casi la mitad requiri\u00f3 internaci\u00f3n y solo el 21% hab\u00eda recibido la vacuna antigripal.<\/p>\n<p class=\"paragraph\" data-mrf-recirculation=\"Links inline\">Las\u00a0<b>condiciones cl\u00ednicas que aumentan el riesgo de cuadros graves<\/b>\u00a0incluyen enfermedades respiratorias o card\u00edacas cr\u00f3nicas, inmunodeficiencias, enfermedades oncohematol\u00f3gicas, trasplantes, diabetes, obesidad m\u00f3rbida e insuficiencia renal cr\u00f3nica, entre otras.<\/p>\n<p class=\"paragraph\" data-mrf-recirculation=\"Links inline\">Adem\u00e1s,\u00a0<a title=\"https:\/\/www.infobae.com\/salud\/ciencia\/2026\/01\/12\/quienes-tuvieron-covid-19-son-mas-vulnerables-al-virus-de-la-super-gripe-h3n2\/\" href=\"https:\/\/www.infobae.com\/salud\/ciencia\/2026\/01\/12\/quienes-tuvieron-covid-19-son-mas-vulnerables-al-virus-de-la-super-gripe-h3n2\/\" target=\"_blank\" rel=\"noopener noreferrer\" data-mrf-link=\"https:\/\/www.infobae.com\/salud\/ciencia\/2026\/01\/12\/quienes-tuvieron-covid-19-son-mas-vulnerables-al-virus-de-la-super-gripe-h3n2\/\">estudios recientes<\/a>\u00a0se\u00f1alan que\u00a0<b>quienes tuvieron COVID-19 pueden tener mayor susceptibilidad a infecciones respiratorias como la H3N2<\/b>, debido a alteraciones en la respuesta inmunitaria.<\/p>\n<p class=\"paragraph\" data-mrf-recirculation=\"Links inline\">En opini\u00f3n de\u00a0<b>Debbag<\/b>, \u201cel n\u00famero real de infecciones podr\u00eda ser considerablemente mayor que el reportado oficialmente\u201d, debido a la superposici\u00f3n de s\u00edntomas con otros virus respiratorios y al subregistro de casos leves.<\/p>\n<p class=\"header headline-class-h2 headline\"><strong>C\u00f3mo se previene la gripe H3N2 y qu\u00e9 medidas recomiendan las autoridades sanitarias<\/strong><\/p>\n<figure id=\"attachment_18149\" aria-describedby=\"caption-attachment-18149\" style=\"width: 992px\" class=\"wp-caption aligncenter\"><img loading=\"lazy\" class=\"size-full wp-image-18149\" src=\"https:\/\/www.fie.undef.edu.ar\/ceptm\/wp-content\/uploads\/2026\/01\/YHRUB43XN5BGHIEPMKCX6OD6VQ.jpg\" alt=\"\" width=\"992\" height=\"558\" srcset=\"https:\/\/www.fie.undef.edu.ar\/ceptm\/wp-content\/uploads\/2026\/01\/YHRUB43XN5BGHIEPMKCX6OD6VQ.jpg 992w, https:\/\/www.fie.undef.edu.ar\/ceptm\/wp-content\/uploads\/2026\/01\/YHRUB43XN5BGHIEPMKCX6OD6VQ-300x169.jpg 300w, https:\/\/www.fie.undef.edu.ar\/ceptm\/wp-content\/uploads\/2026\/01\/YHRUB43XN5BGHIEPMKCX6OD6VQ-768x432.jpg 768w\" sizes=\"(max-width: 992px) 100vw, 992px\" \/><figcaption id=\"caption-attachment-18149\" class=\"wp-caption-text\">El lavado frecuente de manos y la ventilaci\u00f3n de ambientes cerrados son medidas clave para prevenir el contagio (Freepik)<\/figcaption><\/figure>\n<p class=\"paragraph\" data-mrf-recirculation=\"Links inline\">La principal herramienta de prevenci\u00f3n es la\u00a0<b>vacunaci\u00f3n anual contra la influenza<\/b>. El Ministerio de Salud recomienda inmunizarse especialmente a los siguientes grupos: personal de salud, embarazadas en cualquier trimestre, pu\u00e9rperas hasta diez d\u00edas despu\u00e9s del parto si no se vacunaron durante el embarazo, ni\u00f1os de seis a 24 meses, personas de dos a 64 con factores de riesgo, mayores de 65 a\u00f1os y personal estrat\u00e9gico esencial para el funcionamiento del Estado.<\/p>\n<p class=\"paragraph\" data-mrf-recirculation=\"Links inline\">Otras medidas fundamentales incluyen el\u00a0<b>lavado frecuente de manos con agua y jab\u00f3n<\/b>, ventilar los ambientes cerrados, cubrirse la boca y la nariz con el pliegue del codo al toser o estornudar, no compartir objetos personales, limpiar y desinfectar superficies en contacto con personas enfermas y evitar el contacto cercano con personas con s\u00edntomas respiratorios.<\/p>\n<p class=\"paragraph\" data-mrf-recirculation=\"Links inline\"><b>Quienes presenten fiebre o malestar deben restringir el contacto social hasta al menos 24 horas despu\u00e9s de la desaparici\u00f3n de la fiebre, sin uso de antit\u00e9rmicos.<\/b><\/p>\n<p class=\"header headline-class-h2 headline\"><strong>\u00bfQu\u00e9 rol cumple el tratamiento antiviral y cu\u00e1ndo se indica?<\/strong><\/p>\n<figure id=\"attachment_18150\" aria-describedby=\"caption-attachment-18150\" style=\"width: 992px\" class=\"wp-caption aligncenter\"><img loading=\"lazy\" class=\"size-full wp-image-18150\" src=\"https:\/\/www.fie.undef.edu.ar\/ceptm\/wp-content\/uploads\/2026\/01\/WP3LN2QV4FAR7CFAOI2O4SSH4I.jpg\" alt=\"\" width=\"992\" height=\"556\" srcset=\"https:\/\/www.fie.undef.edu.ar\/ceptm\/wp-content\/uploads\/2026\/01\/WP3LN2QV4FAR7CFAOI2O4SSH4I.jpg 992w, https:\/\/www.fie.undef.edu.ar\/ceptm\/wp-content\/uploads\/2026\/01\/WP3LN2QV4FAR7CFAOI2O4SSH4I-300x168.jpg 300w, https:\/\/www.fie.undef.edu.ar\/ceptm\/wp-content\/uploads\/2026\/01\/WP3LN2QV4FAR7CFAOI2O4SSH4I-768x430.jpg 768w\" sizes=\"(max-width: 992px) 100vw, 992px\" \/><figcaption id=\"caption-attachment-18150\" class=\"wp-caption-text\">El antiviral oseltamivir se indica solo bajo prescripci\u00f3n m\u00e9dica y es m\u00e1s efectivo si se inicia dentro de las primeras 48 horas (Imagen Ilustrativa Infobae)<\/figcaption><\/figure>\n<p class=\"paragraph\" data-mrf-recirculation=\"Links inline\"><a title=\"https:\/\/www.infobae.com\/salud\/2025\/12\/23\/super-gripe-h3n2-en-argentina-cual-es-el-tratamiento-antiviral-que-puede-aliviar-los-sintomas\/\" href=\"https:\/\/www.infobae.com\/salud\/2025\/12\/23\/super-gripe-h3n2-en-argentina-cual-es-el-tratamiento-antiviral-que-puede-aliviar-los-sintomas\/\" target=\"_blank\" rel=\"noopener noreferrer\" data-mrf-link=\"https:\/\/www.infobae.com\/salud\/2025\/12\/23\/super-gripe-h3n2-en-argentina-cual-es-el-tratamiento-antiviral-que-puede-aliviar-los-sintomas\/\">El antiviral oseltamivir<\/a>\u00a0se utiliza como complemento de la vacunaci\u00f3n en pacientes con factores de riesgo o enfermedad grave.<\/p>\n<p class=\"paragraph\" data-mrf-recirculation=\"Links inline\"><b>Su mayor efectividad se observa cuando se administra en las primeras 48 horas desde el inicio de los s\u00edntomas<\/b>, aunque puede haber beneficios en casos graves aun si el tratamiento se inicia m\u00e1s tarde.<\/p>\n<p class=\"paragraph\" data-mrf-recirculation=\"Links inline\"><b>El uso de oseltamivir siempre debe responder a una indicaci\u00f3n m\u00e9dica precisa<\/b>. El empleo indiscriminado\u00a0<b>puede favorecer la aparici\u00f3n de resistencias virales y reducir la eficacia futura del medicamento.<\/b>\u00a0Ante s\u00edntomas intensos o persistentes, la consulta m\u00e9dica resulta indispensable para un diagn\u00f3stico y tratamiento adecuados.<\/p>\n<p class=\"header headline-class-h2 headline\"><strong>Preguntas frecuentes sobre la gripe H3N2<\/strong><\/p>\n<figure id=\"attachment_18151\" aria-describedby=\"caption-attachment-18151\" style=\"width: 992px\" class=\"wp-caption aligncenter\"><img loading=\"lazy\" class=\"size-full wp-image-18151\" src=\"https:\/\/www.fie.undef.edu.ar\/ceptm\/wp-content\/uploads\/2026\/01\/2YKGY7UCOFARDBNGTYBS47A2IY.jpg\" alt=\"\" width=\"992\" height=\"541\" srcset=\"https:\/\/www.fie.undef.edu.ar\/ceptm\/wp-content\/uploads\/2026\/01\/2YKGY7UCOFARDBNGTYBS47A2IY.jpg 992w, https:\/\/www.fie.undef.edu.ar\/ceptm\/wp-content\/uploads\/2026\/01\/2YKGY7UCOFARDBNGTYBS47A2IY-300x164.jpg 300w, https:\/\/www.fie.undef.edu.ar\/ceptm\/wp-content\/uploads\/2026\/01\/2YKGY7UCOFARDBNGTYBS47A2IY-768x419.jpg 768w\" sizes=\"(max-width: 992px) 100vw, 992px\" \/><figcaption id=\"caption-attachment-18151\" class=\"wp-caption-text\">La vacunaci\u00f3n anual contra la influenza es fundamental para los grupos de riesgo y personal de salud (Imagen Ilustrativa Infobae)<\/figcaption><\/figure>\n<p class=\"paragraph\" data-mrf-recirculation=\"Links inline\"><b>\u00bfPor qu\u00e9 se llama H3N2?<\/b>\u00a0El nombre hace referencia a las prote\u00ednas de la superficie del virus: H por hemaglutinina y N por neuraminidasa, diferenciando este subtipo de otros como H1N1.<\/p>\n<p class=\"paragraph\" data-mrf-recirculation=\"Links inline\"><b>\u00bfC\u00f3mo se transmite?<\/b>\u00a0Principalmente a trav\u00e9s de gotitas respiratorias expulsadas al hablar, toser o estornudar, y por contacto con superficies contaminadas seguido de contacto con mucosas.<\/p>\n<p class=\"paragraph\" data-mrf-recirculation=\"Links inline\"><b>\u00bfCu\u00e1ndo termina la temporada?<\/b>\u00a0El brote actual se espera que se extienda hasta marzo o abril, con posibilidad de nuevos picos fuera del invierno tradicional.<\/p>\n<p class=\"paragraph\" data-mrf-recirculation=\"Links inline\"><b>\u00bfQu\u00e9 hacer si convivo con una persona enferma?<\/b>\u00a0Evitar el contacto cercano, ventilar los ambientes y extremar las medidas de higiene. Usar mascarilla en espacios compartidos.<\/p>\n<p class=\"paragraph\" data-mrf-recirculation=\"Links inline\"><b>\u00bfLa gripe H3N2 puede afectar a quienes ya se vacunaron?<\/b>\u00a0S\u00ed, aunque la vacunaci\u00f3n reduce el riesgo de complicaciones graves y hospitalizaciones.<\/p>\n<p class=\"paragraph\" data-mrf-recirculation=\"Links inline\"><b>\u00bfQu\u00e9 hacer ante s\u00edntomas en menores o mayores?<\/b>\u00a0Consultar precozmente a un centro de salud, evitar la automedicaci\u00f3n y mantener reposo e hidrataci\u00f3n.<\/p>\n<p class=\"paragraph\" data-mrf-recirculation=\"Links inline\">La expansi\u00f3n de la gripe H3N2 subclado K en Argentina exige\u00a0<b>reforzar la prevenci\u00f3n, la consulta oportuna y el cuidado colectivo<\/b>. La vacunaci\u00f3n y las medidas de higiene siguen siendo las principales estrategias para reducir el impacto de la enfermedad, especialmente en los grupos m\u00e1s vulnerables.<\/p>\n<div class=\"visual__image\"><picture><source srcset=\"https:\/\/www.infobae.com\/resizer\/v2\/IWWSRJB2ZVFZ7DOWZBQSSFNVBU.jpg?auth=3ff965f9dfa9dcde88c2cc5d548ff5d430cae91e85a9b6f76e588ffcd23c722c&amp;smart=true&amp;width=992&amp;height=558&amp;quality=85\" media=\"(min-width: 1000px)\" \/><source srcset=\"https:\/\/www.infobae.com\/resizer\/v2\/IWWSRJB2ZVFZ7DOWZBQSSFNVBU.jpg?auth=3ff965f9dfa9dcde88c2cc5d548ff5d430cae91e85a9b6f76e588ffcd23c722c&amp;smart=true&amp;width=768&amp;height=432&amp;quality=85\" media=\"(min-width: 768px)\" \/><source srcset=\"https:\/\/www.infobae.com\/resizer\/v2\/IWWSRJB2ZVFZ7DOWZBQSSFNVBU.jpg?auth=3ff965f9dfa9dcde88c2cc5d548ff5d430cae91e85a9b6f76e588ffcd23c722c&amp;smart=true&amp;width=577&amp;height=325&amp;quality=85\" media=\"(min-width: 580px)\" \/><source srcset=\"https:\/\/www.infobae.com\/resizer\/v2\/IWWSRJB2ZVFZ7DOWZBQSSFNVBU.jpg?auth=3ff965f9dfa9dcde88c2cc5d548ff5d430cae91e85a9b6f76e588ffcd23c722c&amp;smart=true&amp;width=420&amp;height=236&amp;quality=85\" media=\"(min-width: 350px)\" \/><source srcset=\"https:\/\/www.infobae.com\/resizer\/v2\/IWWSRJB2ZVFZ7DOWZBQSSFNVBU.jpg?auth=3ff965f9dfa9dcde88c2cc5d548ff5d430cae91e85a9b6f76e588ffcd23c722c&amp;smart=true&amp;width=350&amp;height=197&amp;quality=85\" media=\"(min-width: 80px)\" \/><\/picture><\/div>\n<p><strong>Fuente: <\/strong><a href=\"https:\/\/www.infobae.com\/salud\/ciencia\/2026\/01\/21\/alerta-por-gripe-h3n2-cuales-son-los-sintomas-y-a-quienes-afecta-la-nueva-variante-en-argentina\/\" target=\"_blank\" rel=\"noopener\"><em>https:\/\/www.infobae.com<\/em><\/a><\/p>\n","protected":false},"excerpt":{"rendered":"<p>La confirmaci\u00f3n de la primera muerte y el aumento de casos en varias provincias reavivan la atenci\u00f3n sobre esta variante viral. La gripe H3N2 es&hellip; <\/p>\n","protected":false},"author":1,"featured_media":18143,"comment_status":"closed","ping_status":"closed","sticky":false,"template":"","format":"standard","meta":[],"categories":[36],"tags":[],"_links":{"self":[{"href":"https:\/\/www.fie.undef.edu.ar\/ceptm\/index.php?rest_route=\/wp\/v2\/posts\/18142"}],"collection":[{"href":"https:\/\/www.fie.undef.edu.ar\/ceptm\/index.php?rest_route=\/wp\/v2\/posts"}],"about":[{"href":"https:\/\/www.fie.undef.edu.ar\/ceptm\/index.php?rest_route=\/wp\/v2\/types\/post"}],"author":[{"embeddable":true,"href":"https:\/\/www.fie.undef.edu.ar\/ceptm\/index.php?rest_route=\/wp\/v2\/users\/1"}],"replies":[{"embeddable":true,"href":"https:\/\/www.fie.undef.edu.ar\/ceptm\/index.php?rest_route=%2Fwp%2Fv2%2Fcomments&post=18142"}],"version-history":[{"count":1,"href":"https:\/\/www.fie.undef.edu.ar\/ceptm\/index.php?rest_route=\/wp\/v2\/posts\/18142\/revisions"}],"predecessor-version":[{"id":18152,"href":"https:\/\/www.fie.undef.edu.ar\/ceptm\/index.php?rest_route=\/wp\/v2\/posts\/18142\/revisions\/18152"}],"wp:featuredmedia":[{"embeddable":true,"href":"https:\/\/www.fie.undef.edu.ar\/ceptm\/index.php?rest_route=\/wp\/v2\/media\/18143"}],"wp:attachment":[{"href":"https:\/\/www.fie.undef.edu.ar\/ceptm\/index.php?rest_route=%2Fwp%2Fv2%2Fmedia&parent=18142"}],"wp:term":[{"taxonomy":"category","embeddable":true,"href":"https:\/\/www.fie.undef.edu.ar\/ceptm\/index.php?rest_route=%2Fwp%2Fv2%2Fcategories&post=18142"},{"taxonomy":"post_tag","embeddable":true,"href":"https:\/\/www.fie.undef.edu.ar\/ceptm\/index.php?rest_route=%2Fwp%2Fv2%2Ftags&post=18142"}],"curies":[{"name":"wp","href":"https:\/\/api.w.org\/{rel}","templated":true}]}}