{"id":18641,"date":"2026-04-28T10:25:55","date_gmt":"2026-04-28T13:25:55","guid":{"rendered":"https:\/\/www.fie.undef.edu.ar\/ceptm\/?p=18641"},"modified":"2026-04-28T10:25:55","modified_gmt":"2026-04-28T13:25:55","slug":"que-es-el-super-nino-y-por-que-preocupa-a-cientificos-y-gobiernos","status":"publish","type":"post","link":"https:\/\/www.fie.undef.edu.ar\/ceptm\/?p=18641","title":{"rendered":"Que es el S\u00faper Ni\u00f1o y por qu\u00e9 preocupa a cient\u00edficos y gobiernos"},"content":{"rendered":"<p>Los servicios meteorol\u00f3gicos y centros de investigaci\u00f3n coinciden en que el Pac\u00edfico ecuatorial se est\u00e1 calentando de forma an\u00f3mala y acumulando una gran cantidad de energ\u00eda en sus capas superficiales y subsuperficiales. Aunque a\u00fan es pronto para fijar con exactitud la magnitud del evento, los expertos no descartan que este episodio rivalice con los m\u00e1s fuertes registrados desde mediados del siglo XX. En amplias zonas de Sudam\u00e9rica se suele observar un aumento significativo de las precipitaciones, con lluvias por encima de lo normal en regiones del centro y norte de pa\u00edses como Argentina, as\u00ed como en partes de Chile, Per\u00fa y Ecuador, dependiendo de la configuraci\u00f3n concreta del evento. Este incremento puede aliviar sequ\u00edas persistentes, pero tambi\u00e9n elevar el riesgo de anegamientos, crecidas de r\u00edos y da\u00f1os en infraestructuras rurales y urbanas.<\/p>\n<hr \/>\n<p>La comunidad cient\u00edfica internacional sigue con atenci\u00f3n la posible llegada de un\u00a0<strong>episodio de El Ni\u00f1o inusualmente intenso<\/strong>\u00a0en la segunda mitad de 2026, que algunos modelos ya apuntan podr\u00eda convertirse en un llamado\u00a0<a href=\"https:\/\/www.meteorologiaenred.com\/la-increible-fuerza-de-el-nino-godzilla.html\" target=\"_blank\" rel=\"noopener\">S\u00faper El Ni\u00f1o<\/a>. Este escenario, todav\u00eda rodeado de incertidumbre, despierta preocupaci\u00f3n por su capacidad para alterar el clima global y disparar fen\u00f3menos extremos en numerosos pa\u00edses.<\/p>\n<p>Los servicios meteorol\u00f3gicos y centros de investigaci\u00f3n coinciden en que el\u00a0<strong><a href=\"https:\/\/www.meteorologiaenred.com\/el-calentamiento-global-reconfigura-el-oceano-profundo-y-obliga-a-revisar-los-modelos-climaticos.html\" target=\"_blank\" rel=\"noopener\">Pac\u00edfico ecuatorial se est\u00e1 calentando<\/a>\u00a0de forma an\u00f3mala<\/strong>\u00a0y acumulando una gran cantidad de energ\u00eda en sus capas superficiales y subsuperficiales. Aunque a\u00fan es pronto para fijar con exactitud la magnitud del evento, los expertos no descartan que este episodio rivalice con los m\u00e1s fuertes registrados desde mediados del siglo XX.<\/p>\n<p><strong>Qu\u00e9 es El Ni\u00f1o y por qu\u00e9 un S\u00faper El Ni\u00f1o ser\u00eda diferente<\/strong><\/p>\n<p>El Ni\u00f1o forma parte del sistema conocido como\u00a0<strong><a href=\"https:\/\/www.meteorologiaenred.com\/el-nino.html\" target=\"_blank\" rel=\"noopener\">El Ni\u00f1o-Oscilaci\u00f3n del Sur (ENOS)<\/a><\/strong>, una interacci\u00f3n compleja entre oc\u00e9ano y atm\u00f3sfera en el Pac\u00edfico tropical. Se define, de forma general, cuando la temperatura media mensual de la superficie del mar en el Pac\u00edfico central se sit\u00faa al menos\u00a0<strong>0,5 \u00baC por encima de lo normal<\/strong>\u00a0y se prev\u00e9 que ese calentamiento se mantenga, como m\u00ednimo, durante tres meses consecutivos.<\/p>\n<p>Este fen\u00f3meno alterna con La Ni\u00f1a y con fases neutras.\u00a0<strong>La Ni\u00f1a tiende a enfriar<\/strong>\u00a0ligeramente la temperatura media del planeta y modifica los patrones de lluvias en varias regiones, mientras que El Ni\u00f1o hace justo lo contrario:\u00a0<strong>incrementa la temperatura global<\/strong>\u00a0y redistribuye la circulaci\u00f3n atmosf\u00e9rica, con efectos en cadena sobre tormentas, sequ\u00edas y olas de calor.<\/p>\n<p>Los cient\u00edficos clasifican los episodios de El Ni\u00f1o seg\u00fan la intensidad del calentamiento del Pac\u00edfico central. Se considera un evento\u00a0<strong>d\u00e9bil<\/strong>\u00a0cuando la anomal\u00eda va de 0,5 \u00baC a 0,9 \u00baC;\u00a0<strong>moderado<\/strong>, entre 1 \u00baC y 1,4 \u00baC; y\u00a0<strong>fuerte<\/strong>\u00a0cuando iguala o supera 1,5 \u00baC. La etiqueta oficiosa de S\u00faper El Ni\u00f1o se reserva para episodios excepcionales, como los de\u00a0<strong>1982-83 y 1997-98<\/strong>, en los que la temperatura del mar lleg\u00f3 a elevarse hasta alrededor de 3 \u00baC por encima del promedio en amplias zonas del Pac\u00edfico tropical.<\/p>\n<p>Este tipo de eventos muy intensos generan un sistema con\u00a0<strong><a href=\"https:\/\/www.meteorologiaenred.com\/se-descubre-la-razon-la-aparece-fenomeno-nino.html\" target=\"_blank\" rel=\"noopener\">mucha m\u00e1s energ\u00eda disponible<\/a><\/strong>, capaz de aumentar de forma notable la evaporaci\u00f3n, la formaci\u00f3n de nubes y las precipitaciones. Adem\u00e1s, pueden intensificar las olas de calor tanto en tierra como en el oc\u00e9ano, contribuyendo a que los a\u00f1os de El Ni\u00f1o suelan situarse entre los m\u00e1s c\u00e1lidos de las series de registros clim\u00e1ticos.<\/p>\n<p><strong>Qu\u00e9 est\u00e1n diciendo la NOAA y otros centros internacionales<\/strong><\/p>\n<p>En sus informes m\u00e1s recientes, la\u00a0<strong>Administraci\u00f3n Nacional Oce\u00e1nica y Atmosf\u00e9rica de Estados Unidos (NOAA)<\/strong>\u00a0ha se\u00f1alado que existe una probabilidad en torno al\u00a0<strong>60-62 % de que se forme un nuevo episodio de El Ni\u00f1o<\/strong>\u00a0durante el segundo semestre de 2026. La formaci\u00f3n se prev\u00e9, con mayor probabilidad, entre los meses de junio y agosto, con prolongaci\u00f3n posible hacia finales de a\u00f1o. Esta predicci\u00f3n coincide con an\u00e1lisis que apuntan a la posibilidad de que se\u00a0<a href=\"https:\/\/www.meteorologiaenred.com\/puede-haber-fenomeno-nino-la-segunda-mitad-ano.html\" target=\"_blank\" rel=\"noopener\">formarse un nuevo episodio de El Ni\u00f1o<\/a>\u00a0en la segunda mitad del a\u00f1o.<\/p>\n<p>El\u00a0<strong>Centro de Predicci\u00f3n Clim\u00e1tica de la NOAA<\/strong>\u00a0subraya, no obstante, que la intensidad potencial sigue siendo muy incierta. En sus proyecciones, se estima aproximadamente una\u00a0<strong>posibilidad de uno entre tres<\/strong>\u00a0de que el fen\u00f3meno alcance categor\u00eda fuerte entre octubre y diciembre de 2026, lo que plantea el escenario de un evento muy significativo, aunque todav\u00eda no garantiza que llegue al nivel de S\u00faper El Ni\u00f1o.<\/p>\n<p>Otros organismos de la regi\u00f3n del Pac\u00edfico, como el\u00a0<strong>Programa para el Estudio Regional del Fen\u00f3meno El Ni\u00f1o (Erfen)<\/strong>\u00a0y el\u00a0<strong>Estudio Nacional del Fen\u00f3meno El Ni\u00f1o de Per\u00fa (Enfen)<\/strong>, coinciden en que las condiciones del oc\u00e9ano apuntan a la consolidaci\u00f3n de El Ni\u00f1o en la segunda mitad del a\u00f1o. Destacan especialmente la gran cantidad de calor almacenado en el oc\u00e9ano subsuperficial y el\u00a0<strong>debilitamiento previsto de los vientos alisios<\/strong>, factores clave para el desarrollo del fen\u00f3meno.<\/p>\n<p>Seg\u00fan estas instituciones, la combinaci\u00f3n de un Pac\u00edfico tropical muy c\u00e1lido y cambios en los vientos de baja altura est\u00e1 generando\u00a0<strong>ondas Kelvin c\u00e1lidas<\/strong>\u00a0que se desplazan a lo largo del ecuador oce\u00e1nico desde el Pac\u00edfico central hacia el este. Estas ondas, que no se comportan como las olas que vemos en la costa, se mueven confinadas a la franja ecuatorial y transportan grandes vol\u00famenes de agua m\u00e1s caliente, favoreciendo el mantenimiento y la intensificaci\u00f3n del evento.<\/p>\n<p>La NOAA y otros centros tienen previsto publicar nuevas\u00a0<strong>actualizaciones de diagn\u00f3stico de ENOS<\/strong>\u00a0a lo largo de la primavera de 2026, con una cita clave en abril y otra en mayo, cuando los modelos estad\u00edsticos y din\u00e1micos suelen ganar precisi\u00f3n. Hasta entonces, los expertos piden cautela a la hora de hablar de un S\u00faper El Ni\u00f1o plenamente confirmado.<\/p>\n<p><strong>C\u00f3mo influye el calentamiento global en la frecuencia e intensidad de El Ni\u00f1o<\/strong><\/p>\n<p>Uno de los puntos que m\u00e1s inquietan a la comunidad cient\u00edfica es la posible interacci\u00f3n entre\u00a0<strong>El Ni\u00f1o y el calentamiento global de origen humano<\/strong>. Algunos estudios se\u00f1alan que el aumento continuo de la temperatura del planeta podr\u00eda estar reduciendo el tiempo necesario para que el Pac\u00edfico oriental recargue su \u00abbater\u00eda\u00bb de calor entre un evento y otro, lo que abrir\u00eda la puerta a episodios m\u00e1s frecuentes y, potencialmente, m\u00e1s intensos. La relaci\u00f3n entre\u00a0<a href=\"https:\/\/www.meteorologiaenred.com\/cumplimiento-del-acuerdo-paris-no-evitara-fenomeno-nino.html\" target=\"_blank\" rel=\"noopener\">calentamiento global<\/a>\u00a0y variabilidad de ENOS es objeto de estudio activo.<\/p>\n<p>De acuerdo con especialistas que monitorizan la regi\u00f3n del Pac\u00edfico, el fen\u00f3meno de El Ni\u00f1o, que antes aparec\u00eda aproximadamente\u00a0<strong>una vez por d\u00e9cada<\/strong>, se estar\u00eda presentando ahora cada dos o tres a\u00f1os. Aunque este cambio no se puede atribuir \u00fanicamente a las actividades humanas, el contexto de un planeta ya recalentado act\u00faa como un\u00a0<strong>amplificador de sus efectos<\/strong>, elevando a\u00fan m\u00e1s la temperatura media cuando se superpone un episodio c\u00e1lido intenso sobre una tendencia de fondo en aumento.<\/p>\n<p>Un episodio t\u00edpico de El Ni\u00f1o suele causar un incremento temporal de entre\u00a0<strong>0,1 y 0,2 \u00baC<\/strong>\u00a0en la temperatura media global. Puede parecer poco, pero son d\u00e9cimas que se suman a los cerca de 1,3-1,5 \u00baC de calentamiento ya acumulados desde la era preindustrial. Unido a un posible S\u00faper El Ni\u00f1o, esto podr\u00eda acercar a\u00fan m\u00e1s al planeta a umbrales cr\u00edticos de temperatura que la comunidad internacional intenta evitar.<\/p>\n<p>El calentamiento adicional tiene consecuencias directas sobre el ciclo hidrol\u00f3gico. Por cada grado de aumento en la temperatura del aire, la atm\u00f3sfera puede\u00a0<strong>retener alrededor de un 7 % m\u00e1s de vapor de agua<\/strong>. Esta mayor capacidad de carga se traduce, cuando las condiciones lo permiten, en lluvias m\u00e1s intensas y episodios de precipitaci\u00f3n extrema que pueden desencadenar inundaciones repentinas y deslizamientos de tierra.<\/p>\n<p>En paralelo, el calentamiento de la superficie del mar y del aire favorece la aparici\u00f3n de\u00a0<strong>olas de calor prolongadas<\/strong>, tanto en zonas tropicales como en latitudes medias. De ah\u00ed que los a\u00f1os marcados por un fuerte episodio de El Ni\u00f1o suelan figurar entre los m\u00e1s c\u00e1lidos de las series meteorol\u00f3gicas, con implicaciones para la salud humana, la agricultura, la demanda energ\u00e9tica y los ecosistemas naturales.<\/p>\n<p>La comunidad cient\u00edfica tambi\u00e9n presta atenci\u00f3n a los efectos sobre los oc\u00e9anos, donde se est\u00e1n registrando\u00a0<strong>extensas olas de calor marinas<\/strong>, es decir, periodos prolongados durante los cuales la temperatura de la superficie del mar se mantiene varios grados por encima de un umbral considerado extremo. Este tipo de episodios puede afectar a pesquer\u00edas, arrecifes de coral y otros ecosistemas marinos sensibles.<\/p>\n<p><strong>Impactos globales esperados de un posible S\u00faper El Ni\u00f1o<\/strong><\/p>\n<p>Aunque cada episodio de El Ni\u00f1o tiene sus particularidades, existe un patr\u00f3n general de\u00a0<strong>impactos clim\u00e1ticos regionales<\/strong>\u00a0que tienden a repetirse con cierta regularidad, modulados por otros factores como la circulaci\u00f3n atmosf\u00e9rica de gran escala o la variabilidad natural del clima.<\/p>\n<p>En amplias zonas de Sudam\u00e9rica se suele observar un aumento significativo de las precipitaciones, con\u00a0<strong><a href=\"https:\/\/www.meteorologiaenred.com\/fenomeno-el-nino-costero-que-es-como-evoluciona-y-por-que-preocupa-tanto.html\" target=\"_blank\" rel=\"noopener\">lluvias por encima de lo normal<\/a><\/strong>\u00a0en regiones del centro y norte de pa\u00edses como Argentina, as\u00ed como en partes de Chile, Per\u00fa y Ecuador, dependiendo de la configuraci\u00f3n concreta del evento. Este incremento puede aliviar sequ\u00edas persistentes, pero tambi\u00e9n elevar el riesgo de anegamientos, crecidas de r\u00edos y da\u00f1os en infraestructuras rurales y urbanas.<\/p>\n<p>En el caso concreto de \u00e1reas como el\u00a0<strong>centro y noreste argentino<\/strong>, las proyecciones apuntan a un marcado aumento de la lluvia, con el consiguiente\u00a0<a href=\"https:\/\/www.meteorologiaenred.com\/el-cambio-climatico-y-el-nino-causaran-hambruna-a-10-millones-de-personas.html\" target=\"_blank\" rel=\"noopener\">beneficio potencial para los cultivos<\/a>\u00a0en zonas que han sufrido estr\u00e9s h\u00eddrico en los \u00faltimos a\u00f1os. Sin embargo, un exceso de agua en periodos cortos puede complicar las labores agr\u00edcolas, provocar inundaciones en campos y caminos, y afectar a la ganader\u00eda y la log\u00edstica.<\/p>\n<p>Regiones pr\u00f3ximas a la cordillera andina podr\u00edan experimentar un\u00a0<strong>mayor n\u00famero de tormentas<\/strong>\u00a0y una mayor acumulaci\u00f3n de nieve en las zonas altas. Esto, en principio, podr\u00eda suponer una mejora de las reservas h\u00eddricas para los meses secos, aunque tambi\u00e9n aumenta la posibilidad de episodios intensos de precipitaci\u00f3n en forma de lluvia o nieve en intervalos de tiempo muy concentrados.<\/p>\n<p>En \u00e1reas tropicales, un S\u00faper El Ni\u00f1o tender\u00eda a reforzar las\u00a0<strong>olas de calor y las condiciones secas<\/strong>\u00a0en ciertas zonas, a la vez que incrementa el riesgo de incendios forestales donde coinciden altas temperaturas, baja humedad y vegetaci\u00f3n vulnerable. Esta combinaci\u00f3n, ya observada en episodios anteriores, amenaza tanto a la biodiversidad como a las comunidades que dependen de los recursos naturales. En contextos recientes se han observado casos de\u00a0<a href=\"https:\/\/www.meteorologiaenred.com\/estados-unidos-se-enfrenta-a-una-ola-de-calor-extrema-que-inquieta-a-cientificos-y-autoridades.html\" target=\"_blank\" rel=\"noopener\">reforzar las olas de calor<\/a>\u00a0con impactos severos sobre la salud y la infraestructura.<\/p>\n<p>La comunidad cient\u00edfica tambi\u00e9n presta atenci\u00f3n a los efectos sobre los oc\u00e9anos, donde se est\u00e1n registrando\u00a0<strong>extensas olas de calor marinas<\/strong>, es decir, periodos prolongados durante los cuales la temperatura de la superficie del mar se mantiene varios grados por encima de un umbral considerado extremo. Este tipo de episodios puede afectar a pesquer\u00edas, arrecifes de coral y otros ecosistemas marinos sensibles.<\/p>\n<p><strong>Por qu\u00e9 se habla ahora de un S\u00faper El Ni\u00f1o<\/strong><\/p>\n<p>El inter\u00e9s por un posible S\u00faper El Ni\u00f1o a finales de 2026 se dispar\u00f3 despu\u00e9s de que distintos medios internacionales recogieran\u00a0<strong>proyecciones del Centro Europeo de Previsiones Meteorol\u00f3gicas a Medio Plazo (ECMWF)<\/strong>. Seg\u00fan esos datos iniciales, el calentamiento del Pac\u00edfico tropical podr\u00eda alcanzar valores comparables a los mayores eventos registrados, lo que abri\u00f3 el debate sobre un escenario extremo.<\/p>\n<p>El t\u00e9rmino S\u00faper El Ni\u00f1o no es una categor\u00eda oficial, pero se utiliza de forma coloquial para describir episodios con anomal\u00edas muy acusadas, superiores a los 2,5-3 \u00baC en el Pac\u00edfico ecuatorial central y oriental.\u00a0<strong>Los a\u00f1os 1982-83 y 1997-98<\/strong>, a veces apodados \u00abNi\u00f1o Godzilla\u00bb o \u00abNi\u00f1o monstruoso\u00bb, son el referente hist\u00f3rico de este tipo de sucesos, por el nivel de calentamiento del mar y por la magnitud de los impactos asociados.<\/p>\n<p>En la primavera de 2026, los modelos num\u00e9ricos manejan a\u00fan un\u00a0<strong>margen amplio de incertidumbre<\/strong>. Los climat\u00f3logos recuerdan que las predicciones realizadas en esta \u00e9poca del a\u00f1o (lo que se conoce como \u00abbarrera de primavera\u00bb en la predicci\u00f3n de ENOS) pueden variar de forma notable a medida que avanza el calendario y se actualizan las observaciones del oc\u00e9ano y la atm\u00f3sfera.<\/p>\n<p>Expertos de distintas instituciones insisten en que, para confirmar un episodio de El Ni\u00f1o de car\u00e1cter excepcional, es imprescindible que el\u00a0<strong>Pac\u00edfico ecuatorial permanezca m\u00e1s c\u00e1lido de lo normal durante varios meses<\/strong>\u00a0y que exista una respuesta atmosf\u00e9rica clara, con cambios consistentes en los vientos y en los patrones de presi\u00f3n. Solo cuando ambas condiciones se mantienen de forma sostenida se considera plenamente establecido el fen\u00f3meno.<\/p>\n<p>Entre tanto, las agencias internacionales seguir\u00e1n haciendo\u00a0<strong>ensambles de modelos num\u00e9ricos y estad\u00edsticos<\/strong>\u00a0para actualizar las probabilidades de que se configure un El Ni\u00f1o d\u00e9bil, moderado, fuerte o extraordinario. El resultado de estos an\u00e1lisis ser\u00e1 determinante para que gobiernos y sectores econ\u00f3micos planifiquen medidas de prevenci\u00f3n y adaptaci\u00f3n.<\/p>\n<p><strong>Riesgos y preparativos ante un episodio muy intenso<\/strong><\/p>\n<p>La posibilidad de un S\u00faper El Ni\u00f1o en el horizonte ha llevado a m\u00faltiples pa\u00edses y organismos a replantearse sus\u00a0<strong>estrategias de gesti\u00f3n de riesgos clim\u00e1ticos<\/strong>. Aunque el foco de atenci\u00f3n se sit\u00faa especialmente en el cintur\u00f3n del Pac\u00edfico, los efectos de un evento fuerte pueden sentirse, de una forma u otra, en numerosos puntos del planeta. Por ello, muchas iniciativas revisan la\u00a0<a href=\"https:\/\/www.meteorologiaenred.com\/sequias-en-centroamerica-el-pma-se-adelanta-a-la-crisis-en-el-corredor-seco.html\" target=\"_blank\" rel=\"noopener\">gesti\u00f3n de riesgos clim\u00e1ticos<\/a>\u00a0y medidas de adaptaci\u00f3n.<\/p>\n<p>En regiones con antecedentes de inundaciones y deslizamientos de tierra asociados a episodios anteriores de El Ni\u00f1o, las autoridades eval\u00faan reforzar sistemas de\u00a0<strong>alerta temprana, infraestructuras de drenaje y planes de evacuaci\u00f3n<\/strong>. La experiencia de d\u00e9cadas pasadas ha mostrado que anticiparse a los impactos, aunque no se pueda clavar la intensidad exacta, reduce considerablemente los da\u00f1os materiales y las p\u00e9rdidas humanas.<\/p>\n<p>El sector agr\u00edcola, muy expuesto a los cambios bruscos de lluvia y temperatura, tambi\u00e9n se prepara para un posible escenario de\u00a0<strong>mayor variabilidad clim\u00e1tica<\/strong>. En zonas donde se esperan lluvias por encima de lo normal, pueden ser necesarias medidas para evitar encharcamientos prolongados y erosi\u00f3n del suelo, mientras que en \u00e1reas propensas a la sequ\u00eda se estudian alternativas de riego m\u00e1s eficientes y variedades de cultivos mejor adaptadas al estr\u00e9s h\u00eddrico.<\/p>\n<p>La previsi\u00f3n de olas de calor m\u00e1s intensas y frecuentes implica, a su vez, un\u00a0<strong>mayor consumo el\u00e9ctrico por refrigeraci\u00f3n<\/strong>, con presiones a\u00f1adidas sobre los sistemas energ\u00e9ticos. Planificar reservas, ajustar la gesti\u00f3n de redes y promover medidas de eficiencia puede ayudar a evitar sobrecargas y cortes de suministro en momentos cr\u00edticos.<\/p>\n<p>En el terreno sanitario, un episodio muy intenso de El Ni\u00f1o y las temperaturas excepcionalmente altas que suele acarrear se consideran un\u00a0<strong>\u00abdesastre silencioso\u00bb para la salud p\u00fablica<\/strong>. El aumento del calor y de la humedad relativa puede favorecer golpes de calor, problemas respiratorios y cardiovasculares, as\u00ed como la expansi\u00f3n de vectores de enfermedades en algunas regiones, lo que exige a los sistemas de salud estar preparados para picos de demanda asistencial.<\/p>\n<p>Con todo este contexto, la atenci\u00f3n est\u00e1 puesta ahora en la evoluci\u00f3n del Pac\u00edfico ecuatorial durante los pr\u00f3ximos meses. La\u00a0<strong>rapidez con la que se acumule y se libere el calor<\/strong>, el comportamiento de los vientos alisios y la interacci\u00f3n con otros patrones de variabilidad clim\u00e1tica ser\u00e1n determinantes para saber si el mundo se enfrenta a un episodio fuerte m\u00e1s o a un S\u00faper El Ni\u00f1o con impactos especialmente severos.<\/p>\n<p>El cuadro que dibujan los distintos organismos cient\u00edficos es el de un sistema clim\u00e1tico cada vez m\u00e1s tensionado, en el que\u00a0<strong>eventos naturales como El Ni\u00f1o se superponen a un calentamiento global ya en curso<\/strong>. En este escenario, la vigilancia constante, la mejora de los modelos de predicci\u00f3n y la preparaci\u00f3n anticipada de instituciones y ciudadanos se vuelven esenciales para mitigar da\u00f1os, proteger la vida y reducir, en lo posible, las consecuencias econ\u00f3micas y sociales de un fen\u00f3meno que, de confirmarse en su versi\u00f3n m\u00e1s intensa, volver\u00eda a poner a prueba la resiliencia del planeta.<\/p>\n<p><strong>Fuente:<\/strong> <a href=\"https:\/\/www.meteorologiaenred.com\/que-es-el-super-el-nino-y-por-que-preocupa-a-cientificos-y-gobiernos.html\" target=\"_blank\" rel=\"noopener\"><em>https:\/\/www.meteorologiaenred.com<\/em><\/a><\/p>\n","protected":false},"excerpt":{"rendered":"<p>Los servicios meteorol\u00f3gicos y centros de investigaci\u00f3n coinciden en que el Pac\u00edfico ecuatorial se est\u00e1 calentando de forma an\u00f3mala y acumulando una gran cantidad de&hellip; <\/p>\n","protected":false},"author":1,"featured_media":18642,"comment_status":"closed","ping_status":"closed","sticky":false,"template":"","format":"standard","meta":[],"categories":[36,35,28],"tags":[],"_links":{"self":[{"href":"https:\/\/www.fie.undef.edu.ar\/ceptm\/index.php?rest_route=\/wp\/v2\/posts\/18641"}],"collection":[{"href":"https:\/\/www.fie.undef.edu.ar\/ceptm\/index.php?rest_route=\/wp\/v2\/posts"}],"about":[{"href":"https:\/\/www.fie.undef.edu.ar\/ceptm\/index.php?rest_route=\/wp\/v2\/types\/post"}],"author":[{"embeddable":true,"href":"https:\/\/www.fie.undef.edu.ar\/ceptm\/index.php?rest_route=\/wp\/v2\/users\/1"}],"replies":[{"embeddable":true,"href":"https:\/\/www.fie.undef.edu.ar\/ceptm\/index.php?rest_route=%2Fwp%2Fv2%2Fcomments&post=18641"}],"version-history":[{"count":1,"href":"https:\/\/www.fie.undef.edu.ar\/ceptm\/index.php?rest_route=\/wp\/v2\/posts\/18641\/revisions"}],"predecessor-version":[{"id":18643,"href":"https:\/\/www.fie.undef.edu.ar\/ceptm\/index.php?rest_route=\/wp\/v2\/posts\/18641\/revisions\/18643"}],"wp:featuredmedia":[{"embeddable":true,"href":"https:\/\/www.fie.undef.edu.ar\/ceptm\/index.php?rest_route=\/wp\/v2\/media\/18642"}],"wp:attachment":[{"href":"https:\/\/www.fie.undef.edu.ar\/ceptm\/index.php?rest_route=%2Fwp%2Fv2%2Fmedia&parent=18641"}],"wp:term":[{"taxonomy":"category","embeddable":true,"href":"https:\/\/www.fie.undef.edu.ar\/ceptm\/index.php?rest_route=%2Fwp%2Fv2%2Fcategories&post=18641"},{"taxonomy":"post_tag","embeddable":true,"href":"https:\/\/www.fie.undef.edu.ar\/ceptm\/index.php?rest_route=%2Fwp%2Fv2%2Ftags&post=18641"}],"curies":[{"name":"wp","href":"https:\/\/api.w.org\/{rel}","templated":true}]}}