{"id":3221,"date":"2018-08-24T21:05:44","date_gmt":"2018-08-25T00:05:44","guid":{"rendered":"https:\/\/www.nachodelatorre.com.ar\/mosconi\/?p=3221"},"modified":"2018-08-24T21:05:44","modified_gmt":"2018-08-25T00:05:44","slug":"refugio-para-afectados-de-catastrofes-que-elogiaron-desde-el-papa-hasta-la-onu","status":"publish","type":"post","link":"https:\/\/www.fie.undef.edu.ar\/ceptm\/?p=3221","title":{"rendered":"Refugio para afectados de cat\u00e1strofes que elogiaron desde el Papa hasta la ONU"},"content":{"rendered":"<div id=\"m_8895711293856718500m_4694252359877354535yui_3_16_0_ym19_1_1535041178045_3836\">El a\u00f1o pasado un joven argentino en el marco del\u00a0 IX Congreso Regional de Tecnolog\u00eda de\u00a0<u><\/u>la Arquitectura<u><\/u>\u00a0present\u00f3 un novedoso sistema para alojar personas afectadas por una emergencia o cat\u00e1strofe. Ha merecido elogios en todo el orbe\u00a0 por su sencillez, confiabilidad, facilidades para el almacenamiento y transporte as\u00ed como por su r\u00e1pido armado.<\/div>\n<p><!--more--><\/p>\n<p><img loading=\"lazy\" class=\" alignright\" src=\"https:\/\/static.unosantafe.com.ar\/adjuntos\/204\/imagenes\/021\/275\/0021275166.jpg\" alt=\"Orgullo argentino: un refugio para afectados de cat\u00c3\u00a1strofes que elogiaron desde el Papa hasta la ONU\" width=\"443\" height=\"249\" \/>Seg\u00fan describe la propia web del proyecto, Cmax es un refugio de emergencia que provee una respuesta habitacional inmediata para los refugiados y afectados por cat\u00e1strofes naturales como tsunamis, ciclones, inundaciones, desplazamientos de tierra, terremotos, conflictos b\u00e9licos, pandemias y otros conflictos. El objetivo: dignificar la vida de aquellos que lo perdieron todo y mejorar su calidad de vida en los campos de refugiados.<\/p>\n<p>En el marco del IX Congreso Regional de Tecnolog\u00eda de la Arquitectura, que se realiz\u00f3 desde el mi\u00e9rcoles hasta el viernes en nuestra ciudad, el joven que ide\u00f3 Cmax, el dise\u00f1ador industrial Nicol\u00e1s Garc\u00eda Mayor, pas\u00f3 por Santa Fe y dialog\u00f3 con UNO sobre el invento que el a\u00f1o pr\u00f3ximo espera entrar en etapa de producci\u00f3n industrial.<\/p>\n<p><b>\u2014\u00bfC\u00f3mo surgi\u00f3 la idea de hacer un refugio de estas caracter\u00edsticas?<\/b><\/p>\n<p>\u2014Cuando hay una inundaci\u00f3n \u2013ejemplific\u00f3\u2013 se concentra la poblaci\u00f3n, los animales, las enfermedades, todo; con lo cual tambi\u00e9n el proceso de respuesta si no es adecuado, impacta peor que el desastre natural. En realidad, la idea es tratar de dar una soluci\u00f3n a estas situaciones. La gente queda sin lugar para vivir y generalmente se desplaza y se instala en una escuela o un club. Son lugares que no est\u00e1n previstos para que se desplace poblaci\u00f3n o que viva gente ah\u00ed. Entonces, la idea fue buscar una soluci\u00f3n que sea de f\u00e1cil armado, que se pueda trasladar f\u00e1cilmente, que ocupe poco espacio pero que otorgue un lugar digno, que est\u00e9 elevado del piso, entre otros puntos y m\u00e1s. Todos estos detalles fueron analizados y de alguna manera se les dio una respuesta desde el dise\u00f1o, la ingenier\u00eda y desde distintos \u00e1mbitos sociol\u00f3gicos. Porque el impacto de una persona que pierde todo, todo por lo que trabaj\u00f3 durante su vida, es un grave problema tambi\u00e9n. Entonces, todos estos puntos son en los que yo estuve trabajando durante mi per\u00edodo de alumno, hace ya unos cuantos a\u00f1os, y es lo que ya de adulto, despu\u00e9s de 17 a\u00f1os, estoy poniendo en marcha como una empresa y una fundaci\u00f3n para que sea una soluci\u00f3n a la crisis humanitaria m\u00e1s grande que tiene el planeta.<\/p>\n<p><b>\u2014\u00bfQu\u00e9 dimensiones tiene esa crisis humanitaria que atravesamos?<\/b><\/p>\n<p>\u2014En la actualidad, hay tres veces m\u00e1s desplazados de lo que gener\u00f3 la Segunda Guerra Mundial, estamos hablando de alrededor de 66 millones de personas refugiadas, alrededor de 150 millones de personas desplazadas, y a nivel de cambio clim\u00e1tico se est\u00e1 calculando para dentro de 30 a\u00f1os, una cantidad de 760 millones de personas desplazadas por el crecimiento de los oc\u00e9anos, y de pasar de 2 a 4 grados de temperatura del agua. O sea, tenemos procesos muy complicados a nivel ecol\u00f3gico, para los cuales se necesita tener una respuesta para estar preparados.<\/p>\n<p><b>\u2014\u00bfC\u00f3mo funciona esta soluci\u00f3n?<\/b><\/p>\n<p>\u2014Es una especie de elemento autoportante. Es una caja que se despliega en los laterales y genera un espacio habitacional para una familia de hasta 10 personas. En el momento de enviarlo es compacto, pero al momento de su uso se puede desplegar y generar un espacio habitacional con las condiciones b\u00e1sicas y dignas, para que esas personas puedan atravesar una etapa temporal. Tiene patas telesc\u00f3picas y un piso r\u00edgido que permite que est\u00e9 elevado del suelo. Generalmente en una inundaci\u00f3n el suelo est\u00e1 h\u00famedo y mojado, y darle dignidad en el cuidado de la salud tambi\u00e9n es uno de los temas importantes. No requiere ning\u00fan tipo de herramienta para su ensamblado. Todas caracter\u00edsticas que tiene que ver con una situaci\u00f3n de emergencia, que sea algo r\u00e1pido, simple, econ\u00f3mico.<\/p>\n<p><b>\u2014\u00bfC\u00f3mo fue el proceso desde que se te ocurri\u00f3 la idea hasta que lograste desarrollarlo?<\/b><\/p>\n<p>\u2014Largo, complejo, y sigue si\u00e9ndolo. Pero, bueno, es como se forman las cosas duraderas. Ninguna cosa que realmente valga la pena se hace de un d\u00eda para el otro. Tal vez en la cultura de hoy se vive buscando el fast food, el llame ya, el compre ya, el consuma hoy, pero creo que tambi\u00e9n nuestro pa\u00eds se ha formado con gente que ha luchado y sembrado \u00e1rboles que de alguna manera a nosotros hoy nos est\u00e1n dando sombra. Entonces, en ese sentido, no es ni m\u00e1s ni menos que la lucha de nuestros padres y abuelos que han luchado por vivir en una sociedad un poco mejor, un poco m\u00e1s justa. Y en ese sentido, no es f\u00e1cil nada, porque nada que realmente valga la pena se hace r\u00e1pido. Ah\u00ed est\u00e1 la elecci\u00f3n de cada uno, en qu\u00e9 decide gastar su tiempo de vida, si es en algo que valga la pena solamente para uno, o para otros.<\/p>\n<p><b>\u2014\u00bfCu\u00e1les son las diferencias con las usuales soluciones que se dan en estos casos?<\/b><\/p>\n<p>\u2014Hoy las soluciones en el mundo son, o llevar a toda la poblaci\u00f3n a lugares existentes, que son clubes, escuelas, centros de refugiados y que, por ejemplo, en el terremoto de Hait\u00ed eso no funcion\u00f3 porque se demoli\u00f3 todo. Es una de las cosas que pasaron tambi\u00e9n en el terremoto de Ecuador del a\u00f1o pasado, mucha gente volvi\u00f3 a su casa y qued\u00f3 aplastada por la ca\u00edda de muchas estructuras. O sea que ese tipo de soluciones, si bien funciona, no funciona para todos los tipos de desastres naturales. Despu\u00e9s est\u00e1n las carpas, las comunes que se usan para camping, y en algunos casos trailers, o algunos elementos r\u00edgidos, cuyo traslado es muy costoso, se deben manejar gr\u00faas y es muy complejo para una asistencia inmediata. Las carpas no dan una condici\u00f3n digna para vivir, en el sentido que en una inundaci\u00f3n no hay lugares secos, no hay lugar digno donde la gente pueda estar viviendo. Aparte de que muchas veces sigue lloviendo y siguen habiendo condiciones clim\u00e1ticas adversas. Recuerdo que cuando fue la inundaci\u00f3n de 2003 (a Santa Fe) se mandaron 30.000 tiendas de campa\u00f1a de Italia y no sirvieron para nada, porque estaban sobre el piso y eran realmente complejas de armar. Necesitaban herramientas, estacas y un mont\u00f3n de cosas. Toda la log\u00edstica y lo que est\u00e1 involucrado hay que tenerlo en cuenta, y en eso hace \u00e9nfasis esta soluci\u00f3n que propongo.<\/p>\n<p><b>\u2014\u00bfCu\u00e1l es el costo?<\/b><\/p>\n<p>\u2014Es muy relativo respecto a lo que sale hoy una tienda de campa\u00f1a. Estamos enfocados en costos accesibles, y en respuestas que puedan dar una soluci\u00f3n mejor a lo que hoy se tiene.<\/p>\n<p><b>\u2014\u00bfSe pudo aplicar en alg\u00fan lugar esta soluci\u00f3n?<\/b><\/p>\n<p>\u2014No, estamos trabajando en los testeos y tenemos la predicci\u00f3n, las ganas y la ansiedad de que salga lo antes posible, pero es probable que el a\u00f1o que viene estemos en producci\u00f3n a escala industrial. Llevan a\u00f1os los testeos, es como cuando se trabaja en un laboratorio para una vacuna, son procesos de pruebas y an\u00e1lisis en laboratorios que llevan a\u00f1os para que se pueda aplicar en la gente. En este caso, se involucra todo un proceso industrial, de matricer\u00eda y de inversiones millonarias que hay que hacer por un camino ordenado.<\/p>\n<p><b>\u2014\u00bfCu\u00e1l es el recorrido que has hecho con el proyecto?<\/b><\/p>\n<p>\u2014La idea tuvo una gran repercusi\u00f3n desde el momento en el que lo pude presentar en la Organizaci\u00f3n de las Naciones Unidas, y a partir de all\u00ed es como que se gener\u00f3 un impacto medi\u00e1tico y de inter\u00e9s en distintas partes del mundo. Hoy recibimos mediante la web y en la oficina llamados de Rusia, China y de todas partes, y esto tambi\u00e9n me dio a entender que realmente era una buena respuesta a esta problem\u00e1tica. Estamos trabajando muy de cerca con organizaciones muy prestigiosas como M\u00e9dicos Sin Fronteras, la Red Crescent (Cruz Roja en los Emiratos \u00c1rabes), con distintas oficinas de la ONU como la Agencia de Refugiados, Unicef y muchas agencias que est\u00e1n trabajando en temas humanitarios y que, de alguna manera, validan la soluci\u00f3n que se propuso en una universidad p\u00fablica argentina, por un alumno de 20 a\u00f1os que hoy ya es un hombre del doble de edad.<\/p>\n<p><b>\u2014Y lleg\u00f3 hasta el Papa, \u00bfqu\u00e9 te dijo Francisco cuando se lo presentaste?<\/b><\/p>\n<p>\u2014Tuve la posibilidad de estar invitado, present\u00e1ndoselo al Santo Padre, y primero me pregunt\u00f3 si estaba patentado (risas). Se nota que el Papa es argentino (m\u00e1s risas). Realmente le pareci\u00f3 bien, no ahondamos en detalles t\u00e9cnicos, pero s\u00ed en la misi\u00f3n de tratar de ayudar a la gente, de ayudar a dignificar la vida de las personas que est\u00e1n sufriendo. Claramente me felicit\u00f3 por eso y cada tanto me ha mandado alg\u00fan mensaje. Eso me da un aliento muy importante.<\/p>\n<p><b>\u2014\u00bfTe escribe \u00e9l personalmente?<\/b><\/p>\n<p>\u2014A trav\u00e9s de su secretario. Tenemos una cierta relaci\u00f3n y eso tambi\u00e9n mantiene encendida la llama de ese prop\u00f3sito que est\u00e1 enfocado en ayudar al pr\u00f3jimo. Hoy ya con la visi\u00f3n de una empresa que tiene que generar tambi\u00e9n lo necesario para que esto se multiplique a escala mundial. As\u00ed que la verdad que es un desaf\u00edo en muchos aspectos, legales, administrativos, t\u00e9cnicos, profesionales, personales y comunicacionales tambi\u00e9n. Por ahora estoy m\u00e1s que feliz en este proyecto, que m\u00e1s que nada yo lo llamo una misi\u00f3n.<\/p>\n<p><strong>Fuente:<\/strong>\u00a0<em><a href=\"https:\/\/www.unosantafe.com.ar\/informacion-general\/orgullo-argentino-un-refugio-afectados-catastrofes-que-elogiaron-el-papa-la-onu-n1453425.html#fotogaleria-id-1756308\" target=\"_blank\" rel=\"noopener noreferrer\">https:\/\/www.unosantafe.com.ar<\/a><\/em><\/p>\n","protected":false},"excerpt":{"rendered":"<p>El a\u00f1o pasado un joven argentino en el marco del\u00a0 IX Congreso Regional de Tecnolog\u00eda de\u00a0la Arquitectura\u00a0present\u00f3 un novedoso sistema para alojar personas afectadas por&hellip; <\/p>\n","protected":false},"author":1,"featured_media":0,"comment_status":"closed","ping_status":"closed","sticky":false,"template":"","format":"standard","meta":[],"categories":[36,29],"tags":[],"_links":{"self":[{"href":"https:\/\/www.fie.undef.edu.ar\/ceptm\/index.php?rest_route=\/wp\/v2\/posts\/3221"}],"collection":[{"href":"https:\/\/www.fie.undef.edu.ar\/ceptm\/index.php?rest_route=\/wp\/v2\/posts"}],"about":[{"href":"https:\/\/www.fie.undef.edu.ar\/ceptm\/index.php?rest_route=\/wp\/v2\/types\/post"}],"author":[{"embeddable":true,"href":"https:\/\/www.fie.undef.edu.ar\/ceptm\/index.php?rest_route=\/wp\/v2\/users\/1"}],"replies":[{"embeddable":true,"href":"https:\/\/www.fie.undef.edu.ar\/ceptm\/index.php?rest_route=%2Fwp%2Fv2%2Fcomments&post=3221"}],"version-history":[{"count":0,"href":"https:\/\/www.fie.undef.edu.ar\/ceptm\/index.php?rest_route=\/wp\/v2\/posts\/3221\/revisions"}],"wp:attachment":[{"href":"https:\/\/www.fie.undef.edu.ar\/ceptm\/index.php?rest_route=%2Fwp%2Fv2%2Fmedia&parent=3221"}],"wp:term":[{"taxonomy":"category","embeddable":true,"href":"https:\/\/www.fie.undef.edu.ar\/ceptm\/index.php?rest_route=%2Fwp%2Fv2%2Fcategories&post=3221"},{"taxonomy":"post_tag","embeddable":true,"href":"https:\/\/www.fie.undef.edu.ar\/ceptm\/index.php?rest_route=%2Fwp%2Fv2%2Ftags&post=3221"}],"curies":[{"name":"wp","href":"https:\/\/api.w.org\/{rel}","templated":true}]}}