{"id":3339,"date":"2018-10-03T14:12:35","date_gmt":"2018-10-03T17:12:35","guid":{"rendered":"https:\/\/www.nachodelatorre.com.ar\/mosconi\/?p=3339"},"modified":"2018-10-03T14:12:35","modified_gmt":"2018-10-03T17:12:35","slug":"limitar-el-calentamiento-global-esta-aun-a-nuestro-alcance-pero-solo-si-aumentamos-vertiginosamente-la-velocidad-de-las-acciones","status":"publish","type":"post","link":"https:\/\/www.fie.undef.edu.ar\/ceptm\/?p=3339","title":{"rendered":"Limitar el calentamiento global est\u00e1 a\u00fan a nuestro alcance, pero solo si aumentamos vertiginosamente la velocidad de las acciones"},"content":{"rendered":"<p style=\"font-weight: 400;\">La\u00a0<em>Cumbre de Acci\u00f3n Global del Clima<\/em>\u00a0reuni\u00f3 este septiembre en San Francisco a m\u00e1s de 4.000 representantes de regiones; ciudades; empresas, as\u00ed como a inversores y ciudadanos de todo el mundo para celebrar su liderazgo y su compromiso inquebrantable con los objetivos del\u00a0Acuerdo de Par\u00eds (el plan de acci\u00f3n mundial para limitar el calentamiento global a menos de dos grados cent\u00edgrados) Durante dos d\u00edas se sucedieron los anuncios de iniciativas altamente ambiciosas, impensables en diciembre de 2015.\u00a0<!--more--><\/p>\n<p><img loading=\"lazy\" class=\" alignright\" src=\"https:\/\/ep01.epimg.net\/elpais\/imagenes\/2018\/09\/19\/planeta_futuro\/1537355418_195316_1537359648_noticia_normal.jpg\" alt=\"La poluci\u00c3\u00b3n cubre el cielo de Pek\u00c3\u00adn (China).\" width=\"441\" height=\"294\" \/>La Cumbre de Acci\u00f3n Global del Clima reuni\u00f3 este septiembre en San Francisco a m\u00e1s de 4.000 representantes de regiones, ciudades, empresas, as\u00ed como a inversores y ciudadanos de todo el mundo para celebrar su liderazgo y su compromiso inquebrantable con los objetivos del\u00a0Acuerdo de Par\u00eds, el plan de acci\u00f3n mundial para limitar el calentamiento global a menos de dos grados cent\u00edgrados. Durante dos d\u00edas se sucedieron los anuncios de iniciativas altamente ambiciosas, impensables en diciembre de 2015.<\/p>\n<p>Los participantes y las comunidades representadas en la Cumbre alzaron la voz en un grito un\u00e1nime, y proclamaron que el modelo econ\u00f3mico y social actual, ligado al consumo intensivo de hidrocarburos, tiene los d\u00edas contados. Este mensaje se est\u00e1 materializando gracias a tres grandes fuerzas: la colaboraci\u00f3n de la clase empresarial y pol\u00edtica, apoyada por un fuerte compromiso ciudadano, la innovaci\u00f3n tecnol\u00f3gica y el acceso a financiaci\u00f3n.<\/p>\n<p>El sector privado desempe\u00f1a un papel crucial en la lucha contra el cambio clim\u00e1tico, no solo porque es responsable de un alto porcentaje de las emisiones globales, sino porque tiene la capacidad de desarrollar soluciones para limitarlas. Por eso es una gran noticia que m\u00e1s de\u00a0480\u00a0grandes\u00a0empresas\u00a0de 38 pa\u00edsesvayan a adaptar sus modelos de negocio a las directrices que la comunidad cient\u00edfica marca para cumplir con los objetivos del Acuerdo de Par\u00eds. Especialmente cuando, conjuntamente, estas empresas representan una capitalizaci\u00f3n burs\u00e1til de m\u00e1s de 10 billones de d\u00f3lares, equivalente a una octava parte de la suma de la capitalizaci\u00f3n burs\u00e1til global. Tambi\u00e9n que\u00a021 gigantes del sector tecnol\u00f3gico,\u00a0como Cisco Systems, Uber o HP, adem\u00e1s de a reducir sus propias emisiones, se comprometieran a desarrollar e implementar nuevas soluciones tecnol\u00f3gicas para apoyar la transici\u00f3n hacia una econom\u00eda verde.<\/p>\n<p>Los gobiernos municipales han mostrado una extraordinaria unidad frente al cambio clim\u00e1tico.\u00a027 grandes ciudades\u00a0con 56 millones de habitantes y seis billones de d\u00f3lares de PIB anunciaron que han conseguido disminuir sus emisiones un 2% cada a\u00f1o, de media, al tiempo que sus econom\u00edas crec\u00edan un 3%, de media.\u00a0Madrid y Barcelona\u00a0son dos de ellas. Tambi\u00e9n,\u00a072 ciudades con 425 millones de habitantes\u00a0han anunciado que para 2050 sus emisiones netas ser\u00e1n cero.<\/p>\n<section id=\"sumario_2|html\" class=\"sumario_html izquierda\">\n<div class=\"sumario__interior\">\n<div class=\"sumario-texto\">\n<blockquote>\n<p class=\"texto_grande\">Limitar el calentamiento global est\u00e1 todav\u00eda a nuestro alcance, pero solo si aumentamos vertiginosamente la velocidad de la acci\u00f3n clim\u00e1tica<\/p>\n<\/blockquote>\n<\/div>\n<\/div>\n<\/section>\n<p>Sin duda, esta transici\u00f3n necesita de altos niveles de inversi\u00f3n tanto privada como p\u00fablica. Por esto ha sido motivador ver como\u00a0120\u00a0inversores, reconociendo el potencial de la nueva econom\u00eda limpia, se han comprometido a liderar esta transformaci\u00f3n con mayores niveles de inversi\u00f3n verde o cancelando financiaci\u00f3n para proyectos contaminantes. En la misma direcci\u00f3n, vimos que m\u00e1s de\u00a0mil organizaciones\u00a0han decidido deshacerse de sus inversiones en sectores altamente contaminantes y dedicar ese capital a apoyar energ\u00edas limpias. Tambi\u00e9n se presentaron importantes iniciativas para\u00a0apoyar el crecimiento del mercado de los bonos\u00a0verdes, especialmente en el \u00e1mbito regional y local.<\/p>\n<p>Y, sin embargo, como dijo el cient\u00edfico Johan Rockstrom durante la apertura, estamos viviendo un momento algo esquizofr\u00e9nico. A la celebraci\u00f3n se le suma la preocupaci\u00f3n por saber si vamos a llegar a tiempo a la cita m\u00e1s importante que tiene la humanidad en este momento. Habiendo calentado el planeta ya un grado cent\u00edgrado (dos es el l\u00edmite que se considera seguro), la pregunta que surge de manera imperativa es \u00bfla velocidad actual de cambio es suficiente?<\/p>\n<p>No. Rotundamente no. Necesitamos pisar el acelerador ya. Es realmente urgente. Sabemos que las emisiones han de comenzar a disminuir paulatinamente a partir de 2020 para asegurarnos de que en 2050 consigamos neutralizarlas. Si nos retrasamos corremos dos grandes peligros: uno es desestabilizar la econom\u00eda global como consecuencia de los inevitables cambios legislativos y productivos que habr\u00edan de implementarse de una manera dr\u00e1stica; el segundo es perder la batalla contra el cambio clim\u00e1tico. No lo dicen las m\u00e1s de 4.000 personas reunidas en San Francisco,\u00a0lo dice la ciencia.<\/p>\n<p>Durante la apertura de la cumbre, Christiana Figueres, estratega detr\u00e1s del Acuerdo de Par\u00eds, y Johan Rockstrom coincidieron en que, a la velocidad de cambio actual no alcanzaremos los objetivos pactados en 2015. Limitar el calentamiento global est\u00e1 todav\u00eda a nuestro alcance, pero solo si aumentamos vertiginosamente la velocidad de la acci\u00f3n clim\u00e1tica.<\/p>\n<p>Los dos pr\u00f3ximos a\u00f1os van a ser cr\u00edticos. 2018 est\u00e1 a medio camino entre 2015, a\u00f1o en el que se firm\u00f3 el Acuerdo de Par\u00eds, y 2020, cuando los gobiernos nacionales podr\u00e1n revisar sus objetivos de reducci\u00f3n de emisiones. Los participantes de la cumbre nos demostraron que 2018 no es un a\u00f1o para descansar, sino para declarar con acciones que ciudadanos, empresarios, inversores, cient\u00edficos y pol\u00edticos a cada nivel compartimos una \u00fanica visi\u00f3n del futuro. Nuestra responsabilidad ahora es transmitir a los gobiernos nacionales de todo el mundo este mensaje para que, con convicci\u00f3n, en 2020 pongan objetivos ambiciosos sobre la mesa.<\/p>\n<p style=\"font-weight: 400;\"><strong>Fuente:<\/strong>\u00a0<em><a href=\"https:\/\/elpais.com\/elpais\/2018\/09\/19\/planeta_futuro\/1537355418_195316.html\" target=\"_blank\" rel=\"noopener noreferrer\">https:\/\/elpais.com<\/a><\/em><\/p>\n","protected":false},"excerpt":{"rendered":"<p>La\u00a0Cumbre de Acci\u00f3n Global del Clima\u00a0reuni\u00f3 este septiembre en San Francisco a m\u00e1s de 4.000 representantes de regiones; ciudades; empresas, as\u00ed como a inversores y&hellip; <\/p>\n","protected":false},"author":1,"featured_media":0,"comment_status":"closed","ping_status":"closed","sticky":false,"template":"","format":"standard","meta":[],"categories":[36,29],"tags":[],"_links":{"self":[{"href":"https:\/\/www.fie.undef.edu.ar\/ceptm\/index.php?rest_route=\/wp\/v2\/posts\/3339"}],"collection":[{"href":"https:\/\/www.fie.undef.edu.ar\/ceptm\/index.php?rest_route=\/wp\/v2\/posts"}],"about":[{"href":"https:\/\/www.fie.undef.edu.ar\/ceptm\/index.php?rest_route=\/wp\/v2\/types\/post"}],"author":[{"embeddable":true,"href":"https:\/\/www.fie.undef.edu.ar\/ceptm\/index.php?rest_route=\/wp\/v2\/users\/1"}],"replies":[{"embeddable":true,"href":"https:\/\/www.fie.undef.edu.ar\/ceptm\/index.php?rest_route=%2Fwp%2Fv2%2Fcomments&post=3339"}],"version-history":[{"count":0,"href":"https:\/\/www.fie.undef.edu.ar\/ceptm\/index.php?rest_route=\/wp\/v2\/posts\/3339\/revisions"}],"wp:attachment":[{"href":"https:\/\/www.fie.undef.edu.ar\/ceptm\/index.php?rest_route=%2Fwp%2Fv2%2Fmedia&parent=3339"}],"wp:term":[{"taxonomy":"category","embeddable":true,"href":"https:\/\/www.fie.undef.edu.ar\/ceptm\/index.php?rest_route=%2Fwp%2Fv2%2Fcategories&post=3339"},{"taxonomy":"post_tag","embeddable":true,"href":"https:\/\/www.fie.undef.edu.ar\/ceptm\/index.php?rest_route=%2Fwp%2Fv2%2Ftags&post=3339"}],"curies":[{"name":"wp","href":"https:\/\/api.w.org\/{rel}","templated":true}]}}