{"id":4314,"date":"2019-08-20T09:14:46","date_gmt":"2019-08-20T12:14:46","guid":{"rendered":"https:\/\/www.nachodelatorre.com.ar\/mosconi\/?p=4314"},"modified":"2019-08-20T09:14:46","modified_gmt":"2019-08-20T12:14:46","slug":"mismos-parametros-matematicos-para-desastres-naturales","status":"publish","type":"post","link":"https:\/\/www.fie.undef.edu.ar\/ceptm\/?p=4314","title":{"rendered":"Mismos par\u00e1metros matem\u00e1ticos para desastres naturales"},"content":{"rendered":"<p>Dos investigadores, tras analizar los datos de miles de episodios de diferente intensidad sobre distintos fen\u00f3menos, han logrado establecer con una misma t\u00e9cnica matem\u00e1tica las funciones que relacionan la frecuencia de estos fen\u00f3menos con el valor de su magnitud o tama\u00f1o. La mayor\u00eda siguen una ley de potencia, seg\u00fan la cual los eventos son m\u00e1s abundantes cuantos m\u00e1s peque\u00f1os son.\u00a0<!--more--><\/p>\n<p><strong>Si se toma nota de la magnitud de diversos fen\u00f3menos naturales catastr\u00f3ficos y se dibuja en una gr\u00e1fica cu\u00e1ntos episodios han tenido lugar de cada uno de ellos a lo largo de la historia, el resultado no es impredecible.<\/strong><\/p>\n<p>Muy al contrario, sigue una curva muy bien definida en la que, por suerte, cuanto mayor es su capacidad de devastaci\u00f3n, menor es la frecuencia con la que acontecen. Por ejemplo, muy pocos terremotos llegan a ser catastr\u00f3ficos, mientras que continuamente ocurren numerosos terremotos peque\u00f1os, la mayor\u00eda de ellos tan d\u00e9biles que pasan desapercibidos para las personas y s\u00f3lo se detectan en instrumentos muy sensibles. Tal informaci\u00f3n es fundamental para poder calcular los riesgos asociados.<\/p>\n<figure class=\"wp-block-image\"><img class=\"wp-image-76501 jetpack-lazy-image jetpack-lazy-image--handled\" src=\"http:\/\/blog.nuestroclima.com\/wp-content\/uploads\/2019\/08\/Patrones-matematicos-7-1024x576.jpg\" sizes=\"(max-width: 1024px) 100vw, 1024px\" srcset=\"http:\/\/blog.nuestroclima.com\/wp-content\/uploads\/2019\/08\/Patrones-matematicos-7-1024x576.jpg 1024w, http:\/\/blog.nuestroclima.com\/wp-content\/uploads\/2019\/08\/Patrones-matematicos-7-300x169.jpg 300w, http:\/\/blog.nuestroclima.com\/wp-content\/uploads\/2019\/08\/Patrones-matematicos-7-768x432.jpg 768w\" alt=\"\" data-attachment-id=\"76501\" data-permalink=\"http:\/\/blog.nuestroclima.com\/terremotos-huracanes-y-otros-desastres-naturales-obedecen-los-mismos-patrones-matematicos\/patrones-matematicos-7\/\" data-orig-file=\"http:\/\/blog.nuestroclima.com\/wp-content\/uploads\/2019\/08\/Patrones-matematicos-7.jpg\" data-orig-size=\"1920,1080\" data-comments-opened=\"1\" data-image-meta=\"{&quot;aperture&quot;:&quot;0&quot;,&quot;credit&quot;:&quot;&quot;,&quot;camera&quot;:&quot;&quot;,&quot;caption&quot;:&quot;&quot;,&quot;created_timestamp&quot;:&quot;0&quot;,&quot;copyright&quot;:&quot;&quot;,&quot;focal_length&quot;:&quot;0&quot;,&quot;iso&quot;:&quot;0&quot;,&quot;shutter_speed&quot;:&quot;0&quot;,&quot;title&quot;:&quot;&quot;,&quot;orientation&quot;:&quot;0&quot;}\" data-image-title=\"Patrones matematicos 7\" data-image-description=\"\" data-medium-file=\"http:\/\/blog.nuestroclima.com\/wp-content\/uploads\/2019\/08\/Patrones-matematicos-7-300x169.jpg\" data-large-file=\"http:\/\/blog.nuestroclima.com\/wp-content\/uploads\/2019\/08\/Patrones-matematicos-7-1024x576.jpg\" data-lazy-loaded=\"1\" \/><\/figure>\n<p>Sin embargo, esa dependencia no siempre es evidente ni se ajusta a la misma funci\u00f3n matem\u00e1tica, en particular por lo que a los eventos m\u00e1s grandes respecta. \u00c1lvaro Corral y \u00c1lvaro Gonz\u00e1lez, investigadores del Centre de Recerca Matem\u00e0tica (CRM) y del Departamento de Matem\u00e1ticas de la Universidad Aut\u00f3noma de Barcelona (UAB), han realizado el an\u00e1lisis estad\u00edstico m\u00e1s preciso hasta la fecha de todo un conjunto de fen\u00f3menos naturales que pueden provocar desastres: terremotos, huracanes, incendios forestales, impactos de meteoritos en la atm\u00f3sfera, lluvias torrenciales y hundimientos del suelo debidos a fen\u00f3menos k\u00e1rsticos (en los que el agua subterr\u00e1nea disuelve el terreno).<\/p>\n<p>Tras analizar los datos de miles de episodios de diferente intensidad de cada uno de estos fen\u00f3menos, estos investigadores han logrado describir con una misma t\u00e9cnica matem\u00e1tica las funciones que relacionan la frecuencia de estos fen\u00f3menos con el valor de su magnitud o tama\u00f1o. La mayor\u00eda de ellos siguen la denominada ley de potencia, seg\u00fan la cual los eventos son cada vez m\u00e1s abundantes cuanto m\u00e1s peque\u00f1os son, sin que tengan un tama\u00f1o \u201cnormal\u201d o t\u00edpico.<\/p>\n<p>Sin embargo, la frecuencia de otros fen\u00f3menos, como los incendios forestales en cada regi\u00f3n, sigue otra distribuci\u00f3n matem\u00e1tica, la llamada distribuci\u00f3n lognormal, desde los muy peque\u00f1os hasta los m\u00e1s devastadores, que llegan a quemar centenares de miles de hect\u00e1reas.<\/p>\n<p>El estudio ha permitido concretar c\u00f3mo se ajustan esas funciones en cada caso, y si siguen siendo v\u00e1lidas o no para casos l\u00edmite (por ejemplo, eventos de magnitud extremadamente grande), con el fin de describir con los mismos patrones acontecimientos de magnitudes muy diferentes y tambi\u00e9n de origen muy dispar.<\/p>\n<figure class=\"wp-block-image\"><img class=\"wp-image-67598 jetpack-lazy-image jetpack-lazy-image--handled\" src=\"http:\/\/blog.nuestroclima.com\/wp-content\/uploads\/2018\/10\/sismos-2.png\" sizes=\"(max-width: 900px) 100vw, 900px\" srcset=\"http:\/\/blog.nuestroclima.com\/wp-content\/uploads\/2018\/10\/sismos-2.png 900w, http:\/\/blog.nuestroclima.com\/wp-content\/uploads\/2018\/10\/sismos-2-300x182.png 300w, http:\/\/blog.nuestroclima.com\/wp-content\/uploads\/2018\/10\/sismos-2-768x467.png 768w, http:\/\/blog.nuestroclima.com\/wp-content\/uploads\/2018\/10\/sismos-2-400x243.png 400w, http:\/\/blog.nuestroclima.com\/wp-content\/uploads\/2018\/10\/sismos-2-494x300.png 494w\" alt=\"\" data-attachment-id=\"67598\" data-permalink=\"http:\/\/blog.nuestroclima.com\/como-funciona-la-escala-de-richter\/sismos-2-4\/\" data-orig-file=\"http:\/\/blog.nuestroclima.com\/wp-content\/uploads\/2018\/10\/sismos-2.png\" data-orig-size=\"900,547\" data-comments-opened=\"1\" data-image-meta=\"{&quot;aperture&quot;:&quot;0&quot;,&quot;credit&quot;:&quot;&quot;,&quot;camera&quot;:&quot;&quot;,&quot;caption&quot;:&quot;&quot;,&quot;created_timestamp&quot;:&quot;0&quot;,&quot;copyright&quot;:&quot;&quot;,&quot;focal_length&quot;:&quot;0&quot;,&quot;iso&quot;:&quot;0&quot;,&quot;shutter_speed&quot;:&quot;0&quot;,&quot;title&quot;:&quot;&quot;,&quot;orientation&quot;:&quot;0&quot;}\" data-image-title=\"sismos 2\" data-image-description=\"\" data-medium-file=\"http:\/\/blog.nuestroclima.com\/wp-content\/uploads\/2018\/10\/sismos-2-300x182.png\" data-large-file=\"http:\/\/blog.nuestroclima.com\/wp-content\/uploads\/2018\/10\/sismos-2.png\" data-lazy-loaded=\"1\" \/><\/figure>\n<p>\u201cGracias a este estudio se podr\u00e1n mejorar las estimaciones de riesgo de eventos catastr\u00f3ficos en diferentes zonas del mundo, seg\u00fan el registro hist\u00f3rico de cada regi\u00f3n\u201d, afirma \u00c1lvaro Corral.<\/p>\n<p>Los cient\u00edficos consideran remarcable el hecho de que fen\u00f3menos de naturaleza tan diversa obedezcan la distribuci\u00f3n de ley de potencia. Para Corral, \u201cexisten interpretaciones de que esto sucede siempre que el fen\u00f3meno acontezca siguiendo un comportamiento llamado \u2018en avalancha\u2019, liberando r\u00e1pidamente energ\u00eda que se ha ido acumulando a lo largo del tiempo, pero todav\u00eda queda mucho por investigar en este terreno.\u201d<\/p>\n<p>Por ejemplo, los incendios forestales ser\u00edan una excepci\u00f3n a esa regla, pues tambi\u00e9n pueden ser descritos como \u201cavalanchas\u201d de liberaci\u00f3n repentina de la energ\u00eda que se hab\u00eda acumulado en forma de biomasa. \u201cNo sabemos en detalle por qu\u00e9 algunos fen\u00f3menos \u2018en avalancha\u2019 siguen la distribuci\u00f3n lognormal, y de hecho este hallazgo contradice investigaciones previas. Son necesarios mejores modelos f\u00edsicos para explicar las magnitudes que alcanzan estos procesos\u201d, reflexionan los autores.<\/p>\n<p>La investigaci\u00f3n, publicada recientemente en la revista Earth and Space Science, ha sido llevada a cabo por \u00c1lvaro Corral, investigador del Centre de Recerca Matem\u00e0tica (CRM) y del Departamento de Matem\u00e1ticas de la UAB, de la Barcelona Graduate School of Mathematics y del Complexity Science Hub de Viena en Austria, junto a \u00c1lvaro Gonz\u00e1lez, del Centre de Recerca Matem\u00e1tica (CRM).<\/p>\n<figure class=\"wp-block-image\"><img class=\"wp-image-76500 jetpack-lazy-image jetpack-lazy-image--handled\" src=\"http:\/\/blog.nuestroclima.com\/wp-content\/uploads\/2019\/08\/Patrones-matematicos-2.jpg\" sizes=\"(max-width: 1000px) 100vw, 1000px\" srcset=\"http:\/\/blog.nuestroclima.com\/wp-content\/uploads\/2019\/08\/Patrones-matematicos-2.jpg 1000w, http:\/\/blog.nuestroclima.com\/wp-content\/uploads\/2019\/08\/Patrones-matematicos-2-300x200.jpg 300w, http:\/\/blog.nuestroclima.com\/wp-content\/uploads\/2019\/08\/Patrones-matematicos-2-768x511.jpg 768w\" alt=\"\" data-attachment-id=\"76500\" data-permalink=\"http:\/\/blog.nuestroclima.com\/terremotos-huracanes-y-otros-desastres-naturales-obedecen-los-mismos-patrones-matematicos\/patrones-matematicos-2\/\" data-orig-file=\"http:\/\/blog.nuestroclima.com\/wp-content\/uploads\/2019\/08\/Patrones-matematicos-2.jpg\" data-orig-size=\"1000,666\" data-comments-opened=\"1\" data-image-meta=\"{&quot;aperture&quot;:&quot;0&quot;,&quot;credit&quot;:&quot;&quot;,&quot;camera&quot;:&quot;&quot;,&quot;caption&quot;:&quot;&quot;,&quot;created_timestamp&quot;:&quot;0&quot;,&quot;copyright&quot;:&quot;&quot;,&quot;focal_length&quot;:&quot;0&quot;,&quot;iso&quot;:&quot;0&quot;,&quot;shutter_speed&quot;:&quot;0&quot;,&quot;title&quot;:&quot;&quot;,&quot;orientation&quot;:&quot;0&quot;}\" data-image-title=\"Patrones matematicos 2\" data-image-description=\"\" data-medium-file=\"http:\/\/blog.nuestroclima.com\/wp-content\/uploads\/2019\/08\/Patrones-matematicos-2-300x200.jpg\" data-large-file=\"http:\/\/blog.nuestroclima.com\/wp-content\/uploads\/2019\/08\/Patrones-matematicos-2.jpg\" data-lazy-loaded=\"1\" \/><\/figure>\n<p><strong>Fuente:<\/strong>\u00a0<em><a href=\"http:\/\/blog.nuestroclima.com\/terremotos-huracanes-y-otros-desastres-naturales-obedecen-los-mismos-patrones-matematicos\/\" target=\"_blank\" rel=\"noopener noreferrer\">http:\/\/blog.nuestroclima.com<\/a><\/em><\/p>\n","protected":false},"excerpt":{"rendered":"<p>Dos investigadores, tras analizar los datos de miles de episodios de diferente intensidad sobre distintos fen\u00f3menos, han logrado establecer con una misma t\u00e9cnica matem\u00e1tica las&hellip; <\/p>\n","protected":false},"author":1,"featured_media":0,"comment_status":"closed","ping_status":"closed","sticky":false,"template":"","format":"standard","meta":[],"categories":[36,29],"tags":[],"_links":{"self":[{"href":"https:\/\/www.fie.undef.edu.ar\/ceptm\/index.php?rest_route=\/wp\/v2\/posts\/4314"}],"collection":[{"href":"https:\/\/www.fie.undef.edu.ar\/ceptm\/index.php?rest_route=\/wp\/v2\/posts"}],"about":[{"href":"https:\/\/www.fie.undef.edu.ar\/ceptm\/index.php?rest_route=\/wp\/v2\/types\/post"}],"author":[{"embeddable":true,"href":"https:\/\/www.fie.undef.edu.ar\/ceptm\/index.php?rest_route=\/wp\/v2\/users\/1"}],"replies":[{"embeddable":true,"href":"https:\/\/www.fie.undef.edu.ar\/ceptm\/index.php?rest_route=%2Fwp%2Fv2%2Fcomments&post=4314"}],"version-history":[{"count":0,"href":"https:\/\/www.fie.undef.edu.ar\/ceptm\/index.php?rest_route=\/wp\/v2\/posts\/4314\/revisions"}],"wp:attachment":[{"href":"https:\/\/www.fie.undef.edu.ar\/ceptm\/index.php?rest_route=%2Fwp%2Fv2%2Fmedia&parent=4314"}],"wp:term":[{"taxonomy":"category","embeddable":true,"href":"https:\/\/www.fie.undef.edu.ar\/ceptm\/index.php?rest_route=%2Fwp%2Fv2%2Fcategories&post=4314"},{"taxonomy":"post_tag","embeddable":true,"href":"https:\/\/www.fie.undef.edu.ar\/ceptm\/index.php?rest_route=%2Fwp%2Fv2%2Ftags&post=4314"}],"curies":[{"name":"wp","href":"https:\/\/api.w.org\/{rel}","templated":true}]}}