{"id":9299,"date":"2022-01-28T08:57:20","date_gmt":"2022-01-28T11:57:20","guid":{"rendered":"https:\/\/www.fie.undef.edu.ar\/ceptm\/?p=9299"},"modified":"2022-01-28T08:57:20","modified_gmt":"2022-01-28T11:57:20","slug":"corea-del-norte-confirma-lanzamiento-de-prueba-de-dos-misiles-balisticos-tacticos","status":"publish","type":"post","link":"https:\/\/www.fie.undef.edu.ar\/ceptm\/?p=9299","title":{"rendered":"Corea del Norte confirma lanzamiento de prueba de dos misiles bal\u00edsticos t\u00e1cticos"},"content":{"rendered":"<p>Siguiendo con su ambicioso programa de desarrollo misil\u00edstico, que durante los \u00faltimos meses di\u00f3 lugar a numerosos ensayos, la Rep\u00fablica Popular Democr\u00e1tica de Corea (RPDC) ha confirmado que prob\u00f3 dos misiles bal\u00edsticos de empleo t\u00e1ctico el 17Ene22. Estos lanzamientos de ensayo, se llevaron a cabo como parte de un plan de la &#8220;Academia de Ciencias de la Defensa, la Segunda Comisi\u00f3n de Econom\u00eda y otras instituciones&#8221;.\u00a0Los misiles alcanzaron una isla objetivo, ubicada en el Mar Oriental de Corea, lo cual obviamente\u00a0gener\u00f3 alarma entre pa\u00edses de la regi\u00f3n como Jap\u00f3n y Corea del Sur.<\/p>\n<hr \/>\n<p>The Democratic People\u2019s Republic of Korea (DPRK) has confirmed that it test-fired two tactical guided missiles on 17 January.<\/p>\n<p>State-run Korean Central News Agency (KCNA)\u00a0<a href=\"https:\/\/kcnawatch.org\/newstream\/1642457099-150183905\/test-fire-of-tactical-guided-missiles-held\/\" target=\"_blank\" rel=\"noopener\">reported<\/a>\u00a0on 18 January that the test-firings were carried out as part of a plan by the \u201cAcademy of Defence Science, the Second Economy Commission and other institutions\u201d.<\/p>\n<p>It was intended to \u201cselectively evaluate tactical guided missiles being produced and deployed\u201d and to assess the accuracy of the weapons.<\/p>\n<p>The missiles were launched from the western area of North Korea. This latest firing is the fourth missile test carried out by North Korea this month.<\/p>\n<p>The news agency also said that \u201cthe Academy of Defence Science confirmed the accuracy, security and efficiency of the operation of the weapon system under production\u201d.<\/p>\n<p>The North Korean launches were detected by both Japan and South Korea.<\/p>\n<p>Condemning the firings, Japan chief cabinet secretary Hirokazu Matsuno said: \u201cWe strongly condemn the series of North Korean actions, including the repeated launches of ballistic missiles, that threaten the peace and security of Japan and the region, and the international community.\u201d<\/p>\n<p>Earlier this year,\u00a0<a href=\"https:\/\/www.army-technology.com\/news\/north-korea-hypersonic-missile-test\/\" target=\"_blank\" rel=\"noopener\">North Korea reportedly test-fired a hypersonic missile<\/a>.<\/p>\n<p>Last week, the US Department of the Treasury\u2019s Office of Foreign Assets Control (OFAC) announced sanctions on five DPRK individuals.<\/p>\n<p>According to OFAC, the targeted individuals are said to be involved in supporting the DPRK\u2019s weapons of mass destruction and ballistic missile-related programmes.<\/p>\n<p><strong>Fuente:<\/strong> <a href=\"https:\/\/www.army-technology.com\/news\/north-korea-confirms-test-firing\/\" target=\"_blank\" rel=\"noopener\"><em>https:\/\/www.army-technology.com<\/em><\/a><\/p>\n","protected":false},"excerpt":{"rendered":"<p>Siguiendo con su ambicioso programa de desarrollo misil\u00edstico, que durante los \u00faltimos meses di\u00f3 lugar a numerosos ensayos, la Rep\u00fablica Popular Democr\u00e1tica de Corea (RPDC)&hellip; <\/p>\n","protected":false},"author":1,"featured_media":9300,"comment_status":"closed","ping_status":"closed","sticky":false,"template":"","format":"standard","meta":[],"categories":[18],"tags":[],"_links":{"self":[{"href":"https:\/\/www.fie.undef.edu.ar\/ceptm\/index.php?rest_route=\/wp\/v2\/posts\/9299"}],"collection":[{"href":"https:\/\/www.fie.undef.edu.ar\/ceptm\/index.php?rest_route=\/wp\/v2\/posts"}],"about":[{"href":"https:\/\/www.fie.undef.edu.ar\/ceptm\/index.php?rest_route=\/wp\/v2\/types\/post"}],"author":[{"embeddable":true,"href":"https:\/\/www.fie.undef.edu.ar\/ceptm\/index.php?rest_route=\/wp\/v2\/users\/1"}],"replies":[{"embeddable":true,"href":"https:\/\/www.fie.undef.edu.ar\/ceptm\/index.php?rest_route=%2Fwp%2Fv2%2Fcomments&post=9299"}],"version-history":[{"count":1,"href":"https:\/\/www.fie.undef.edu.ar\/ceptm\/index.php?rest_route=\/wp\/v2\/posts\/9299\/revisions"}],"predecessor-version":[{"id":9301,"href":"https:\/\/www.fie.undef.edu.ar\/ceptm\/index.php?rest_route=\/wp\/v2\/posts\/9299\/revisions\/9301"}],"wp:featuredmedia":[{"embeddable":true,"href":"https:\/\/www.fie.undef.edu.ar\/ceptm\/index.php?rest_route=\/wp\/v2\/media\/9300"}],"wp:attachment":[{"href":"https:\/\/www.fie.undef.edu.ar\/ceptm\/index.php?rest_route=%2Fwp%2Fv2%2Fmedia&parent=9299"}],"wp:term":[{"taxonomy":"category","embeddable":true,"href":"https:\/\/www.fie.undef.edu.ar\/ceptm\/index.php?rest_route=%2Fwp%2Fv2%2Fcategories&post=9299"},{"taxonomy":"post_tag","embeddable":true,"href":"https:\/\/www.fie.undef.edu.ar\/ceptm\/index.php?rest_route=%2Fwp%2Fv2%2Ftags&post=9299"}],"curies":[{"name":"wp","href":"https:\/\/api.w.org\/{rel}","templated":true}]}}