{"id":9317,"date":"2022-01-28T09:23:29","date_gmt":"2022-01-28T12:23:29","guid":{"rendered":"https:\/\/www.fie.undef.edu.ar\/ceptm\/?p=9317"},"modified":"2022-01-28T09:23:29","modified_gmt":"2022-01-28T12:23:29","slug":"el-sindrome-de-kessler-la-nueva-amenaza-luego-del-covid","status":"publish","type":"post","link":"https:\/\/www.fie.undef.edu.ar\/ceptm\/?p=9317","title":{"rendered":"El s\u00edndrome de Kessler, la nueva amenaza luego del COVID"},"content":{"rendered":"<p>El nombre proviene del cient\u00edfico de la NASA , el\u00a0estadounidense\u00a0Donald Kessler, que lo expres\u00f3 por primera vez en 1991, y hace referencia a una probable\u00a0reacci\u00f3n en cadena\u00a0debida a\u00a0la colisi\u00f3n de\u00a0fragmentos de desechos\u00a0que ya se encuentran en el espacio ultraterrestre.\u00a0Esto, a su vez, generar\u00eda a\u00fan m\u00e1s fragmentos, lo que podr\u00eda significar la\u00a0destrucci\u00f3n\u00a0de todos los sat\u00e9lites artificiales que orbitan a la Tierra e\u00a0impedir la salida al espacio de nuevas naves.\u00a0Mientras que el n\u00famero de sat\u00e9lites en \u00f3rbita crece y los viejos sat\u00e9lites se acumulan, el riesgo de este\u00a0efecto domin\u00f3\u00a0se hace cada vez\u00a0mayor. Para comprender el S\u00edndrome de Kessler es necesario entender qu\u00e9 sucede a miles de kil\u00f3metros de la Tierra. All\u00ed, los expertos de la Agencia Espacial Europea (ESA)\u00a0calculan que\u00a0hay unos 129 millones de fragmentos de residuos dando vueltas alrededor del planeta.\u00a0De ese total, alrededor de 34 mil miden, al menos, 4 pulgadas de ancho (unos 10 cent\u00edmetros).<\/p>\n<hr \/>\n<p>El mundo a\u00fan no super\u00f3 el\u00a0<a class=\"slug\" title=\"coronavirus\" href=\"https:\/\/www.clarin.com\/tema\/coronavirus.html\" target=\"_blank\" rel=\"noopener\">coronavirus<\/a>: los rebrotes comenzaron a aparecer en varios pa\u00edses y la vacuna, seg\u00fan las predicciones m\u00e1s optimistas, reci\u00e9n estar\u00eda\u00a0disponible para el a\u00f1o que viene. Sin embargo, una<strong>\u00a0nueva amenaza\u00a0<\/strong>aparece en el horizonte de todos:<strong>\u00a0el S\u00edndrome de Kessler.<\/strong><\/p>\n<p>\u00bfDe qu\u00e9 se trata esto? Para comprenderlo no hay que mirar hacia los costados, sino hacia arriba: es un peligro que se encuentra nada m\u00e1s y nada menos que en el\u00a0<strong>espacio\u00a0<\/strong>y que podr\u00eda afectar la vida tal como la conocemos.<\/p>\n<p>Su nombre proviene del cient\u00edfico estadounidense de la NASA\u00a0<strong>Donald Kessler<\/strong>, que lo acu\u00f1\u00f3 por primera vez en 1991, y hace referencia a una posible\u00a0<strong>reacci\u00f3n en cadena\u00a0<\/strong>producida por la colisi\u00f3n de<strong>\u00a0fragmentos de desechos\u00a0<\/strong>que ya se encuentran en el espacio.<\/p>\n<figure id=\"attachment_9319\" aria-describedby=\"caption-attachment-9319\" style=\"width: 720px\" class=\"wp-caption aligncenter\"><img loading=\"lazy\" class=\"size-full wp-image-9319\" src=\"https:\/\/www.fie.undef.edu.ar\/ceptm\/wp-content\/uploads\/2022\/01\/el-sindrome-de-kessler-una___uf3VNPKkx_720x0__1.jpg\" alt=\"\" width=\"720\" height=\"480\" srcset=\"https:\/\/www.fie.undef.edu.ar\/ceptm\/wp-content\/uploads\/2022\/01\/el-sindrome-de-kessler-una___uf3VNPKkx_720x0__1.jpg 720w, https:\/\/www.fie.undef.edu.ar\/ceptm\/wp-content\/uploads\/2022\/01\/el-sindrome-de-kessler-una___uf3VNPKkx_720x0__1-300x200.jpg 300w\" sizes=\"(max-width: 720px) 100vw, 720px\" \/><figcaption id=\"caption-attachment-9319\" class=\"wp-caption-text\">El S\u00edndrome de Kessler, una amenaza para todo el planeta.<\/figcaption><\/figure>\n<p>Esto, a su vez, generar\u00eda a\u00fan m\u00e1s fragmentos, lo que podr\u00eda significar la\u00a0<strong>destrucci\u00f3n\u00a0<\/strong>de todos los sat\u00e9lites artificiales que orbitan a la Tierra e<strong>\u00a0impedir la salida al espacio de nuevas naves.<\/strong>\u00a0Mientras que el n\u00famero de sat\u00e9lites en \u00f3rbita crece y los viejos sat\u00e9lites se acumulan, el riesgo de este<strong>\u00a0efecto domin\u00f3\u00a0<\/strong>se hace cada vez\u00a0mayor.<\/p>\n<p><strong>El gran problema de la basura espacial<\/strong><\/p>\n<p>Para comprender el S\u00edndrome de Kessler es necesario entender qu\u00e9 sucede a miles de kil\u00f3metros de la Tierra. All\u00ed, los expertos de la Agencia Espacial Europea (ESA)\u00a0calculan que<strong>\u00a0hay unos 129 millones de fragmentos de residuos dan vueltas alrededor del planeta.\u00a0<\/strong>De ese total, alrededor de 34 mil miden, al menos, 4 pulgadas de ancho (unos 10 cent\u00edmetros).<\/p>\n<figure id=\"attachment_9320\" aria-describedby=\"caption-attachment-9320\" style=\"width: 720px\" class=\"wp-caption aligncenter\"><img loading=\"lazy\" class=\"size-full wp-image-9320\" src=\"https:\/\/www.fie.undef.edu.ar\/ceptm\/wp-content\/uploads\/2022\/01\/se-calcula-que-hay-unos___Hkgz8hQ0g_720x0.jpg\" alt=\"\" width=\"720\" height=\"639\" srcset=\"https:\/\/www.fie.undef.edu.ar\/ceptm\/wp-content\/uploads\/2022\/01\/se-calcula-que-hay-unos___Hkgz8hQ0g_720x0.jpg 720w, https:\/\/www.fie.undef.edu.ar\/ceptm\/wp-content\/uploads\/2022\/01\/se-calcula-que-hay-unos___Hkgz8hQ0g_720x0-300x266.jpg 300w\" sizes=\"(max-width: 720px) 100vw, 720px\" \/><figcaption id=\"caption-attachment-9320\" class=\"wp-caption-text\">Se calcula que hay unos 129 millones de fragmentos de residuos dan vueltas alrededor del planeta. Foto: DPA<\/figcaption><\/figure>\n<p>M\u00e1s: se cree que hay unos 166.000 millones de fragmentos de basura de entre un mil\u00edmetro y un cent\u00edmetro.<strong>\u00a0&#8220;Los fragmentos peque\u00f1os tambi\u00e9n son peligrosos&#8221;<\/strong>, explic\u00f3 Holger Krag, uno de los cient\u00edficos de m\u00e1s renombre de ESA.<\/p>\n<p>Por su parte, el astrof\u00edsico estadounidense Jonathan McDowell estima que hay\u00a0<strong>casi 7.200 toneladas de basura espacial.\u00a0<\/strong>La mitad de esos objetos corresponde a restos de sondas y cohetes fabricados y lanzados por su pa\u00eds de origen.<\/p>\n<figure id=\"attachment_9321\" aria-describedby=\"caption-attachment-9321\" style=\"width: 720px\" class=\"wp-caption aligncenter\"><img loading=\"lazy\" class=\"size-full wp-image-9321\" src=\"https:\/\/www.fie.undef.edu.ar\/ceptm\/wp-content\/uploads\/2022\/01\/se-estima-que-hay-casi___hNKCH2UYP_720x0__1.jpg\" alt=\"\" width=\"720\" height=\"560\" srcset=\"https:\/\/www.fie.undef.edu.ar\/ceptm\/wp-content\/uploads\/2022\/01\/se-estima-que-hay-casi___hNKCH2UYP_720x0__1.jpg 720w, https:\/\/www.fie.undef.edu.ar\/ceptm\/wp-content\/uploads\/2022\/01\/se-estima-que-hay-casi___hNKCH2UYP_720x0__1-300x233.jpg 300w\" sizes=\"(max-width: 720px) 100vw, 720px\" \/><figcaption id=\"caption-attachment-9321\" class=\"wp-caption-text\">Se estima que hay casi 7.200 toneladas de basura espacial. Foto: DPA<\/figcaption><\/figure>\n<p>Pero el problema no termina all\u00ed:\u00a0<a href=\"https:\/\/www.clarin.com\/internacional\/peligro-espacio-75-desechos-orbitan-tierra-identificados_0_al4yyS984.html\" target=\"_blank\" rel=\"noopener\">m\u00e1s del 75% de estos desechos ni siquiera est\u00e1n identificados<\/a>. Todos ellos est\u00e1n ubicados en<strong>\u00a0\u00f3rbita geos\u00edncrona,\u00a0<\/strong>precisamente donde se concentran los sat\u00e9lites de telecomunicaciones.<\/p>\n<p>El a\u00f1o pasado hasta la\u00a0<a class=\"slug\" title=\"estacion-espacial-internacional\" href=\"https:\/\/www.clarin.com\/tema\/estacion-espacial-internacional.html\" target=\"_blank\" rel=\"noopener\">Estaci\u00f3n Espacial Internacional<\/a>\u00a0estuvo en alerta: tras un ensayo de un misil antisat\u00e9lites realizado por la India, la<strong>\u00a0probabilidad de un impacto de basura especial<\/strong>\u00a0se increment\u00f3 en un 5%.<\/p>\n<figure id=\"attachment_9322\" aria-describedby=\"caption-attachment-9322\" style=\"width: 720px\" class=\"wp-caption aligncenter\"><img loading=\"lazy\" class=\"size-full wp-image-9322\" src=\"https:\/\/www.fie.undef.edu.ar\/ceptm\/wp-content\/uploads\/2022\/01\/la-estacion-espacial-internacional-estuvo___zsLIFa7wB_720x0__1.jpg\" alt=\"\" width=\"720\" height=\"540\" srcset=\"https:\/\/www.fie.undef.edu.ar\/ceptm\/wp-content\/uploads\/2022\/01\/la-estacion-espacial-internacional-estuvo___zsLIFa7wB_720x0__1.jpg 720w, https:\/\/www.fie.undef.edu.ar\/ceptm\/wp-content\/uploads\/2022\/01\/la-estacion-espacial-internacional-estuvo___zsLIFa7wB_720x0__1-300x225.jpg 300w\" sizes=\"(max-width: 720px) 100vw, 720px\" \/><figcaption id=\"caption-attachment-9322\" class=\"wp-caption-text\">La Estaci\u00f3n Espacial Internacional estuvo en alerta en 2019. Foto: EFE<\/figcaption><\/figure>\n<p>&#8220;Es posible que ya hayamos cruzado en cierto sentido la frontera en la que\u00a0<strong>superpoblamos el espacio circunterrestre<\/strong>\u00a0al punto en que ya tiene vida propia y se convierte en una especie de escudo que\u00a0<strong>no permitir\u00e1 realizar investigaciones espaciales en el futuro<\/strong>&#8220;, alert\u00f3 en aquel momento\u00a0Boris Shustov, director del Instituto de Astronom\u00eda de la Academia de Ciencias de Rusia.<\/p>\n<p><strong>El plan de la NASA<\/strong><\/p>\n<p>Lejos de quedarse con los brazos cruzados, las diferentes agencias espaciales del planeta\u00a0<a href=\"https:\/\/www.clarin.com\/internacional\/nasa-funciona-nave-limpiara-basura-espacial_0_Z6pMrvKgT.html\" target=\"_blank\" rel=\"noopener\" data-cke-saved-href=\"https:\/\/www.clarin.com\/internacional\/nasa-funciona-nave-limpiara-basura-espacial_0_Z6pMrvKgT.html\">ya contemplan esta amenaza<\/a>\u00a0y<strong>\u00a0buscan soluciones.<\/strong><\/p>\n<p>La\u00a0<a class=\"slug\" title=\"nasa\" href=\"https:\/\/www.clarin.com\/tema\/nasa.html\" target=\"_blank\" rel=\"noopener\">NASA<\/a>, por ejemplo, est\u00e1 desarrollando un\u00a0<strong>sofisticado aparato<\/strong>, dise\u00f1ado especialmente para recoger y retirar de orbita los residuos diseminados en el espacio.<\/p>\n<figure id=\"attachment_9323\" aria-describedby=\"caption-attachment-9323\" style=\"width: 720px\" class=\"wp-caption aligncenter\"><img loading=\"lazy\" class=\"size-full wp-image-9323\" src=\"https:\/\/www.fie.undef.edu.ar\/ceptm\/wp-content\/uploads\/2022\/01\/oscar-el-plan-de-la___wS_vaD0pZ_720x0__1.jpg\" alt=\"\" width=\"720\" height=\"540\" srcset=\"https:\/\/www.fie.undef.edu.ar\/ceptm\/wp-content\/uploads\/2022\/01\/oscar-el-plan-de-la___wS_vaD0pZ_720x0__1.jpg 720w, https:\/\/www.fie.undef.edu.ar\/ceptm\/wp-content\/uploads\/2022\/01\/oscar-el-plan-de-la___wS_vaD0pZ_720x0__1-300x225.jpg 300w\" sizes=\"(max-width: 720px) 100vw, 720px\" \/><figcaption id=\"caption-attachment-9323\" class=\"wp-caption-text\">&#8220;OSCAR&#8221;, el plan de la NASA para capturar la basura espacial.<\/figcaption><\/figure>\n<p>Seg\u00fan explica un art\u00edculo publicado por el sitio web &#8220;Space&#8221;, Captura y Eliminaci\u00f3n de Naves Obsoletas (<em>OSCAR<\/em>, seg\u00fan su sigla en ingl\u00e9s) llevar\u00e1<strong>\u00a0redes y amarras a bordo\u00a0<\/strong>y trabajar\u00e1 en forma aut\u00f3noma, con una m\u00ednima orientaci\u00f3n por parte de controladores desde la Tierra.<\/p>\n<p><strong>&#8220;Le decimos a Oscar qu\u00e9 hacer y luego tenemos que confiar en ello&#8221;<\/strong>, se\u00f1al\u00f3 el l\u00edder del proyecto, Kurt Anderson, profesor de Ingenier\u00eda Mec\u00e1nica, Aeroespacial y Nuclear del Instituto Polit\u00e9cnico Rensselaer, con sede en Nueva York, Estados Unidos.<\/p>\n<div class=\"sp__Normal\">\n<div class=\"image-embeb image-trigger pointer\" data-index=\"1\"><picture><source srcset=\"https:\/\/www.clarin.com\/img\/2020\/09\/10\/el-sindrome-de-kessler-una___uf3VNPKkx_720x0__1.jpg\" media=\"(min-width: 720px)\" \/><\/picture><\/div>\n<div data-index=\"1\"><strong>Fuente:<\/strong> <a href=\"https:\/\/www.clarin.com\/internacional\/sindrome-kessler-nueva-amenaza-pone-riesgo-planeta-coronavirus_0_zphF6xDSi.html\" target=\"_blank\" rel=\"noopener\"><em>https:\/\/www.clarin.com<\/em><\/a><\/div>\n<\/div>\n","protected":false},"excerpt":{"rendered":"<p>El nombre proviene del cient\u00edfico de la NASA , el\u00a0estadounidense\u00a0Donald Kessler, que lo expres\u00f3 por primera vez en 1991, y hace referencia a una probable\u00a0reacci\u00f3n&hellip; <\/p>\n","protected":false},"author":1,"featured_media":9318,"comment_status":"closed","ping_status":"closed","sticky":false,"template":"","format":"standard","meta":[],"categories":[36,28],"tags":[],"_links":{"self":[{"href":"https:\/\/www.fie.undef.edu.ar\/ceptm\/index.php?rest_route=\/wp\/v2\/posts\/9317"}],"collection":[{"href":"https:\/\/www.fie.undef.edu.ar\/ceptm\/index.php?rest_route=\/wp\/v2\/posts"}],"about":[{"href":"https:\/\/www.fie.undef.edu.ar\/ceptm\/index.php?rest_route=\/wp\/v2\/types\/post"}],"author":[{"embeddable":true,"href":"https:\/\/www.fie.undef.edu.ar\/ceptm\/index.php?rest_route=\/wp\/v2\/users\/1"}],"replies":[{"embeddable":true,"href":"https:\/\/www.fie.undef.edu.ar\/ceptm\/index.php?rest_route=%2Fwp%2Fv2%2Fcomments&post=9317"}],"version-history":[{"count":1,"href":"https:\/\/www.fie.undef.edu.ar\/ceptm\/index.php?rest_route=\/wp\/v2\/posts\/9317\/revisions"}],"predecessor-version":[{"id":9324,"href":"https:\/\/www.fie.undef.edu.ar\/ceptm\/index.php?rest_route=\/wp\/v2\/posts\/9317\/revisions\/9324"}],"wp:featuredmedia":[{"embeddable":true,"href":"https:\/\/www.fie.undef.edu.ar\/ceptm\/index.php?rest_route=\/wp\/v2\/media\/9318"}],"wp:attachment":[{"href":"https:\/\/www.fie.undef.edu.ar\/ceptm\/index.php?rest_route=%2Fwp%2Fv2%2Fmedia&parent=9317"}],"wp:term":[{"taxonomy":"category","embeddable":true,"href":"https:\/\/www.fie.undef.edu.ar\/ceptm\/index.php?rest_route=%2Fwp%2Fv2%2Fcategories&post=9317"},{"taxonomy":"post_tag","embeddable":true,"href":"https:\/\/www.fie.undef.edu.ar\/ceptm\/index.php?rest_route=%2Fwp%2Fv2%2Ftags&post=9317"}],"curies":[{"name":"wp","href":"https:\/\/api.w.org\/{rel}","templated":true}]}}